{"id":797,"date":"2020-03-04T08:30:06","date_gmt":"2020-03-04T07:30:06","guid":{"rendered":"https:\/\/www.monpackaging.com\/blog\/?p=797"},"modified":"2020-10-21T18:48:59","modified_gmt":"2020-10-21T16:48:59","slug":"reussir-creation-design-packaging","status":"publish","type":"post","link":"https:\/\/www.monpackaging.com\/blog\/reussir-creation-design-packaging\/","title":{"rendered":"R\u00e9ussir la cr\u00e9ation et le design de son packaging"},"content":{"rendered":"<p style=\"text-align: justify;\"><span style=\"font-weight: 400;\">R\u00e9ussir la cr\u00e9ation et le design de son packaging, un objectif que l&rsquo;on r\u00eave tous d&rsquo;atteindre !\u00a0<\/span><\/p>\n<p style=\"text-align: justify;\">Il faut dire que les dimensions pratique et esth\u00e9tique sont devenus fondamentales. Quel que soit le secteur concern\u00e9, l&rsquo;efficacit\u00e9 visuelle du packaging importe au moins autant que les valeurs d&rsquo;une marque, ou les saveurs du produit propos\u00e9.<\/p>\n<p style=\"text-align: justify;\">Mais alors, comment tirer parti de cet atout incontournable ? Suivez le guide et d\u00e9marquez-vous de la concurrence une bonne fois pour toutes !<\/p>\n<p>&nbsp;<\/p>\n<h2>La fonction strat\u00e9gique du design<\/h2>\n<p style=\"text-align: justify;\">Le design doit r\u00e9sider au c\u0153ur de toute strat\u00e9gie marketing. Par design, on entend g\u00e9n\u00e9ralement les motifs et les couleurs mais il peut tout aussi bien s&rsquo;agir des volumes, des mat\u00e9riaux et de toutes les finitions gr\u00e2ce auxquelles le consommateur se repr\u00e9sentera le produit.<\/p>\n<p style=\"text-align: justify;\"><span style=\"font-weight: 400;\">Car en terme de <a href=\"https:\/\/www.monpackaging.com\/blog\/comment-packaging-influence-consommateur\/\">packaging<\/a>, tout est question de repr\u00e9sentation. Et la premi\u00e8re impression que se fera un client potentiel de votre produit sera durable dans le temps.\u00a0<\/span><\/p>\n<p>&nbsp;<\/p>\n<figure id=\"attachment_827\" aria-describedby=\"caption-attachment-827\" style=\"width: 687px\" class=\"wp-caption aligncenter\"><img decoding=\"async\" loading=\"lazy\" class=\" wp-image-827\" src=\"https:\/\/www.monpackaging.com\/blog\/wp-content\/uploads\/2020\/03\/La-fonction-strat\u00e9gique-du-design-300x200.jpg\" alt=\"La fonction strat\u00e9gique du design\" width=\"687\" height=\"458\" srcset=\"https:\/\/www.monpackaging.com\/blog\/wp-content\/uploads\/2020\/03\/La-fonction-strat\u00e9gique-du-design-300x200.jpg 300w, https:\/\/www.monpackaging.com\/blog\/wp-content\/uploads\/2020\/03\/La-fonction-strat\u00e9gique-du-design-768x512.jpg 768w, https:\/\/www.monpackaging.com\/blog\/wp-content\/uploads\/2020\/03\/La-fonction-strat\u00e9gique-du-design.jpg 800w\" sizes=\"(max-width: 687px) 100vw, 687px\" \/><figcaption id=\"caption-attachment-827\" class=\"wp-caption-text\">La fonction strat\u00e9gique du design<\/figcaption><\/figure>\n<p>&nbsp;<\/p>\n<p style=\"text-align: justify;\">Aussi, r\u00e9ussir la cr\u00e9ation et le design de son packaging n&rsquo;implique pas un seulement un travail des graphismes mais une <strong>vraie vision globale o\u00f9 chaque prise de d\u00e9cision aura une finalit\u00e9.<\/strong><\/p>\n<p style=\"text-align: justify;\">\u00c0 terme, le packaging fini devra \u00eatre au service \u00e0 la fois du consommateur et de la marque. Deux entit\u00e9s distinctes capables de se retrouver et de se lier autour d&rsquo;un \u00e9l\u00e9ment-cl\u00e9 essentiel : le design.\u00a0<\/p>\n<p>&nbsp;<\/p>\n<h2>La morphologie de mon packaging<\/h2>\n<p style=\"text-align: justify;\">Contenir, prot\u00e9ger, faciliter l&rsquo;utilisation, r\u00e9ussir la cr\u00e9ation et le <a href=\"https:\/\/www.monpackaging.com\/blog\/packaging-processus-design\/\">design<\/a> de son packaging passe par le choix d&rsquo;une forme adapt\u00e9e. Avec les couleurs, elle est l&rsquo;un des principaux axes de lecture.<\/p>\n<p style=\"text-align: justify;\">Elle permettra aussi d&rsquo;informer sur la nature du produit et de <strong>rendre reconnaissable la marque parmi des dizaines d&rsquo;autres r\u00e9f\u00e9rences.<\/strong><\/p>\n<ul>\n<li style=\"text-align: justify;\">Comment ne pas reconna\u00eetre au premier coup d&rsquo;\u0153il une bouteille d&rsquo;Orangina par exemple ?<\/li>\n<li style=\"text-align: justify;\">Ou les petites montagnes incrust\u00e9es dans le plastique de la marque Evian ?<\/li>\n<\/ul>\n<p>&nbsp;<\/p>\n<p style=\"text-align: justify;\"><span style=\"font-weight: 400;\">La morphologie est donc un facteur de positionnement : elle est \u00e0 la fois source de diff\u00e9renciation et d\u00e9signatrice de l&rsquo;offre. Elle participe aussi en silence \u00e0 susciter des \u00e9motions et \u00e0 g\u00e9n\u00e9rer des comportements d&rsquo;achat impulsifs, parfois plus encore que d&rsquo;autres crit\u00e8res tout aussi essentiels que sont le confort d&rsquo;utilisation ou la pr\u00e9servation des produits.<\/span><\/p>\n<p>&nbsp;<\/p>\n<figure id=\"attachment_837\" aria-describedby=\"caption-attachment-837\" style=\"width: 607px\" class=\"wp-caption aligncenter\"><img decoding=\"async\" loading=\"lazy\" class=\" wp-image-837\" src=\"https:\/\/www.monpackaging.com\/blog\/wp-content\/uploads\/2020\/03\/La-morphologie-de-mon-packaging-300x225.jpg\" alt=\"La morphologie de mon packaging\" width=\"607\" height=\"455\" srcset=\"https:\/\/www.monpackaging.com\/blog\/wp-content\/uploads\/2020\/03\/La-morphologie-de-mon-packaging-300x225.jpg 300w, https:\/\/www.monpackaging.com\/blog\/wp-content\/uploads\/2020\/03\/La-morphologie-de-mon-packaging-768x576.jpg 768w, https:\/\/www.monpackaging.com\/blog\/wp-content\/uploads\/2020\/03\/La-morphologie-de-mon-packaging.jpg 800w\" sizes=\"(max-width: 607px) 100vw, 607px\" \/><figcaption id=\"caption-attachment-837\" class=\"wp-caption-text\">La morphologie de mon packaging<\/figcaption><\/figure>\n<p>&nbsp;<\/p>\n<p style=\"text-align: justify;\">Mais que choisir alors ? Une \u00e9l\u00e9gante bo\u00eete tiroir pour des accessoires haut de gamme ou une forme non conventionnelle qui sera \u00e0 elle seule une v\u00e9ritable exp\u00e9rience <a href=\"https:\/\/www.monpackaging.com\/blog\/comment-creer-emballage-ideal-unboxing-memorable\/\">unboxing<\/a> ?<\/p>\n<p style=\"text-align: justify;\">Une bo\u00eete cartonn\u00e9e peut-\u00eatre, ballotins ou <a href=\"https:\/\/www.monpackaging.com\/impression-boite-hexagonale-carton-fermeture-petale\">bo\u00eete hexagonale<\/a> que vous modulerez au gr\u00e9 de vos envies ?<\/p>\n<p style=\"text-align: justify;\">Le packaging est pour votre produit comme une seconde peau. Aussi le choix de sa morphologie d\u00e9pendra t-il de ce que vous proposez, et du public auquel vous vous adressez.<\/p>\n<p>&nbsp;<\/p>\n<figure id=\"attachment_839\" aria-describedby=\"caption-attachment-839\" style=\"width: 688px\" class=\"wp-caption aligncenter\"><img decoding=\"async\" loading=\"lazy\" class=\" wp-image-839\" src=\"https:\/\/www.monpackaging.com\/blog\/wp-content\/uploads\/2020\/03\/citation_Vitrac-Gat\u00e9-300x184.jpg\" alt=\"La publicit\u00e9 parle et fait parler du produit, le packaging lui fait parler le produit. Il lui donne un corps, une \u00e2me et une raison d\u2019\u00eatre.\" width=\"688\" height=\"422\" srcset=\"https:\/\/www.monpackaging.com\/blog\/wp-content\/uploads\/2020\/03\/citation_Vitrac-Gat\u00e9-300x184.jpg 300w, https:\/\/www.monpackaging.com\/blog\/wp-content\/uploads\/2020\/03\/citation_Vitrac-Gat\u00e9-768x470.jpg 768w, https:\/\/www.monpackaging.com\/blog\/wp-content\/uploads\/2020\/03\/citation_Vitrac-Gat\u00e9.jpg 800w\" sizes=\"(max-width: 688px) 100vw, 688px\" \/><figcaption id=\"caption-attachment-839\" class=\"wp-caption-text\">La publicit\u00e9 parle et fait parler du produit, le packaging lui fait parler le produit. Il lui donne un corps, une \u00e2me et une raison d\u2019\u00eatre.<\/figcaption><\/figure>\n<p>&nbsp;<\/p>\n<p style=\"text-align: justify;\">Gardez avant tout en t\u00eate que votre design doit rester lisible pour \u00eatre vendeur.<\/p>\n<blockquote>\n<p><span style=\"font-weight: 400;\">La publicit\u00e9 parle et fait parler du produit, le packaging lui fait parler le produit. Il lui donne un corps, une \u00e2me et une raison d\u2019\u00eatre. <\/span><\/p>\n<\/blockquote>\n<p style=\"text-align: justify;\"><strong>Vitrac &amp; Gat\u00e9.<\/strong><\/p>\n<p>&nbsp;<\/p>\n<h2>Packaging g\u00e9n\u00e9rique ou personnalis\u00e9 ?<\/h2>\n<p style=\"text-align: justify;\">L&rsquo;\u00e8re du packaging personnalis\u00e9 est d\u00e9finitivement ouverte. Pourquoi ne miser que sur l&rsquo;esth\u00e9tisme lorsqu&rsquo;il vous est possible de <strong>nouer un vrai dialogue avec votre audience<\/strong> ?<\/p>\n<p style=\"text-align: justify;\">R\u00e9ussir la cr\u00e9ation et le design de son packaging impliquera n\u00e9cessairement de marquer un grand coup en terme d&rsquo;impact. Raffinement, humour, phrase d&rsquo;accroche, \u00e0 chacun ses outils pour que la communication se fasse.<\/p>\n<p>&nbsp;<\/p>\n<figure id=\"attachment_835\" aria-describedby=\"caption-attachment-835\" style=\"width: 709px\" class=\"wp-caption aligncenter\"><img decoding=\"async\" loading=\"lazy\" class=\" wp-image-835\" src=\"https:\/\/www.monpackaging.com\/blog\/wp-content\/uploads\/2020\/03\/Packaging-g\u00e9n\u00e9rique-ou-personnalis\u00e9-300x199.jpg\" alt=\"Packaging g\u00e9n\u00e9rique ou personnalis\u00e9\" width=\"709\" height=\"470\" srcset=\"https:\/\/www.monpackaging.com\/blog\/wp-content\/uploads\/2020\/03\/Packaging-g\u00e9n\u00e9rique-ou-personnalis\u00e9-300x199.jpg 300w, https:\/\/www.monpackaging.com\/blog\/wp-content\/uploads\/2020\/03\/Packaging-g\u00e9n\u00e9rique-ou-personnalis\u00e9-768x509.jpg 768w, https:\/\/www.monpackaging.com\/blog\/wp-content\/uploads\/2020\/03\/Packaging-g\u00e9n\u00e9rique-ou-personnalis\u00e9.jpg 800w\" sizes=\"(max-width: 709px) 100vw, 709px\" \/><figcaption id=\"caption-attachment-835\" class=\"wp-caption-text\">Packaging g\u00e9n\u00e9rique ou personnalis\u00e9<\/figcaption><\/figure>\n<p>&nbsp;<\/p>\n<p style=\"text-align: justify;\">Monoprix et Le Slip Fran\u00e7ais sont par exemple parvenus \u00e0 cr\u00e9er de vraies relations de proximit\u00e9 avec leur client\u00e8le, et ce gr\u00e2ce \u00e0 des packaging d\u00e9cal\u00e9s. La marque de cosm\u00e9tiques naturels Lush est quant \u00e0 elle all\u00e9e encore plus loin en inscrivant sur chaque emballage le nom de la personne qui a pr\u00e9par\u00e9 le produit de beaut\u00e9. Succ\u00e8s garanti !<\/p>\n<p style=\"text-align: justify;\">Finalement, une <a href=\"https:\/\/www.monpackaging.com\/blog\/concevoir-proposition-packaging\/\">proposition de packaging<\/a> personnalis\u00e9e sera celle qui s&rsquo;adressera directement au consommateur tout en v\u00e9hiculant l&rsquo;identit\u00e9 forte de la marque. Jeux de textures, slogans, plateformes de personnalisation en ligne, une infinit\u00e9 d&rsquo;options s&rsquo;offrent aujourd&rsquo;hui \u00e0 vous.<\/p>\n<p style=\"text-align: justify;\">Lesquelles sauront r\u00e9pondre aux besoins de votre entreprise ?\u00a0<\/p>\n<p>&nbsp;<\/p>\n<h2>La d\u00e9nomination de l&rsquo;image de marque<\/h2>\n<p style=\"text-align: justify;\"><span style=\"font-weight: 400;\">Une image de marque se r\u00e9fl\u00e9chit, se met en place et se construit sur le long terme. Une fois solidement \u00e9tablie, il lui faudra appara\u00eetre derri\u00e8re chaque d\u00e9clinaison de vos packaging. <\/span><\/p>\n<p style=\"text-align: justify;\"><span style=\"font-weight: 400;\">Cela peut se faire de diff\u00e9rentes fa\u00e7ons.<\/span><\/p>\n<p>&nbsp;<\/p>\n<h3 style=\"text-align: justify;\">Exprimez votre engagement<\/h3>\n<p style=\"text-align: justify;\">Vous avez choisi de tout miser sur le Made in France ? Faites-le savoir d\u00e8s le premier coup d&rsquo;\u0153il !<\/p>\n<p style=\"text-align: justify;\">Vous vous investissez dans l&rsquo;\u00e9coconception ? \u00c0 vous les solutions innovantes et responsables \u00e0 base de mat\u00e9riaux recycl\u00e9s, \u00e0 l&rsquo;image de ce que propose le parfumeur Guerlain.<\/p>\n<p style=\"text-align: justify;\">Profitez de votre packaging pour r\u00e9affirmer le positionnement de votre marque et faire part aux consommateurs de vos convictions.<\/p>\n<p>&nbsp;<\/p>\n<h3>Racontez une histoire<\/h3>\n<p style=\"text-align: justify;\">La mani\u00e8re dont votre produit est emball\u00e9 en dit long sur votre marque. Il serait dommage de ne pas en profiter pour raconter les choses \u00e0 votre fa\u00e7on.<\/p>\n<p style=\"text-align: justify;\">D\u00e9voilez-vous et fid\u00e9lisez vos clients en faisant appel \u00e0 la dimension \u00e9motions. Jouez sur l&rsquo;aspect ludique et transportez le consommateur dans un instant plus large que ce qu&rsquo;il est en train d&rsquo;exp\u00e9rimenter.<\/p>\n<p>&nbsp;<\/p>\n<figure id=\"attachment_829\" aria-describedby=\"caption-attachment-829\" style=\"width: 680px\" class=\"wp-caption aligncenter\"><img decoding=\"async\" loading=\"lazy\" class=\" wp-image-829\" src=\"https:\/\/www.monpackaging.com\/blog\/wp-content\/uploads\/2020\/03\/citation_Mc-Cracken-300x200.jpg\" alt=\"Les consommateurs construisent leur soi social en partie en utilisant des produits dont le contenu culturel refl\u00e8te ou correspond \u00e0 la personne qu\u2019ils sont ou souhaiteraient \u00eatre.\" width=\"680\" height=\"453\" srcset=\"https:\/\/www.monpackaging.com\/blog\/wp-content\/uploads\/2020\/03\/citation_Mc-Cracken-300x200.jpg 300w, https:\/\/www.monpackaging.com\/blog\/wp-content\/uploads\/2020\/03\/citation_Mc-Cracken-768x513.jpg 768w, https:\/\/www.monpackaging.com\/blog\/wp-content\/uploads\/2020\/03\/citation_Mc-Cracken.jpg 800w\" sizes=\"(max-width: 680px) 100vw, 680px\" \/><figcaption id=\"caption-attachment-829\" class=\"wp-caption-text\">Les consommateurs construisent leur soi social en partie en utilisant des produits dont le contenu culturel refl\u00e8te ou correspond \u00e0 la personne qu\u2019ils sont ou souhaiteraient \u00eatre.<\/figcaption><\/figure>\n<p>&nbsp;<\/p>\n<p style=\"text-align: justify;\">\u00c0 ce petit jeu-l\u00e0, c&rsquo;est le soin port\u00e9 aux mati\u00e8res et aux d\u00e9tails de votre <a href=\"https:\/\/www.monpackaging.com\/blog\/comment-creer-design-packaging-boite\/\">design<\/a> qui pourra r\u00e9ellement offrir \u00e0 votre produit une vraie valeur ajout\u00e9e.<\/p>\n<p style=\"text-align: justify;\">Notez que l&rsquo;on pr\u00e9f\u00e8re g\u00e9n\u00e9ralement le papier kraft au plastique. Les volumes simples aux designs complexes.<\/p>\n<blockquote>\n<p style=\"text-align: justify;\"><span style=\"font-weight: 400;\">Les consommateurs construisent leur soi social en partie en utilisant des produits dont le contenu culturel refl\u00e8te ou correspond \u00e0 la personne qu\u2019ils sont ou souhaiteraient \u00eatre.<\/span><\/p>\n<\/blockquote>\n<p><strong>Mc Cracken.<\/strong><\/p>\n<p>&nbsp;<\/p>\n<h3><strong>Jouez la transparence<\/strong><\/h3>\n<p style=\"text-align: justify;\">Consolidez enfin votre image de marque en nouant une relation de confiance avec votre client\u00e8le. Soyez clair, pr\u00e9cis dans votre communication.<\/p>\n<p style=\"text-align: justify;\">La marque Granny&rsquo;s Secret a par exemple pris l&rsquo;habitude d&rsquo;indiquer sur ses bouteilles le nombre de pommes n\u00e9cessaires \u00e0 la fabrication de son jus. Une technique en partie reprise en 2015 par Intermarch\u00e9 qui s&rsquo;est mis \u00e0 indiquer l&rsquo;heure de fabrication et le fruit utilis\u00e9 pour chacun de ses jus press\u00e9s sur place.<\/p>\n<p style=\"text-align: justify;\">Cela sera la fois <strong>un excellent facteur de diff\u00e9renciation mais aussi un gage de qualit\u00e9 incontestable<\/strong>.<\/p>\n<p>&nbsp;<\/p>\n<h2>Les composants visuels de mon packaging<\/h2>\n<p>Le consommateur ne per\u00e7oit g\u00e9n\u00e9ralement pas les \u00e9l\u00e9ments visuels de mani\u00e8re individuelle mais dans leur globalit\u00e9. R\u00e9ussir la cr\u00e9ation et le design de son packaging n\u00e9cessitera de prendre en compte sa perception propre.\u00a0<\/p>\n<p>Sur des rayons satur\u00e9s de r\u00e9f\u00e9rences, la r\u00e9alit\u00e9 objective s&rsquo;efface au profit d&rsquo;une vision plus subjective du client. Aussi, vous soignerez particuli\u00e8rement :<\/p>\n<h3>Les couleurs<\/h3>\n<p style=\"text-align: justify;\">Elles permettent \u00e0 un produit d&rsquo;\u00eatre visible \u00e0 cinq ou dix m\u00e8tres de distance. Lorsque l&rsquo;on sait qu&rsquo;un produit saisi sera achet\u00e9 dans 90% des cas, il serait dommage de ne pas \u00eatre suffisamment visible !<\/p>\n<p style=\"text-align: justify;\">Les couleurs semblent disposer d&rsquo;une <strong>forte influence sur les \u00e9motions<\/strong>, \u00e0 l&rsquo;heure o\u00f9 la standardisation est devenue la norme dans le commerce. Suivez les exemples du rouge Coca-Cola, du violet Milka ou du jaune Hertz et trouvez la teinte qui vous rendra visible entre toutes.\u00a0<\/p>\n<p>&nbsp;<\/p>\n<figure id=\"attachment_831\" aria-describedby=\"caption-attachment-831\" style=\"width: 729px\" class=\"wp-caption aligncenter\"><img decoding=\"async\" loading=\"lazy\" class=\" wp-image-831\" src=\"https:\/\/www.monpackaging.com\/blog\/wp-content\/uploads\/2020\/03\/Les-couleurs-semblent-disposer-dune-forte-influence-sur-les-\u00e9motions-300x200.jpg\" alt=\"Les couleurs semblent disposer d'une forte influence sur les \u00e9motions\" width=\"729\" height=\"486\" srcset=\"https:\/\/www.monpackaging.com\/blog\/wp-content\/uploads\/2020\/03\/Les-couleurs-semblent-disposer-dune-forte-influence-sur-les-\u00e9motions-300x200.jpg 300w, https:\/\/www.monpackaging.com\/blog\/wp-content\/uploads\/2020\/03\/Les-couleurs-semblent-disposer-dune-forte-influence-sur-les-\u00e9motions-768x513.jpg 768w, https:\/\/www.monpackaging.com\/blog\/wp-content\/uploads\/2020\/03\/Les-couleurs-semblent-disposer-dune-forte-influence-sur-les-\u00e9motions.jpg 800w\" sizes=\"(max-width: 729px) 100vw, 729px\" \/><figcaption id=\"caption-attachment-831\" class=\"wp-caption-text\">Les couleurs semblent disposer d&rsquo;une forte influence sur les \u00e9motions<\/figcaption><\/figure>\n<p>&nbsp;<\/p>\n<p style=\"text-align: justify;\">\u00c0 noter que trop de d\u00e9cideurs marketeurs s&rsquo;en remettent encore exclusivement \u00e0 leurs go\u00fbts personnels. Ce sont ici les pr\u00e9f\u00e9rences du public cible qui importent.\u00a0<\/p>\n<p style=\"text-align: justify;\">Le risque est trop grand que votre message ne soit pas correctement interpr\u00e9t\u00e9 par les consommateurs. Faites appel \u00e0 un <a href=\"https:\/\/www.toutes-les-couleurs.com\/nuancier-pantone.php\">nuancier<\/a> pour d\u00e9finir votre choix.<\/p>\n<p>&nbsp;<\/p>\n<h3 style=\"text-align: justify;\">La typographie<\/h3>\n<p style=\"text-align: justify;\"><span style=\"font-weight: 400;\">Ici encore, soyez clair et lisible. On aimera \u00e9ventuellement de la complexit\u00e9 dans les formes mais les \u00e9l\u00e9ments d&rsquo;information devront \u00eatre lisibles en quelques instants.\u00a0<\/span><\/p>\n<p>Malgr\u00e9 tout, un ton d\u00e9cal\u00e9 ou une phrase personnalis\u00e9e seront toujours appr\u00e9ci\u00e9s !<\/p>\n<p>&nbsp;<\/p>\n<h3><strong>Les images<\/strong><\/h3>\n<p><span style=\"font-weight: 400;\">Photos ou illustrations, elles permettent une lecture encore plus facile. Choisissez-les soigneusement afin de ne pas induire le client en erreur.<\/span><\/p>\n<p>N&rsquo;oubliez pas \u00e9galement d&rsquo;inclure un logo si vous en avez cr\u00e9\u00e9 un. Et bien s\u00fbr, on mise sur la meilleure r\u00e9solution possible pour une gestion parfaite de la qualit\u00e9.\u00a0<\/p>\n<h2>\u00a0<\/h2>\n<h2>Esth\u00e9tique, innovations et tendances<\/h2>\n<p style=\"text-align: justify;\"><span style=\"font-weight: 400;\">R\u00e9ussir la cr\u00e9ation et le design de son packaging s&rsquo;apparente aujourd&rsquo;hui \u00e0 un v\u00e9ritable art. Et comme tout art qui dure dans le temps, les tendances et les innovations se font et se d\u00e9font. <\/span><\/p>\n<p style=\"text-align: justify;\"><span style=\"font-weight: 400;\">Aujourd&rsquo;hui, si l&rsquo;esth\u00e9tique reste au c\u0153ur de tout processus cr\u00e9atif, la r\u00e9flexion se doit d&rsquo;aller bien au-del\u00e0 du simple moment de l&rsquo;achat. On pr\u00e9f\u00e9rera <strong>s&rsquo;int\u00e9resser \u00e0 la dur\u00e9e de vie du produit dans sa globalit\u00e9<\/strong>, de son \u00e9coconception au transport, \u00e0 son utilisation et jusqu&rsquo;\u00e0 sa fin de vie.\u00a0<\/span><\/p>\n<p style=\"text-align: justify;\">Par o\u00f9 commencer pour r\u00e9pondre aux attentes du consommateur ? Commencez par exemple par vous tourner vers les axes directeurs du moment.<\/p>\n<p>&nbsp;<\/p>\n<h3 style=\"text-align: justify;\">Packaging &amp; Environnement<\/h3>\n<p style=\"text-align: justify;\">Difficile de ne plus tenir compte de l&rsquo;urgence \u00e9cologique dans sa conception de packaging. Tandis que certaines marques optent pour des contenants biod\u00e9gradables, d&rsquo;autres misent sur un <a href=\"https:\/\/www.monpackaging.com\/formes-packaging-ecologique\" target=\"_blank\" rel=\"noopener noreferrer\">emballage minimal<\/a> qui oblige par la m\u00eame occasion \u00e0 se r\u00e9inventer.<\/p>\n<p><a href=\"https:\/\/www.monpackaging.com\/formes-packaging-ecologique\"><img decoding=\"async\" loading=\"lazy\" class=\"aligncenter size-large wp-image-1504\" src=\"https:\/\/www.monpackaging.com\/blog\/wp-content\/uploads\/2020\/03\/impression-packaging-ecologique-header1-1024x305.jpg\" alt=\"impression packaging \u00e9cologique\" width=\"640\" height=\"191\" srcset=\"https:\/\/www.monpackaging.com\/blog\/wp-content\/uploads\/2020\/03\/impression-packaging-ecologique-header1-1024x305.jpg 1024w, https:\/\/www.monpackaging.com\/blog\/wp-content\/uploads\/2020\/03\/impression-packaging-ecologique-header1-300x89.jpg 300w, https:\/\/www.monpackaging.com\/blog\/wp-content\/uploads\/2020\/03\/impression-packaging-ecologique-header1-768x229.jpg 768w, https:\/\/www.monpackaging.com\/blog\/wp-content\/uploads\/2020\/03\/impression-packaging-ecologique-header1-1536x458.jpg 1536w, https:\/\/www.monpackaging.com\/blog\/wp-content\/uploads\/2020\/03\/impression-packaging-ecologique-header1.jpg 1920w\" sizes=\"(max-width: 640px) 100vw, 640px\" \/><\/a><\/p>\n<p style=\"text-align: justify;\">\u00c0 vous les <strong>mati\u00e8res recyclables et les solutions innovantes<\/strong> pour faire de vos designs de packaging de vrais mod\u00e8les d&rsquo;\u00e9co-responsabilit\u00e9.<\/p>\n<p>&nbsp;<\/p>\n<h3 style=\"text-align: justify;\">La progression de l&rsquo;intelligence artificielle<\/h3>\n<p style=\"text-align: justify;\">Des packs capables de se d\u00e9sagr\u00e9ger de mani\u00e8re autonome une fois vides ? Des \u00e9tiquettes qui changent de couleur \u00e0 l&rsquo;approche de la date de p\u00e9remption ?<\/p>\n<p style=\"text-align: justify;\">Les solutions de packaging n&rsquo;ont pas fini de nous \u00e9tonner et l&rsquo;intelligence artificielle en fera d\u00e9finitivement partie. Avec \u00e0 la cl\u00e9, <strong>un b\u00e9n\u00e9fice consommateur toujours accru<\/strong> pour favoriser au mieux les ventes.<\/p>\n<p>&nbsp;<\/p>\n<h3><strong>\u00a0L&rsquo;essor du packaging connect\u00e9<\/strong><\/h3>\n<p><span style=\"font-weight: 400;\">Le packaging connect\u00e9 se r\u00e9v\u00e8le aujourd\u2019hui \u00eatre le choix id\u00e9al pour d\u00e9velopper la confiance entre la marque et le consommateur. \u00c0 l&rsquo;aide d&rsquo;un traqueur de votre choix (Tag NFC, QR Code&#8230;), l&rsquo;occasion vous est donn\u00e9e d&rsquo;<strong>emmener le consommateur dans un univers que vous aurez d\u00e9fini.\u00a0<\/strong><\/span><\/p>\n<p>&nbsp;<\/p>\n<figure id=\"attachment_833\" aria-describedby=\"caption-attachment-833\" style=\"width: 764px\" class=\"wp-caption aligncenter\"><img decoding=\"async\" loading=\"lazy\" class=\" wp-image-833\" src=\"https:\/\/www.monpackaging.com\/blog\/wp-content\/uploads\/2020\/03\/Lessor-du-packaging-connect\u00e9-300x200.jpg\" alt=\"\u00a0L'essor du packaging connect\u00e9\" width=\"764\" height=\"510\" srcset=\"https:\/\/www.monpackaging.com\/blog\/wp-content\/uploads\/2020\/03\/Lessor-du-packaging-connect\u00e9-300x200.jpg 300w, https:\/\/www.monpackaging.com\/blog\/wp-content\/uploads\/2020\/03\/Lessor-du-packaging-connect\u00e9-768x513.jpg 768w, https:\/\/www.monpackaging.com\/blog\/wp-content\/uploads\/2020\/03\/Lessor-du-packaging-connect\u00e9.jpg 800w\" sizes=\"(max-width: 764px) 100vw, 764px\" \/><figcaption id=\"caption-attachment-833\" class=\"wp-caption-text\">L&rsquo;essor du packaging connect\u00e9<\/figcaption><\/figure>\n<p>&nbsp;<\/p>\n<p>Multipliez les supports multim\u00e9dias et disposez d&rsquo;une surface de packaging quasi infinie pour v\u00e9hiculer les valeurs de votre marque ! L&rsquo;occasion de contourner la production de masse en proposant une exp\u00e9rience unique en son genre, que l&rsquo;utilisateur aura forc\u00e9ment envie de partager.<\/p>\n<p>&nbsp;<\/p>\n<h3>Le retour \u00e0 la simplicit\u00e9<\/h3>\n<p><span style=\"font-weight: 400;\">\u00c9co-responsabilit\u00e9 oblige, on observe \u00e9galement un<strong> vrai retour aux fondamentaux.<\/strong> Des mat\u00e9riaux plus simples, plus souples, plus faciles \u00e0 stocker et \u00e0 transporter, des teintes douces et des \u00e9l\u00e9ments d&rsquo;information minimalistes.\u00a0<\/span><\/p>\n<p>Paradoxalement, miser sur la simplicit\u00e9 donne l&rsquo;occasion d&rsquo;innover sur les formes de vos packaging. Envisagez les pyramides ou les cylindres qui signent leur grand retour dans nos rayons, et compl\u00e9tez le tout d&rsquo;\u00e9l\u00e9ments visuels simples.<\/p>\n<p>Et la d\u00e9couverte se poursuit jusqu&rsquo;au moment de l&rsquo;ouverture alors on n&rsquo;h\u00e9site pas \u00e0 se concentrer aussi sur l&rsquo;int\u00e9rieur de notre packaging !<\/p>\n<p>&nbsp;<\/p>\n<h2>Les outils de conception<\/h2>\n<p style=\"text-align: justify;\">Le projet est d\u00e9fini, le design de votre packaging clairement \u00e9labor\u00e9, ne reste plus qu&rsquo;\u00e0 lui donner vie !\u00a0<\/p>\n<p style=\"text-align: justify;\">De nombreux <a href=\"https:\/\/www.monpackaging.com\/blog\/meilleurs-logiciels-conception-emballages\/\">logiciels de conception<\/a> assist\u00e9e par ordinateur, ou CAD en anglais, vous permettront de finaliser le processus et de <strong>tester virtuellement votre produit fini.<\/strong> Choisissez celui qui vous permettra le meilleur gain de temps de mani\u00e8re \u00e0 \u00e9viter tout co\u00fbt superflu.<\/p>\n<p>&nbsp;<\/p>\n<p style=\"text-align: justify;\">Nous disposons d&rsquo;ailleurs nous-m\u00eame d&rsquo;une plateforme de cr\u00e9ation pour vous offrir une totale libert\u00e9 de r\u00e9alisation.<\/p>\n<p style=\"text-align: justify;\">L\u00e0, vous travaillerez aussi les lignes de d\u00e9coupe, les finitions personnalis\u00e9es et l&rsquo;assemblage en quelques clics. N&rsquo;h\u00e9sitez pas \u00e0 poser vos questions \u00e0 l&rsquo;un des graphistes <a href=\"https:\/\/www.monpackaging.com\/\">MonPackaging<\/a>, nous serons ravis de vous aider dans vos projets !<\/p>\n","protected":false},"excerpt":{"rendered":"<p>R\u00e9ussir la cr\u00e9ation et le design de son packaging, un objectif que l&rsquo;on r\u00eave tous d&rsquo;atteindre !\u00a0 Il faut dire que les dimensions pratique et esth\u00e9tique sont devenus fondamentales. Quel que soit le secteur concern\u00e9, l&rsquo;efficacit\u00e9 visuelle du packaging importe au moins autant que les valeurs d&rsquo;une marque, ou les saveurs du produit propos\u00e9. Mais [&hellip;]<\/p>\n","protected":false},"author":6,"featured_media":825,"comment_status":"open","ping_status":"open","sticky":false,"template":"","format":"standard","meta":{"_editorskit_title_hidden":false,"_editorskit_reading_time":0,"_editorskit_is_block_options_detached":false,"_editorskit_block_options_position":"{}","footnotes":""},"categories":[2,28],"tags":[138,10,96,3,137,17,21,136,6],"yoast_head":"<!-- This site is optimized with the Yoast SEO plugin v22.6 - https:\/\/yoast.com\/wordpress\/plugins\/seo\/ -->\r\n<title>R\u00e9ussir la cr\u00e9ation et le design de son packaging | Concevoir pas \u00e0 pas<\/title>\r\n<meta name=\"description\" content=\"R\u00e9ussir la cr\u00e9ation et le design de son packaging implique de suivre quelques axes fondamentaux. D\u00e9couvrez-les et dites enfin adieu \u00e0 la concurrence !\" \/>\r\n<meta name=\"robots\" content=\"index, follow, max-snippet:-1, max-image-preview:large, max-video-preview:-1\" \/>\r\n<link rel=\"canonical\" href=\"https:\/\/www.monpackaging.com\/blog\/reussir-creation-design-packaging\/\" \/>\r\n<meta property=\"og:locale\" content=\"fr_FR\" \/>\r\n<meta property=\"og:type\" content=\"article\" \/>\r\n<meta property=\"og:title\" content=\"R\u00e9ussir la cr\u00e9ation et le design de son packaging | Concevoir pas \u00e0 pas\" \/>\r\n<meta property=\"og:description\" content=\"R\u00e9ussir la cr\u00e9ation et le design de son packaging implique de suivre quelques axes fondamentaux. D\u00e9couvrez-les et dites enfin adieu \u00e0 la concurrence !\" \/>\r\n<meta property=\"og:url\" content=\"https:\/\/www.monpackaging.com\/blog\/reussir-creation-design-packaging\/\" \/>\r\n<meta property=\"og:site_name\" content=\"Le Blog des experts de l&#039;emballage\" \/>\r\n<meta property=\"article:publisher\" content=\"https:\/\/www.facebook.com\/monpackaging\/\" \/>\r\n<meta property=\"article:published_time\" content=\"2020-03-04T07:30:06+00:00\" \/>\r\n<meta property=\"article:modified_time\" content=\"2020-10-21T16:48:59+00:00\" \/>\r\n<meta property=\"og:image\" content=\"https:\/\/www.monpackaging.com\/blog\/wp-content\/uploads\/2020\/03\/R\u00e9ussir-la-cr\u00e9ation-et-le-design-du-packaging.jpg\" \/>\r\n\t<meta property=\"og:image:width\" content=\"1500\" \/>\r\n\t<meta property=\"og:image:height\" content=\"600\" \/>\r\n\t<meta property=\"og:image:type\" content=\"image\/jpeg\" \/>\r\n<meta name=\"author\" content=\"Fournisseur emballage\" \/>\r\n<meta name=\"twitter:card\" content=\"summary_large_image\" \/>\r\n<meta name=\"twitter:creator\" content=\"@MonPackaging\" \/>\r\n<meta name=\"twitter:site\" content=\"@MonPackaging\" \/>\r\n<meta name=\"twitter:label1\" content=\"\u00c9crit par\" \/>\n\t<meta name=\"twitter:data1\" content=\"Fournisseur emballage\" \/>\n\t<meta name=\"twitter:label2\" content=\"Dur\u00e9e de lecture estim\u00e9e\" \/>\n\t<meta name=\"twitter:data2\" content=\"10 minutes\" \/>\r\n<script type=\"application\/ld+json\" class=\"yoast-schema-graph\">{\"@context\":\"https:\/\/schema.org\",\"@graph\":[{\"@type\":\"WebPage\",\"@id\":\"https:\/\/www.monpackaging.com\/blog\/reussir-creation-design-packaging\/\",\"url\":\"https:\/\/www.monpackaging.com\/blog\/reussir-creation-design-packaging\/\",\"name\":\"R\u00e9ussir la cr\u00e9ation et le design de son packaging | Concevoir pas \u00e0 pas\",\"isPartOf\":{\"@id\":\"https:\/\/www.monpackaging.com\/blog\/#website\"},\"primaryImageOfPage\":{\"@id\":\"https:\/\/www.monpackaging.com\/blog\/reussir-creation-design-packaging\/#primaryimage\"},\"image\":{\"@id\":\"https:\/\/www.monpackaging.com\/blog\/reussir-creation-design-packaging\/#primaryimage\"},\"thumbnailUrl\":\"https:\/\/www.monpackaging.com\/blog\/wp-content\/uploads\/2020\/03\/R\u00e9ussir-la-cr\u00e9ation-et-le-design-du-packaging.jpg\",\"datePublished\":\"2020-03-04T07:30:06+00:00\",\"dateModified\":\"2020-10-21T16:48:59+00:00\",\"author\":{\"@id\":\"https:\/\/www.monpackaging.com\/blog\/#\/schema\/person\/cd0f442d680b7c367570ea00bd3bdeb9\"},\"description\":\"R\u00e9ussir la cr\u00e9ation et le design de son packaging implique de suivre quelques axes fondamentaux. D\u00e9couvrez-les et dites enfin adieu \u00e0 la concurrence !\",\"breadcrumb\":{\"@id\":\"https:\/\/www.monpackaging.com\/blog\/reussir-creation-design-packaging\/#breadcrumb\"},\"inLanguage\":\"fr-FR\",\"potentialAction\":[{\"@type\":\"ReadAction\",\"target\":[\"https:\/\/www.monpackaging.com\/blog\/reussir-creation-design-packaging\/\"]}]},{\"@type\":\"ImageObject\",\"inLanguage\":\"fr-FR\",\"@id\":\"https:\/\/www.monpackaging.com\/blog\/reussir-creation-design-packaging\/#primaryimage\",\"url\":\"https:\/\/www.monpackaging.com\/blog\/wp-content\/uploads\/2020\/03\/R\u00e9ussir-la-cr\u00e9ation-et-le-design-du-packaging.jpg\",\"contentUrl\":\"https:\/\/www.monpackaging.com\/blog\/wp-content\/uploads\/2020\/03\/R\u00e9ussir-la-cr\u00e9ation-et-le-design-du-packaging.jpg\",\"width\":1500,\"height\":600,\"caption\":\"R\u00e9ussir la cr\u00e9ation et le design de son packaging\"},{\"@type\":\"BreadcrumbList\",\"@id\":\"https:\/\/www.monpackaging.com\/blog\/reussir-creation-design-packaging\/#breadcrumb\",\"itemListElement\":[{\"@type\":\"ListItem\",\"position\":1,\"name\":\"Accueil\",\"item\":\"https:\/\/www.monpackaging.com\/blog\/\"},{\"@type\":\"ListItem\",\"position\":2,\"name\":\"R\u00e9ussir la cr\u00e9ation et le design de son packaging\"}]},{\"@type\":\"WebSite\",\"@id\":\"https:\/\/www.monpackaging.com\/blog\/#website\",\"url\":\"https:\/\/www.monpackaging.com\/blog\/\",\"name\":\"Le Blog des experts de l&#039;emballage\",\"description\":\"\",\"potentialAction\":[{\"@type\":\"SearchAction\",\"target\":{\"@type\":\"EntryPoint\",\"urlTemplate\":\"https:\/\/www.monpackaging.com\/blog\/?s={search_term_string}\"},\"query-input\":\"required name=search_term_string\"}],\"inLanguage\":\"fr-FR\"},{\"@type\":\"Person\",\"@id\":\"https:\/\/www.monpackaging.com\/blog\/#\/schema\/person\/cd0f442d680b7c367570ea00bd3bdeb9\",\"name\":\"Fournisseur emballage\",\"image\":{\"@type\":\"ImageObject\",\"inLanguage\":\"fr-FR\",\"@id\":\"https:\/\/www.monpackaging.com\/blog\/#\/schema\/person\/image\/\",\"url\":\"https:\/\/secure.gravatar.com\/avatar\/78e73ee7008e12ace746474ea8339624?s=96&d=mm&r=g\",\"contentUrl\":\"https:\/\/secure.gravatar.com\/avatar\/78e73ee7008e12ace746474ea8339624?s=96&d=mm&r=g\",\"caption\":\"Fournisseur emballage\"}}]}<\/script>\r\n<!-- \/ Yoast SEO plugin. -->","yoast_head_json":{"title":"R\u00e9ussir la cr\u00e9ation et le design de son packaging | Concevoir pas \u00e0 pas","description":"R\u00e9ussir la cr\u00e9ation et le design de son packaging implique de suivre quelques axes fondamentaux. D\u00e9couvrez-les et dites enfin adieu \u00e0 la concurrence !","robots":{"index":"index","follow":"follow","max-snippet":"max-snippet:-1","max-image-preview":"max-image-preview:large","max-video-preview":"max-video-preview:-1"},"canonical":"https:\/\/www.monpackaging.com\/blog\/reussir-creation-design-packaging\/","og_locale":"fr_FR","og_type":"article","og_title":"R\u00e9ussir la cr\u00e9ation et le design de son packaging | Concevoir pas \u00e0 pas","og_description":"R\u00e9ussir la cr\u00e9ation et le design de son packaging implique de suivre quelques axes fondamentaux. D\u00e9couvrez-les et dites enfin adieu \u00e0 la concurrence !","og_url":"https:\/\/www.monpackaging.com\/blog\/reussir-creation-design-packaging\/","og_site_name":"Le Blog des experts de l&#039;emballage","article_publisher":"https:\/\/www.facebook.com\/monpackaging\/","article_published_time":"2020-03-04T07:30:06+00:00","article_modified_time":"2020-10-21T16:48:59+00:00","og_image":[{"width":1500,"height":600,"url":"https:\/\/www.monpackaging.com\/blog\/wp-content\/uploads\/2020\/03\/R\u00e9ussir-la-cr\u00e9ation-et-le-design-du-packaging.jpg","type":"image\/jpeg"}],"author":"Fournisseur emballage","twitter_card":"summary_large_image","twitter_creator":"@MonPackaging","twitter_site":"@MonPackaging","twitter_misc":{"\u00c9crit par":"Fournisseur emballage","Dur\u00e9e de lecture estim\u00e9e":"10 minutes"},"schema":{"@context":"https:\/\/schema.org","@graph":[{"@type":"WebPage","@id":"https:\/\/www.monpackaging.com\/blog\/reussir-creation-design-packaging\/","url":"https:\/\/www.monpackaging.com\/blog\/reussir-creation-design-packaging\/","name":"R\u00e9ussir la cr\u00e9ation et le design de son packaging | Concevoir pas \u00e0 pas","isPartOf":{"@id":"https:\/\/www.monpackaging.com\/blog\/#website"},"primaryImageOfPage":{"@id":"https:\/\/www.monpackaging.com\/blog\/reussir-creation-design-packaging\/#primaryimage"},"image":{"@id":"https:\/\/www.monpackaging.com\/blog\/reussir-creation-design-packaging\/#primaryimage"},"thumbnailUrl":"https:\/\/www.monpackaging.com\/blog\/wp-content\/uploads\/2020\/03\/R\u00e9ussir-la-cr\u00e9ation-et-le-design-du-packaging.jpg","datePublished":"2020-03-04T07:30:06+00:00","dateModified":"2020-10-21T16:48:59+00:00","author":{"@id":"https:\/\/www.monpackaging.com\/blog\/#\/schema\/person\/cd0f442d680b7c367570ea00bd3bdeb9"},"description":"R\u00e9ussir la cr\u00e9ation et le design de son packaging implique de suivre quelques axes fondamentaux. D\u00e9couvrez-les et dites enfin adieu \u00e0 la concurrence !","breadcrumb":{"@id":"https:\/\/www.monpackaging.com\/blog\/reussir-creation-design-packaging\/#breadcrumb"},"inLanguage":"fr-FR","potentialAction":[{"@type":"ReadAction","target":["https:\/\/www.monpackaging.com\/blog\/reussir-creation-design-packaging\/"]}]},{"@type":"ImageObject","inLanguage":"fr-FR","@id":"https:\/\/www.monpackaging.com\/blog\/reussir-creation-design-packaging\/#primaryimage","url":"https:\/\/www.monpackaging.com\/blog\/wp-content\/uploads\/2020\/03\/R\u00e9ussir-la-cr\u00e9ation-et-le-design-du-packaging.jpg","contentUrl":"https:\/\/www.monpackaging.com\/blog\/wp-content\/uploads\/2020\/03\/R\u00e9ussir-la-cr\u00e9ation-et-le-design-du-packaging.jpg","width":1500,"height":600,"caption":"R\u00e9ussir la cr\u00e9ation et le design de son packaging"},{"@type":"BreadcrumbList","@id":"https:\/\/www.monpackaging.com\/blog\/reussir-creation-design-packaging\/#breadcrumb","itemListElement":[{"@type":"ListItem","position":1,"name":"Accueil","item":"https:\/\/www.monpackaging.com\/blog\/"},{"@type":"ListItem","position":2,"name":"R\u00e9ussir la cr\u00e9ation et le design de son packaging"}]},{"@type":"WebSite","@id":"https:\/\/www.monpackaging.com\/blog\/#website","url":"https:\/\/www.monpackaging.com\/blog\/","name":"Le Blog des experts de l&#039;emballage","description":"","potentialAction":[{"@type":"SearchAction","target":{"@type":"EntryPoint","urlTemplate":"https:\/\/www.monpackaging.com\/blog\/?s={search_term_string}"},"query-input":"required name=search_term_string"}],"inLanguage":"fr-FR"},{"@type":"Person","@id":"https:\/\/www.monpackaging.com\/blog\/#\/schema\/person\/cd0f442d680b7c367570ea00bd3bdeb9","name":"Fournisseur emballage","image":{"@type":"ImageObject","inLanguage":"fr-FR","@id":"https:\/\/www.monpackaging.com\/blog\/#\/schema\/person\/image\/","url":"https:\/\/secure.gravatar.com\/avatar\/78e73ee7008e12ace746474ea8339624?s=96&d=mm&r=g","contentUrl":"https:\/\/secure.gravatar.com\/avatar\/78e73ee7008e12ace746474ea8339624?s=96&d=mm&r=g","caption":"Fournisseur emballage"}}]}},"_links":{"self":[{"href":"https:\/\/www.monpackaging.com\/blog\/wp-json\/wp\/v2\/posts\/797"}],"collection":[{"href":"https:\/\/www.monpackaging.com\/blog\/wp-json\/wp\/v2\/posts"}],"about":[{"href":"https:\/\/www.monpackaging.com\/blog\/wp-json\/wp\/v2\/types\/post"}],"author":[{"embeddable":true,"href":"https:\/\/www.monpackaging.com\/blog\/wp-json\/wp\/v2\/users\/6"}],"replies":[{"embeddable":true,"href":"https:\/\/www.monpackaging.com\/blog\/wp-json\/wp\/v2\/comments?post=797"}],"version-history":[{"count":15,"href":"https:\/\/www.monpackaging.com\/blog\/wp-json\/wp\/v2\/posts\/797\/revisions"}],"predecessor-version":[{"id":1505,"href":"https:\/\/www.monpackaging.com\/blog\/wp-json\/wp\/v2\/posts\/797\/revisions\/1505"}],"wp:featuredmedia":[{"embeddable":true,"href":"https:\/\/www.monpackaging.com\/blog\/wp-json\/wp\/v2\/media\/825"}],"wp:attachment":[{"href":"https:\/\/www.monpackaging.com\/blog\/wp-json\/wp\/v2\/media?parent=797"}],"wp:term":[{"taxonomy":"category","embeddable":true,"href":"https:\/\/www.monpackaging.com\/blog\/wp-json\/wp\/v2\/categories?post=797"},{"taxonomy":"post_tag","embeddable":true,"href":"https:\/\/www.monpackaging.com\/blog\/wp-json\/wp\/v2\/tags?post=797"}],"curies":[{"name":"wp","href":"https:\/\/api.w.org\/{rel}","templated":true}]}}