{"id":543,"date":"2019-12-04T08:30:31","date_gmt":"2019-12-04T07:30:31","guid":{"rendered":"https:\/\/www.monpackaging.com\/blog\/?p=543"},"modified":"2019-12-03T11:06:32","modified_gmt":"2019-12-03T10:06:32","slug":"comment-realiser-emballage-cadeau-noel-personnalise","status":"publish","type":"post","link":"https:\/\/www.monpackaging.com\/blog\/comment-realiser-emballage-cadeau-noel-personnalise\/","title":{"rendered":"Comment r\u00e9aliser un emballage cadeau de No\u00ebl personnalis\u00e9 ?"},"content":{"rendered":"<p style=\"text-align: justify\" align=\"LEFT\"><span style=\"color: #2f2f2f\"><span style=\"font-family: Times New Roman, serif\"><span style=\"font-size: medium\"><span style=\"font-family: georgia, palatino, serif\">Chaque ann\u00e9e, c&rsquo;est la m\u00eame histoire. \u00c0 l&rsquo;approche des f\u00eates de fin d&rsquo;ann\u00e9e, les clients potentiels se pressent en magasin ou dans votre boutique en ligne \u00e0 la recherche du cadeau parfait. Et pass\u00e9e l&rsquo;excitation li\u00e9e \u00e0 cette toute nouvelle effervescence, une question demeure : comment s\u00e9duire et me d\u00e9marquer ? Apprenez \u00e0 r\u00e9aliser un emballage cadeau de No\u00ebl personnalis\u00e9 et soyez par\u00e9 pour toutes les ann\u00e9es \u00e0 venir !\u00a0<\/span><\/span><\/span><\/span><\/p>\n<h2 align=\"LEFT\">No\u00ebl, quelle importance pour les ventes ?<\/h2>\n<p style=\"text-align: justify\">Trop t\u00f4t pour penser \u00e0 No\u00ebl ? Jamais! En particulier si vous \u00e9voluez dans les secteurs de la vente et du marketing.<\/p>\n<p style=\"text-align: justify\">Car No\u00ebl, c&rsquo;est l&rsquo;occasion de <strong>renouer avec d&rsquo;anciens clients et d&rsquo;en attirer une multitude de nouveaux<\/strong>. C&rsquo;est une fa\u00e7on pour vos produits et votre image de marque de trouver leur place au pied du sapin et de prendre part \u00e0 des \u00e9v\u00e9nements familiaux qui s&rsquo;annoncent absolument joyeux.\u00a0\u00a0<\/p>\n<p style=\"text-align: justify\">Aussi la p\u00e9riode la plus charg\u00e9e de l&rsquo;ann\u00e9e se pr\u00e9pare t-elle largement en avance, avec des <a href=\"https:\/\/www.monpackaging.com\/blog\/comment-packaging-influence-consommateur\/\">packaging<\/a> clairement d\u00e9finis.<\/p>\n<p style=\"text-align: justify\">De trop nombreuses entreprises s&rsquo;y prennent trop tardivement et se retrouvent submerg\u00e9es voire incapables de r\u00e9pondre \u00e0 la demande. Mais vous avez choisi de prendre les choses en main. Et l&rsquo;esprit de No\u00ebl, \u00e7a se fa\u00e7onne d\u00e8s le mois de juillet !<\/p>\n<blockquote>\n<p>No\u00ebl n&rsquo;est pas un jour, ni une saison, c&rsquo;est un \u00e9tat d&rsquo;esprit.<\/p>\n<\/blockquote>\n<p><strong>Calvin Coolidge<\/strong><\/p>\n<p>&nbsp;<\/p>\n<h2>Pourquoi opter pour un emballage cadeau de No\u00ebl personnalis\u00e9 ?<\/h2>\n<p style=\"text-align: justify\">Le packaging de No\u00ebl est un excellent moyen de surprendre vos clients r\u00e9guliers et de <strong>d\u00e9clencher des achats coup de c\u0153ur chez les personnes qui ne vous connaissent pas encore<\/strong>. T\u00e2chez ainsi d&rsquo;orienter les d\u00e9cisions de vos consommateurs potentiels qui ne savent pas pr\u00e9cis\u00e9ment ce qu&rsquo;ils recherchent !\u00a0<\/p>\n<p style=\"text-align: justify\">Mais opter pour un emballage cadeau de No\u00ebl, c&rsquo;est aussi une fa\u00e7on de donner un nouveau souffle \u00e0 votre image de marque. De montrer que vous \u00eates dynamique et bouillonnant d&rsquo;id\u00e9es et que vous savez vous adapter aux saisons pour \u00eatre toujours juste dans vos propositions.\u00a0<\/p>\n<p style=\"text-align: justify\">Peut-\u00eatre irez-vous m\u00eame jusqu&rsquo;\u00e0 concevoir de nouvelles gammes de produits sp\u00e9cifiquement adapt\u00e9es \u00e0 No\u00ebl. Le packaging personnalis\u00e9 se fait dans ce cas d&rsquo;autant plus indispensable.\u00a0<\/p>\n<figure style=\"width: 945px\" class=\"wp-caption aligncenter\"><img decoding=\"async\" loading=\"lazy\" class=\"\" src=\"https:\/\/i.pinimg.com\/originals\/cf\/b3\/ba\/cfb3ba93366847938cd2cf1cffe6a1ea.jpg\" width=\"945\" height=\"515\" \/><figcaption class=\"wp-caption-text\">Une jolie gamme de No\u00ebl sobre et chaude pour l&rsquo;enseigne de supermarch\u00e9s Waitrose.<\/figcaption><\/figure>\n<p>&nbsp;<\/p>\n<h2>Je choisis mon mod\u00e8le pour un emballage original<\/h2>\n<p style=\"text-align: justify\">\u00c0 chaque produit ses formes et ses exigences ! Le choix de votre emballage commencera \u00e0 dessiner les contours du packaging \u00e0 venir.<\/p>\n<ul>\n<li style=\"text-align: justify\"><strong>Quel style pour mes sabl\u00e9s de No\u00ebl ?\u00a0<\/strong>On mise sur un joli <a href=\"https:\/\/www.monpackaging.com\/impression-packaging-a-soufflet-boite-a-gateaux\">packaging \u00e0 soufflet<\/a><span style=\"font-family: georgia, palatino, serif\"> souple et herm\u00e9tique, qui saura se faire gourmand d\u00e8s le premier coup d&rsquo;\u0153il.<\/span><\/li>\n<li style=\"text-align: justify\"><strong>Quel style pour mes v\u00eatements ou objets l\u00e9gers ?\u00a0<\/strong>Rond, carr\u00e9, du plus sobre au plus original, le choix est vaste lorsqu&rsquo;il s&rsquo;agit de ne retenir qu&rsquo;un format de packaging. Pourquoi ne pas tenter la <a href=\"https:\/\/www.monpackaging.com\/impression-pochette-berlingot-carton\">pochette berlingot<\/a> ? Soigneusement pr\u00e9par\u00e9e et orn\u00e9e d&rsquo;un ruban brillant, elle se distinguera sans peine des autres paquets au moment de l&rsquo;ouverture des cadeaux !<\/li>\n<li style=\"text-align: justify\"><strong>Quel style pour assortiments de produits ? <\/strong>Objets de d\u00e9coration, g\u00e2teaux, cosm\u00e9tiques, tous trouveront simplement leur place dans un <a href=\"https:\/\/www.monpackaging.com\/impression-boite-coffret-carton\">coffret<\/a> \u00e0 personnaliser \u00e0 l&rsquo;infini. Dans le cadre d&rsquo;un emballage alimentaire, on veillera \u00e0 opter pour une bo\u00eete robuste, capable de r\u00e9sister \u00e0 l&rsquo;humidit\u00e9 d&rsquo;un r\u00e9frig\u00e9rateur.<\/li>\n<\/ul>\n<figure style=\"width: 537px\" class=\"wp-caption aligncenter\"><img decoding=\"async\" loading=\"lazy\" class=\"\" src=\"https:\/\/www.gift.be\/images\/gene\/prod\/zoom\/leon000135_01_leonidas-christmas-2018-new-christmas-set.jpg\" width=\"537\" height=\"537\" \/><figcaption class=\"wp-caption-text\">Un accord parfait des couleurs pour une gamme festive compl\u00e8te avec Leonidas.<\/figcaption><\/figure>\n<p align=\"JUSTIFY\">\u00a0<\/p>\n<h2>Comment r\u00e9aliser un emballage cadeau de No\u00ebl personnalis\u00e9 ?<\/h2>\n<p style=\"text-align: justify\">S&rsquo;il est toujours agr\u00e9able de r\u00e9aliser ses paquets cadeau \u00e0 la main, dans le commerce il faut \u00eatre en mesure d&rsquo;<strong>associer le plaisir \u00e0 une offre large doubl\u00e9e d&rsquo;un budget pr\u00e9cis<\/strong>. Pour une alli\u00e9e \u00e0 la fois modulable et r\u00e9sistante, on optera volontiers pour la <a href=\"https:\/\/www.monpackaging.com\/blog\/ou-acheter-emballage-carton-cartonne\/\">bo\u00eete cartonn\u00e9e<\/a>. et ses multiples options de personnalisation.<\/p>\n<p style=\"text-align: justify\">L\u00e9g\u00e8re et id\u00e9ale comme emballage de transport, elle vous promet une excellente mise en valeur de vos produits. Alors, comment est-ce qu&rsquo;on l&rsquo;habille ?<\/p>\n<p>&nbsp;<\/p>\n<h3>Je r\u00e9fl\u00e9chis \u00e0 mes couleurs<\/h3>\n<p style=\"text-align: justify\">Que l&rsquo;on opte pour un fond brut ou color\u00e9, il faudra bien ajouter quelques nuances \u00e7a et l\u00e0 pour apporter du relief \u00e0 l&rsquo;ensemble. Et de ce c\u00f4t\u00e9-l\u00e0, deux dominances sortent nettement du lot :<\/p>\n<ul>\n<li style=\"text-align: justify\"><strong>Plut\u00f4t traditionnel ?\u00a0<\/strong>On mise sur le rouge, le vert et l&rsquo;or associ\u00e9s pourquoi pas \u00e0 des motifs qui rappelleront les images phares de No\u00ebl. Sapin, guirlandes, houx, boules, la tradition a tout bon !<\/li>\n<\/ul>\n<figure style=\"width: 855px\" class=\"wp-caption aligncenter\"><img decoding=\"async\" loading=\"lazy\" class=\"\" src=\"https:\/\/resources.mynewsdesk.com\/image\/upload\/t_limit_1000\/oc8y13avkkef7wmrziyt.jpg\" width=\"855\" height=\"562\" \/><figcaption class=\"wp-caption-text\">Le sapin sous toutes ses formes pour les emballages Lindor.<\/figcaption><\/figure>\n<ul>\n<li style=\"text-align: justify\"><strong>Plut\u00f4t original ?\u00a0<\/strong>Alors l\u00e0, tous les choix sont permis ! On tentera r\u00e9guli\u00e8rement l&rsquo;association du noir et de l&rsquo;or qui permet de proposer un emballage cadeau de No\u00ebl personnalis\u00e9 haut de gamme. Mais les couleurs vives ou pastel, bien organis\u00e9es, feront \u00e0 coup s\u00fbr leur petit effet. N&rsquo;h\u00e9sitez pas \u00e0 r\u00e9fl\u00e9chir aux combinaisons possibles via un <a href=\"https:\/\/www.toutes-les-couleurs.com\/nuancier-pantone.php\">nuancier Pantone<\/a>.<\/li>\n<\/ul>\n<p>&nbsp;<\/p>\n<h3>Je d\u00e9finis mon style global<\/h3>\n<p style=\"text-align: justify\">Le style g\u00e9n\u00e9ral d\u00e9pend largement de votre choix de couleurs. Quelle ambiance souhaitez-vous v\u00e9hiculer ?<\/p>\n<ul>\n<li style=\"text-align: justify\"><strong>Plut\u00f4t rustique ?<\/strong> L&rsquo;une des grandes tendances du moment ! Elle apporte tout \u00e0 la fois chaleur et simplicit\u00e9 avec cette pointe de naturel si ch\u00e8re aujourd&rsquo;hui aux consommateurs. On mise ici sur les nuances de marron, de gris, l&rsquo;or ou le blanc rehauss\u00e9s pourquoi pas de quelques motifs v\u00e9g\u00e9taux. Un petit ruban aux allures de guirlande de houx pour la finition ? Vous d\u00e9ciderez de \u00e7a autour d&rsquo;un petit atelier diy que vous pourrez organiser avant de proc\u00e9der aux envois de vos paquets.\u00a0<\/li>\n<\/ul>\n<figure style=\"width: 640px\" class=\"wp-caption aligncenter\"><img decoding=\"async\" loading=\"lazy\" class=\"size-full\" src=\"https:\/\/resources.mynewsdesk.com\/image\/upload\/t_limit_1000\/ud2ltq231zfmjv6x7p2x.jpg\" width=\"640\" height=\"452\" \/><figcaption class=\"wp-caption-text\">Du bois plus vrai que nature pour la marque Charlene Sepentzis.<\/figcaption><\/figure>\n<ul>\n<li style=\"text-align: justify\"><strong>Plut\u00f4t givr\u00e9 ?\u00a0<\/strong>Puisque l&rsquo;association du blanc et du bleu ou du blanc et de l&rsquo;or sont des valeurs s\u00fbres, on en profitera pour proposer des bo\u00eetages aux allures de paysages enneig\u00e9s. \u00c0 vous les flocons, les bonnets et autres batailles de boules de neige !\u00a0<\/li>\n<\/ul>\n<figure style=\"width: 564px\" class=\"wp-caption aligncenter\"><img decoding=\"async\" loading=\"lazy\" class=\"size-full\" src=\"https:\/\/i.pinimg.com\/564x\/82\/e8\/ab\/82e8abf25358476887c252695986893b.jpg\" width=\"564\" height=\"423\" \/><figcaption class=\"wp-caption-text\">Un look nordique tr\u00e8s po\u00e9tique pour les chocolats de fin d&rsquo;ann\u00e9e du Gidea Group.<\/figcaption><\/figure>\n<ul>\n<li style=\"text-align: justify\"><strong>Plut\u00f4t traditionnel chic ?\u00a0<\/strong>Alors on repart sur du rouge seul ou du vert et sur des motifs luxueux avec de jolis liser\u00e9s dor\u00e9s. Un design qui convient \u00e0 tous les types de produit et qui peut potentiellement parler au plus grand nombre !<\/li>\n<\/ul>\n<figure style=\"width: 640px\" class=\"wp-caption aligncenter\"><img decoding=\"async\" loading=\"lazy\" class=\"size-full\" src=\"https:\/\/resources.mynewsdesk.com\/image\/upload\/t_limit_1000\/scv39useihxwcwnlcqsa.jpg\" width=\"640\" height=\"530\" \/><figcaption class=\"wp-caption-text\">Des bo\u00eetages chics et efficaces pour les cosm\u00e9tiques Crabtree &amp; Evelyn.<\/figcaption><\/figure>\n<p style=\"text-align: justify\">\u00c0 noter que le minimalisme n&rsquo;a pas dit son dernier mot, m\u00eame \u00e0 No\u00ebl ! Les emballages cadeau qui fonctionnent ici sont loin d&rsquo;\u00eatre les plus complexes mais il s\u00e9duisent par leur po\u00e9sie, leur douceur et leur raffinement.<\/p>\n<p style=\"text-align: justify\">Faites confiance \u00e0 votre image de marque, c&rsquo;est elle qui tracera pour vous le chemin \u00e0 suivre.<\/p>\n<blockquote>\n<p>Le naturel n&rsquo;a pas besoin de marketing, de packaging, de lobbying. Il est son propre label.<\/p>\n<\/blockquote>\n<p><strong>Patrick Louis Richard.<\/strong><\/p>\n<p align=\"JUSTIFY\">\u00a0<\/p>\n<h3 align=\"JUSTIFY\">Je n&rsquo;oublie pas les finitions<\/h3>\n<p>Un pelliculage brillant sur votre <a href=\"https:\/\/www.monpackaging.com\/boite-cube-truffes-personnalisable-6x6x6cm\">bo\u00eete cube cartonn\u00e9e<\/a> ? Il offrira un effet miroir du plus bel effet !<\/p>\n<p>Du reste, en magasin comme dans le cadre de l&rsquo;e-commerce, on n&rsquo;h\u00e9sitera pas \u00e0 <strong>pousser un peu plus loin l&rsquo;exp\u00e9rience client<\/strong> avec des attentions tr\u00e8s appr\u00e9ciables telles que :<\/p>\n<ul>\n<li style=\"text-align: justify\">Des rubans ;<\/li>\n<li style=\"text-align: justify\">Des \u00e9tiquettes th\u00e9matis\u00e9es ;<\/li>\n<li>Du masking tape de saison ;<\/li>\n<li style=\"text-align: justify\">Quelques d\u00e9corations de No\u00ebl miniatures ;\u00a0<\/li>\n<li style=\"text-align: justify\">Une carte ou un mot adress\u00e9 directement au client.<\/li>\n<\/ul>\n<p>Ne n\u00e9gligez jamais l&rsquo;aspect \u00ab\u00a0personnalis\u00e9\u00a0\u00bb de vos packaging. Votre emballage cadeau de No\u00ebl personnalis\u00e9 a \u00e9t\u00e9 con\u00e7u pour les f\u00eates mais pas seulement.\u00a0<\/p>\n<p>Il a \u00e9t\u00e9 pens\u00e9 pour chaque consommateur en particulier !<\/p>\n<p>&nbsp;<\/p>\n<h2>Imprimez votre emballage cadeau de No\u00ebl personnalis\u00e9<\/h2>\n<p style=\"text-align: justify\">Faites appel \u00e0 <a href=\"https:\/\/www.monpackaging.com\/\">MonPackaging<\/a> tout au long de la conception de votre emballage, puis au moment de passer \u00e0 l&rsquo;impression ! Afin de cr\u00e9er \u00e0 coup s\u00fbr l&#8217;emballage de f\u00eates qu&rsquo;il vous faut, notre logiciel de personnalisation en ligne vous donne la possibilit\u00e9 de travailler les couleurs, les motifs et les \u00e9critures en quelques clics seulement.<\/p>\n<p style=\"text-align: justify\">N&rsquo;imprimez par la suite qu&rsquo;une faible quantit\u00e9 d&#8217;emballages, et ajustez le visuel si n\u00e9cessaire.\u00a0<\/p>\n<p style=\"text-align: justify\">N&rsquo;oubliez pas que No\u00ebl est l&rsquo;occasion de voir les choses en grand alors travaillez vos packaging, envoyez des mails de v\u0153ux \u00e0 vos clients, habillez votre site ! Et attirez \u00e0 vous de nouveaux consommateurs qui deviendront des clients r\u00e9guliers pour l&rsquo;ann\u00e9e \u00e0 venir.\u00a0<\/p>\n<p style=\"text-align: justify\">D&rsquo;ici l\u00e0, notre \u00e9quipe se tient \u00e0 votre \u00e9coute pour vous aider \u00e0 insuffler un peu de magie \u00e0 tous vos produits !<\/p>\n<p>&nbsp;<\/p>\n","protected":false},"excerpt":{"rendered":"<p>Chaque ann\u00e9e, c&rsquo;est la m\u00eame histoire. \u00c0 l&rsquo;approche des f\u00eates de fin d&rsquo;ann\u00e9e, les clients potentiels se pressent en magasin ou dans votre boutique en ligne \u00e0 la recherche du cadeau parfait. Et pass\u00e9e l&rsquo;excitation li\u00e9e \u00e0 cette toute nouvelle effervescence, une question demeure : comment s\u00e9duire et me d\u00e9marquer ? Apprenez \u00e0 r\u00e9aliser un [&hellip;]<\/p>\n","protected":false},"author":6,"featured_media":554,"comment_status":"open","ping_status":"open","sticky":false,"template":"","format":"standard","meta":{"_editorskit_title_hidden":false,"_editorskit_reading_time":0,"_editorskit_is_block_options_detached":false,"_editorskit_block_options_position":"{}","footnotes":""},"categories":[2],"tags":[84,3,105,29,100],"yoast_head":"<!-- This site is optimized with the Yoast SEO plugin v22.6 - https:\/\/yoast.com\/wordpress\/plugins\/seo\/ -->\r\n<title>Comment r\u00e9aliser un emballage cadeau de No\u00ebl personnalis\u00e9 ?<\/title>\r\n<meta name=\"description\" content=\"Parce que les f\u00eates de fin d&#039;ann\u00e9e autorisent toutes les fantaisies, r\u00e9alisez un emballage cadeau de No\u00ebl personnalis\u00e9 pour un cadeau incontournable !\" \/>\r\n<meta name=\"robots\" content=\"index, follow, max-snippet:-1, max-image-preview:large, max-video-preview:-1\" \/>\r\n<link rel=\"canonical\" href=\"https:\/\/www.monpackaging.com\/blog\/comment-realiser-emballage-cadeau-noel-personnalise\/\" \/>\r\n<meta property=\"og:locale\" content=\"fr_FR\" \/>\r\n<meta property=\"og:type\" content=\"article\" \/>\r\n<meta property=\"og:title\" content=\"Comment r\u00e9aliser un emballage cadeau de No\u00ebl personnalis\u00e9 ?\" \/>\r\n<meta property=\"og:description\" content=\"Parce que les f\u00eates de fin d&#039;ann\u00e9e autorisent toutes les fantaisies, r\u00e9alisez un emballage cadeau de No\u00ebl personnalis\u00e9 pour un cadeau incontournable !\" \/>\r\n<meta property=\"og:url\" content=\"https:\/\/www.monpackaging.com\/blog\/comment-realiser-emballage-cadeau-noel-personnalise\/\" \/>\r\n<meta property=\"og:site_name\" content=\"Le Blog des experts de l&#039;emballage\" \/>\r\n<meta property=\"article:publisher\" content=\"https:\/\/www.facebook.com\/monpackaging\/\" \/>\r\n<meta property=\"article:published_time\" content=\"2019-12-04T07:30:31+00:00\" \/>\r\n<meta property=\"article:modified_time\" content=\"2019-12-03T10:06:32+00:00\" \/>\r\n<meta property=\"og:image\" content=\"https:\/\/www.monpackaging.com\/blog\/wp-content\/uploads\/2019\/12\/Comment-r\u00e9aliser-un-emballage-cadeau-de-No\u00ebl-personnalis\u00e9.jpg\" \/>\r\n\t<meta property=\"og:image:width\" content=\"2000\" \/>\r\n\t<meta property=\"og:image:height\" content=\"625\" \/>\r\n\t<meta property=\"og:image:type\" content=\"image\/jpeg\" \/>\r\n<meta name=\"author\" content=\"Fournisseur emballage\" \/>\r\n<meta name=\"twitter:card\" content=\"summary_large_image\" \/>\r\n<meta name=\"twitter:creator\" content=\"@MonPackaging\" \/>\r\n<meta name=\"twitter:site\" content=\"@MonPackaging\" \/>\r\n<meta name=\"twitter:label1\" content=\"\u00c9crit par\" \/>\n\t<meta name=\"twitter:data1\" content=\"Fournisseur emballage\" \/>\n\t<meta name=\"twitter:label2\" content=\"Dur\u00e9e de lecture estim\u00e9e\" \/>\n\t<meta name=\"twitter:data2\" content=\"7 minutes\" \/>\r\n<script type=\"application\/ld+json\" class=\"yoast-schema-graph\">{\"@context\":\"https:\/\/schema.org\",\"@graph\":[{\"@type\":\"WebPage\",\"@id\":\"https:\/\/www.monpackaging.com\/blog\/comment-realiser-emballage-cadeau-noel-personnalise\/\",\"url\":\"https:\/\/www.monpackaging.com\/blog\/comment-realiser-emballage-cadeau-noel-personnalise\/\",\"name\":\"Comment r\u00e9aliser un emballage cadeau de No\u00ebl personnalis\u00e9 ?\",\"isPartOf\":{\"@id\":\"https:\/\/www.monpackaging.com\/blog\/#website\"},\"primaryImageOfPage\":{\"@id\":\"https:\/\/www.monpackaging.com\/blog\/comment-realiser-emballage-cadeau-noel-personnalise\/#primaryimage\"},\"image\":{\"@id\":\"https:\/\/www.monpackaging.com\/blog\/comment-realiser-emballage-cadeau-noel-personnalise\/#primaryimage\"},\"thumbnailUrl\":\"https:\/\/www.monpackaging.com\/blog\/wp-content\/uploads\/2019\/12\/Comment-r\u00e9aliser-un-emballage-cadeau-de-No\u00ebl-personnalis\u00e9.jpg\",\"datePublished\":\"2019-12-04T07:30:31+00:00\",\"dateModified\":\"2019-12-03T10:06:32+00:00\",\"author\":{\"@id\":\"https:\/\/www.monpackaging.com\/blog\/#\/schema\/person\/cd0f442d680b7c367570ea00bd3bdeb9\"},\"description\":\"Parce que les f\u00eates de fin d'ann\u00e9e autorisent toutes les fantaisies, r\u00e9alisez un emballage cadeau de No\u00ebl personnalis\u00e9 pour un cadeau incontournable !\",\"breadcrumb\":{\"@id\":\"https:\/\/www.monpackaging.com\/blog\/comment-realiser-emballage-cadeau-noel-personnalise\/#breadcrumb\"},\"inLanguage\":\"fr-FR\",\"potentialAction\":[{\"@type\":\"ReadAction\",\"target\":[\"https:\/\/www.monpackaging.com\/blog\/comment-realiser-emballage-cadeau-noel-personnalise\/\"]}]},{\"@type\":\"ImageObject\",\"inLanguage\":\"fr-FR\",\"@id\":\"https:\/\/www.monpackaging.com\/blog\/comment-realiser-emballage-cadeau-noel-personnalise\/#primaryimage\",\"url\":\"https:\/\/www.monpackaging.com\/blog\/wp-content\/uploads\/2019\/12\/Comment-r\u00e9aliser-un-emballage-cadeau-de-No\u00ebl-personnalis\u00e9.jpg\",\"contentUrl\":\"https:\/\/www.monpackaging.com\/blog\/wp-content\/uploads\/2019\/12\/Comment-r\u00e9aliser-un-emballage-cadeau-de-No\u00ebl-personnalis\u00e9.jpg\",\"width\":2000,\"height\":625,\"caption\":\"Comment r\u00e9aliser un emballage cadeau de No\u00ebl personnalis\u00e9\"},{\"@type\":\"BreadcrumbList\",\"@id\":\"https:\/\/www.monpackaging.com\/blog\/comment-realiser-emballage-cadeau-noel-personnalise\/#breadcrumb\",\"itemListElement\":[{\"@type\":\"ListItem\",\"position\":1,\"name\":\"Accueil\",\"item\":\"https:\/\/www.monpackaging.com\/blog\/\"},{\"@type\":\"ListItem\",\"position\":2,\"name\":\"Comment r\u00e9aliser un emballage cadeau de No\u00ebl personnalis\u00e9 ?\"}]},{\"@type\":\"WebSite\",\"@id\":\"https:\/\/www.monpackaging.com\/blog\/#website\",\"url\":\"https:\/\/www.monpackaging.com\/blog\/\",\"name\":\"Le Blog des experts de l&#039;emballage\",\"description\":\"\",\"potentialAction\":[{\"@type\":\"SearchAction\",\"target\":{\"@type\":\"EntryPoint\",\"urlTemplate\":\"https:\/\/www.monpackaging.com\/blog\/?s={search_term_string}\"},\"query-input\":\"required name=search_term_string\"}],\"inLanguage\":\"fr-FR\"},{\"@type\":\"Person\",\"@id\":\"https:\/\/www.monpackaging.com\/blog\/#\/schema\/person\/cd0f442d680b7c367570ea00bd3bdeb9\",\"name\":\"Fournisseur emballage\",\"image\":{\"@type\":\"ImageObject\",\"inLanguage\":\"fr-FR\",\"@id\":\"https:\/\/www.monpackaging.com\/blog\/#\/schema\/person\/image\/\",\"url\":\"https:\/\/secure.gravatar.com\/avatar\/78e73ee7008e12ace746474ea8339624?s=96&d=mm&r=g\",\"contentUrl\":\"https:\/\/secure.gravatar.com\/avatar\/78e73ee7008e12ace746474ea8339624?s=96&d=mm&r=g\",\"caption\":\"Fournisseur emballage\"}}]}<\/script>\r\n<!-- \/ Yoast SEO plugin. -->","yoast_head_json":{"title":"Comment r\u00e9aliser un emballage cadeau de No\u00ebl personnalis\u00e9 ?","description":"Parce que les f\u00eates de fin d'ann\u00e9e autorisent toutes les fantaisies, r\u00e9alisez un emballage cadeau de No\u00ebl personnalis\u00e9 pour un cadeau incontournable !","robots":{"index":"index","follow":"follow","max-snippet":"max-snippet:-1","max-image-preview":"max-image-preview:large","max-video-preview":"max-video-preview:-1"},"canonical":"https:\/\/www.monpackaging.com\/blog\/comment-realiser-emballage-cadeau-noel-personnalise\/","og_locale":"fr_FR","og_type":"article","og_title":"Comment r\u00e9aliser un emballage cadeau de No\u00ebl personnalis\u00e9 ?","og_description":"Parce que les f\u00eates de fin d'ann\u00e9e autorisent toutes les fantaisies, r\u00e9alisez un emballage cadeau de No\u00ebl personnalis\u00e9 pour un cadeau incontournable !","og_url":"https:\/\/www.monpackaging.com\/blog\/comment-realiser-emballage-cadeau-noel-personnalise\/","og_site_name":"Le Blog des experts de l&#039;emballage","article_publisher":"https:\/\/www.facebook.com\/monpackaging\/","article_published_time":"2019-12-04T07:30:31+00:00","article_modified_time":"2019-12-03T10:06:32+00:00","og_image":[{"width":2000,"height":625,"url":"https:\/\/www.monpackaging.com\/blog\/wp-content\/uploads\/2019\/12\/Comment-r\u00e9aliser-un-emballage-cadeau-de-No\u00ebl-personnalis\u00e9.jpg","type":"image\/jpeg"}],"author":"Fournisseur emballage","twitter_card":"summary_large_image","twitter_creator":"@MonPackaging","twitter_site":"@MonPackaging","twitter_misc":{"\u00c9crit par":"Fournisseur emballage","Dur\u00e9e de lecture estim\u00e9e":"7 minutes"},"schema":{"@context":"https:\/\/schema.org","@graph":[{"@type":"WebPage","@id":"https:\/\/www.monpackaging.com\/blog\/comment-realiser-emballage-cadeau-noel-personnalise\/","url":"https:\/\/www.monpackaging.com\/blog\/comment-realiser-emballage-cadeau-noel-personnalise\/","name":"Comment r\u00e9aliser un emballage cadeau de No\u00ebl personnalis\u00e9 ?","isPartOf":{"@id":"https:\/\/www.monpackaging.com\/blog\/#website"},"primaryImageOfPage":{"@id":"https:\/\/www.monpackaging.com\/blog\/comment-realiser-emballage-cadeau-noel-personnalise\/#primaryimage"},"image":{"@id":"https:\/\/www.monpackaging.com\/blog\/comment-realiser-emballage-cadeau-noel-personnalise\/#primaryimage"},"thumbnailUrl":"https:\/\/www.monpackaging.com\/blog\/wp-content\/uploads\/2019\/12\/Comment-r\u00e9aliser-un-emballage-cadeau-de-No\u00ebl-personnalis\u00e9.jpg","datePublished":"2019-12-04T07:30:31+00:00","dateModified":"2019-12-03T10:06:32+00:00","author":{"@id":"https:\/\/www.monpackaging.com\/blog\/#\/schema\/person\/cd0f442d680b7c367570ea00bd3bdeb9"},"description":"Parce que les f\u00eates de fin d'ann\u00e9e autorisent toutes les fantaisies, r\u00e9alisez un emballage cadeau de No\u00ebl personnalis\u00e9 pour un cadeau incontournable !","breadcrumb":{"@id":"https:\/\/www.monpackaging.com\/blog\/comment-realiser-emballage-cadeau-noel-personnalise\/#breadcrumb"},"inLanguage":"fr-FR","potentialAction":[{"@type":"ReadAction","target":["https:\/\/www.monpackaging.com\/blog\/comment-realiser-emballage-cadeau-noel-personnalise\/"]}]},{"@type":"ImageObject","inLanguage":"fr-FR","@id":"https:\/\/www.monpackaging.com\/blog\/comment-realiser-emballage-cadeau-noel-personnalise\/#primaryimage","url":"https:\/\/www.monpackaging.com\/blog\/wp-content\/uploads\/2019\/12\/Comment-r\u00e9aliser-un-emballage-cadeau-de-No\u00ebl-personnalis\u00e9.jpg","contentUrl":"https:\/\/www.monpackaging.com\/blog\/wp-content\/uploads\/2019\/12\/Comment-r\u00e9aliser-un-emballage-cadeau-de-No\u00ebl-personnalis\u00e9.jpg","width":2000,"height":625,"caption":"Comment r\u00e9aliser un emballage cadeau de No\u00ebl personnalis\u00e9"},{"@type":"BreadcrumbList","@id":"https:\/\/www.monpackaging.com\/blog\/comment-realiser-emballage-cadeau-noel-personnalise\/#breadcrumb","itemListElement":[{"@type":"ListItem","position":1,"name":"Accueil","item":"https:\/\/www.monpackaging.com\/blog\/"},{"@type":"ListItem","position":2,"name":"Comment r\u00e9aliser un emballage cadeau de No\u00ebl personnalis\u00e9 ?"}]},{"@type":"WebSite","@id":"https:\/\/www.monpackaging.com\/blog\/#website","url":"https:\/\/www.monpackaging.com\/blog\/","name":"Le Blog des experts de l&#039;emballage","description":"","potentialAction":[{"@type":"SearchAction","target":{"@type":"EntryPoint","urlTemplate":"https:\/\/www.monpackaging.com\/blog\/?s={search_term_string}"},"query-input":"required name=search_term_string"}],"inLanguage":"fr-FR"},{"@type":"Person","@id":"https:\/\/www.monpackaging.com\/blog\/#\/schema\/person\/cd0f442d680b7c367570ea00bd3bdeb9","name":"Fournisseur emballage","image":{"@type":"ImageObject","inLanguage":"fr-FR","@id":"https:\/\/www.monpackaging.com\/blog\/#\/schema\/person\/image\/","url":"https:\/\/secure.gravatar.com\/avatar\/78e73ee7008e12ace746474ea8339624?s=96&d=mm&r=g","contentUrl":"https:\/\/secure.gravatar.com\/avatar\/78e73ee7008e12ace746474ea8339624?s=96&d=mm&r=g","caption":"Fournisseur emballage"}}]}},"_links":{"self":[{"href":"https:\/\/www.monpackaging.com\/blog\/wp-json\/wp\/v2\/posts\/543"}],"collection":[{"href":"https:\/\/www.monpackaging.com\/blog\/wp-json\/wp\/v2\/posts"}],"about":[{"href":"https:\/\/www.monpackaging.com\/blog\/wp-json\/wp\/v2\/types\/post"}],"author":[{"embeddable":true,"href":"https:\/\/www.monpackaging.com\/blog\/wp-json\/wp\/v2\/users\/6"}],"replies":[{"embeddable":true,"href":"https:\/\/www.monpackaging.com\/blog\/wp-json\/wp\/v2\/comments?post=543"}],"version-history":[{"count":8,"href":"https:\/\/www.monpackaging.com\/blog\/wp-json\/wp\/v2\/posts\/543\/revisions"}],"predecessor-version":[{"id":555,"href":"https:\/\/www.monpackaging.com\/blog\/wp-json\/wp\/v2\/posts\/543\/revisions\/555"}],"wp:featuredmedia":[{"embeddable":true,"href":"https:\/\/www.monpackaging.com\/blog\/wp-json\/wp\/v2\/media\/554"}],"wp:attachment":[{"href":"https:\/\/www.monpackaging.com\/blog\/wp-json\/wp\/v2\/media?parent=543"}],"wp:term":[{"taxonomy":"category","embeddable":true,"href":"https:\/\/www.monpackaging.com\/blog\/wp-json\/wp\/v2\/categories?post=543"},{"taxonomy":"post_tag","embeddable":true,"href":"https:\/\/www.monpackaging.com\/blog\/wp-json\/wp\/v2\/tags?post=543"}],"curies":[{"name":"wp","href":"https:\/\/api.w.org\/{rel}","templated":true}]}}