{"id":3285,"date":"2024-08-21T11:26:26","date_gmt":"2024-08-21T09:26:26","guid":{"rendered":"https:\/\/www.monpackaging.com\/blog\/?p=3285"},"modified":"2024-08-21T11:28:39","modified_gmt":"2024-08-21T09:28:39","slug":"le-packaging-et-le-marketing-sensoriel","status":"publish","type":"post","link":"https:\/\/www.monpackaging.com\/blog\/le-packaging-et-le-marketing-sensoriel\/","title":{"rendered":"Le packaging et le marketing sensoriel"},"content":{"rendered":"\n<p class=\"has-text-align-justify\">Le <strong>marketing sensoriel<\/strong> consiste \u00e0 solliciter nos sens pour <strong>cr\u00e9er des \u00e9motions<\/strong>, des souvenirs, et, soyons honn\u00eates, d\u00e9clencher l\u2019envie d\u2019acheter.&#x1f4b8; Et quel meilleur support pour ce type de marketing que le <a href=\"https:\/\/www.monpackaging.com\/formes-packaging\">packaging<\/a> ? Ainsi, le <strong>packaging sensoriel<\/strong> devient le premier point de contact, une vitrine qui <a href=\"https:\/\/www.monpackaging.com\/blog\/comment-utiliser-le-storytelling-a-travers-le-packaging\/\">raconte une histoire<\/a> avant m\u00eame que le produit soit d\u00e9couvert.<\/p>\n\n\n\n<div style=\"height:30px\" aria-hidden=\"true\" class=\"wp-block-spacer\"><\/div>\n\n\n\n<h2 class=\"wp-block-heading has-large-font-size\"><strong>Le marketing sensoriel c\u2019est quoi ?<\/strong><\/h2>\n\n\n\n<p class=\"has-text-align-justify\">Aujourd&rsquo;hui, il ne suffit plus de proposer un bon produit. Il faut aussi savoir capter l\u2019attention et marquer les esprits. Et c\u2019est l\u00e0 que <a href=\"https:\/\/blog.hubspot.fr\/marketing\/marketing-sensoriel\">le <strong>marketing sensoriel<\/strong><\/a> entre en jeu. Il fait passer une simple interaction avec un produit \u00e0 une exp\u00e9rience qui reste en m\u00e9moire et qui, surtout, donne envie de revenir.<\/p>\n\n\n\n<p class=\"has-text-align-justify\">Prenons un exemple : avez-vous d\u00e9j\u00e0 remarqu\u00e9 que certaines boutiques diffusent une musique douce, utilisent des parfums sp\u00e9cifiques ou encore jouent sur l&rsquo;\u00e9clairage pour cr\u00e9er une ambiance particuli\u00e8re ? Ce n\u2019est pas un hasard. Ces \u00e9l\u00e9ments sont soigneusement choisis pour provoquer des r\u00e9actions positives chez les clients. R\u00e9sultat ? On se sent bien, on passe plus de temps dans le magasin, et on est plus enclin \u00e0 acheter.<\/p>\n\n\n\n<p class=\"has-text-align-justify\">Et pour le <strong>packaging<\/strong> alors ? C\u2019est pareil ! L\u2019emballage devient un outil pour attirer l\u2019attention sur vos produits, les rendre plus d\u00e9sirables.<\/p>\n\n\n\n<div style=\"height:30px\" aria-hidden=\"true\" class=\"wp-block-spacer\"><\/div>\n\n\n<div class=\"wp-block-image\">\n<figure class=\"aligncenter size-full\"><img decoding=\"async\" loading=\"lazy\" width=\"4096\" height=\"2730\" src=\"https:\/\/www.monpackaging.com\/blog\/wp-content\/uploads\/2024\/08\/les-cinq-sens.jpg\" alt=\"Les cinq sens\" class=\"wp-image-3288\"\/><\/figure><\/div>\n\n\n<div style=\"height:40px\" aria-hidden=\"true\" class=\"wp-block-spacer\"><\/div>\n\n\n\n<h2 class=\"wp-block-heading has-large-font-size\"><strong>Quand le packaging d\u00e9clenche une \u00e9motion<\/strong><\/h2>\n\n\n\n<p class=\"has-text-align-justify\">La premi\u00e8re impression, c\u2019est souvent celle qui reste. En quelques secondes, un packaging peut s\u00e9duire, intriguer ou, au contraire, laisser indiff\u00e9rent. Cette r\u00e9action instinctive, presque imm\u00e9diate, est le fruit de nombreux \u00e9l\u00e9ments : les couleurs, les formes, les mat\u00e9riaux&#8230; Tous jouent un r\u00f4le important pour capter l&rsquo;attention et d\u00e9clencher une \u00e9motion.<\/p>\n\n\n\n<p class=\"has-text-align-justify\">L\u2019impact des <a href=\"https:\/\/www.monpackaging.com\/blog\/comment-choisir-les-couleurs-de-packaging-qui-correspondent-a-votre-marque\/\">couleurs<\/a> ne doit pas \u00eatre sous-estim\u00e9. Une couleur vive peut susciter de l&rsquo;\u00e9nergie, tandis qu\u2019une teinte plus douce et apaisante \u00e9voque la s\u00e9r\u00e9nit\u00e9. Chaque couleur raconte une histoire, \u00e9voque un <strong>sentiment<\/strong>. Par exemple, le rouge est souvent associ\u00e9 \u00e0 l&rsquo;urgence ou \u00e0 la passion, tandis que le vert \u00e9voque la nature et la sant\u00e9. Le choix des couleurs pour un packaging n&rsquo;est donc pas anodin.<\/p>\n\n\n\n<p class=\"has-text-align-justify\">Le <a href=\"https:\/\/www.monpackaging.com\/blog\/les-elements-essentiels-dun-design-de-packaging-reussi\/\">design du packaging<\/a> est tout aussi essentiel. Les formes, les lignes, les motifs : chaque d\u00e9tail est important. Mais au-del\u00e0 de l\u2019esth\u00e9tique, le design doit aussi \u00eatre fonctionnel, intuitif, et en accord avec le message de votre marque.<\/p>\n\n\n\n<p class=\"has-text-align-justify\">Ensuite, il y a les mat\u00e9riaux. La texture du packaging, sa solidit\u00e9, son poids, tout cela participe au <strong>marketing sensoriel<\/strong>. Un mat\u00e9riau lisse peut faire penser \u00e0 la qualit\u00e9 et au luxe. Alors qu\u2019un carton brut peut \u00eatre associ\u00e9 \u00e0 la simplicit\u00e9 ou \u00e0 l\u2019\u00e9coresponsabilit\u00e9. Le toucher est un sens \u00e0 ne pas n\u00e9gliger. C\u2019est pourquoi, nous vous proposons chez <a href=\"https:\/\/www.monpackaging.com\/\">MonPackaging<\/a>, plusieurs finitions :&nbsp;<\/p>\n\n\n\n<ul>\n<li>Pelliculage brillant,<\/li>\n\n\n\n<li>Pelliculage mat,<\/li>\n\n\n\n<li>Pelliculage Soft Touch (toucher effet peau de p\u00eache),<\/li>\n\n\n\n<li>Dorure 3D,<\/li>\n\n\n\n<li>Vernis s\u00e9lectif. :<\/li>\n<\/ul>\n\n\n\n<p class=\"has-text-align-justify\">Enfin, le nom et des inscriptions sur le packaging. La <a href=\"https:\/\/www.monpackaging.com\/blog\/la-typographie-dans-le-packaging\/\">typographie<\/a>, le choix des mots, la fa\u00e7on dont l\u2019information est pr\u00e9sent\u00e9e&#8230; Tout cela contribue \u00e0 l\u2019identit\u00e9 du produit. Un nom percutant, une phrase bien tourn\u00e9e, peuvent faire na\u00eetre une <strong>connexion imm\u00e9diate<\/strong> avec le <a href=\"https:\/\/www.monpackaging.com\/blog\/votre-consommateur-type-une-cible-mouvante\/\">consommateur<\/a>, rendant le produit <strong>m\u00e9morable<\/strong>.<\/p>\n\n\n\n<div style=\"height:30px\" aria-hidden=\"true\" class=\"wp-block-spacer\"><\/div>\n\n\n\n<h2 class=\"wp-block-heading has-large-font-size\"><strong>Comment le packaging peut cr\u00e9er une exp\u00e9rience multisensorielle ?<\/strong><\/h2>\n\n\n\n<p class=\"has-text-align-justify\">&#x1f443; L&rsquo;odorat est un <strong>sens<\/strong> particuli\u00e8rement puissant. Un parfum subtil \u00e9manant de l\u2019emballage peut imm\u00e9diatement rappeler des souvenirs, <strong>\u00e9voquer des \u00e9motions<\/strong> ou simplement rendre le produit plus agr\u00e9able. Par exemple, une bo\u00eete de chocolat qui d\u00e9gage une douce odeur de cacao mettra imm\u00e9diatement le consommateur en condition pour appr\u00e9cier le produit, bien avant de l\u2019avoir go\u00fbt\u00e9.<\/p>\n\n\n\n<p class=\"has-text-align-justify\">&#x1f442; L&rsquo;ou\u00efe joue \u00e9galement un r\u00f4le surprenant dans l&rsquo;<strong>exp\u00e9rience du packaging<\/strong>. Le son \u00e9mis lors de l&rsquo;ouverture d&rsquo;un emballage (un clic, un froissement, etc) peut contribuer \u00e0 la satisfaction du consommateur. Pensez \u00e0 la sensation agr\u00e9able d\u2019ouvrir une canette qui \u00e9met ce son distinctif. Ce petit bruit est devenu une signature auditive qui anticipe le plaisir de la consommation. Le son peut donc renforcer la perception de qualit\u00e9 et augmenter l\u2019excitation autour du produit.<\/p>\n\n\n\n<p class=\"has-text-align-justify\">&#x270b; Le toucher, souvent sous-estim\u00e9, est pourtant tr\u00e8s important. La texture du packaging sous les doigts peut modifier la <strong>perception d&rsquo;un produit<\/strong>.&nbsp;<\/p>\n\n\n\n<p class=\"has-text-align-justify\">&#x1f37d;&#xfe0f; Le go\u00fbt, bien s\u00fbr, est directement li\u00e9 au produit lui-m\u00eame.&nbsp; Mais, il peut aussi \u00eatre sugg\u00e9r\u00e9 par le packaging. Les couleurs, les images et m\u00eame certaines inscriptions peuvent \u00e9veiller les papilles avant m\u00eame que le produit ne soit consomm\u00e9.<\/p>\n\n\n\n<p class=\"has-text-align-justify\">En combinant ces diff\u00e9rents <strong>\u00e9l\u00e9ments sensoriels<\/strong>, les marques peuvent offrir une exp\u00e9rience compl\u00e8te et immersive.<\/p>\n","protected":false},"excerpt":{"rendered":"<p>Le marketing sensoriel consiste \u00e0 solliciter nos sens pour cr\u00e9er des \u00e9motions, des souvenirs, et, soyons honn\u00eates, d\u00e9clencher l\u2019envie d\u2019acheter.&#x1f4b8; Et quel meilleur support pour ce type de marketing que le packaging ? Ainsi, le packaging sensoriel devient le premier point de contact, une vitrine qui raconte une histoire avant m\u00eame que le produit soit [&hellip;]<\/p>\n","protected":false},"author":1,"featured_media":3287,"comment_status":"open","ping_status":"open","sticky":false,"template":"","format":"standard","meta":{"_editorskit_title_hidden":false,"_editorskit_reading_time":0,"_editorskit_is_block_options_detached":false,"_editorskit_block_options_position":"{}","footnotes":""},"categories":[2],"tags":[],"yoast_head":"<!-- This site is optimized with the Yoast SEO plugin v22.6 - https:\/\/yoast.com\/wordpress\/plugins\/seo\/ -->\r\n<title>Le packaging et le marketing sensoriel - Le Blog des experts de l&#039;emballage<\/title>\r\n<meta name=\"description\" content=\"Le marketing sensoriel consiste \u00e0 solliciter nos sens pour cr\u00e9er des \u00e9motions et donner l\u2019envie d\u2019acheter. Et pour cela, quel meilleur support que le packaging ?\" \/>\r\n<meta name=\"robots\" content=\"index, follow, max-snippet:-1, max-image-preview:large, max-video-preview:-1\" \/>\r\n<link rel=\"canonical\" href=\"https:\/\/www.monpackaging.com\/blog\/le-packaging-et-le-marketing-sensoriel\/\" \/>\r\n<meta property=\"og:locale\" content=\"fr_FR\" \/>\r\n<meta property=\"og:type\" content=\"article\" \/>\r\n<meta property=\"og:title\" content=\"Le packaging et le marketing sensoriel - Le Blog des experts de l&#039;emballage\" \/>\r\n<meta property=\"og:description\" content=\"Le marketing sensoriel consiste \u00e0 solliciter nos sens pour cr\u00e9er des \u00e9motions et donner l\u2019envie d\u2019acheter. Et pour cela, quel meilleur support que le packaging ?\" \/>\r\n<meta property=\"og:url\" content=\"https:\/\/www.monpackaging.com\/blog\/le-packaging-et-le-marketing-sensoriel\/\" \/>\r\n<meta property=\"og:site_name\" content=\"Le Blog des experts de l&#039;emballage\" \/>\r\n<meta property=\"article:publisher\" content=\"https:\/\/www.facebook.com\/monpackaging\/\" \/>\r\n<meta property=\"article:published_time\" content=\"2024-08-21T09:26:26+00:00\" \/>\r\n<meta property=\"article:modified_time\" content=\"2024-08-21T09:28:39+00:00\" \/>\r\n<meta property=\"og:image\" content=\"https:\/\/www.monpackaging.com\/blog\/wp-content\/uploads\/2024\/08\/marketing-sensoriel.jpg\" \/>\r\n\t<meta property=\"og:image:width\" content=\"6912\" \/>\r\n\t<meta property=\"og:image:height\" content=\"3456\" \/>\r\n\t<meta property=\"og:image:type\" content=\"image\/jpeg\" \/>\r\n<meta name=\"author\" content=\"Thomas\" \/>\r\n<meta name=\"twitter:card\" content=\"summary_large_image\" \/>\r\n<meta name=\"twitter:creator\" content=\"@MonPackaging\" \/>\r\n<meta name=\"twitter:site\" content=\"@MonPackaging\" \/>\r\n<meta name=\"twitter:label1\" content=\"\u00c9crit par\" \/>\n\t<meta name=\"twitter:data1\" content=\"Thomas\" \/>\n\t<meta name=\"twitter:label2\" content=\"Dur\u00e9e de lecture estim\u00e9e\" \/>\n\t<meta name=\"twitter:data2\" content=\"5 minutes\" \/>\r\n<script type=\"application\/ld+json\" class=\"yoast-schema-graph\">{\"@context\":\"https:\/\/schema.org\",\"@graph\":[{\"@type\":\"WebPage\",\"@id\":\"https:\/\/www.monpackaging.com\/blog\/le-packaging-et-le-marketing-sensoriel\/\",\"url\":\"https:\/\/www.monpackaging.com\/blog\/le-packaging-et-le-marketing-sensoriel\/\",\"name\":\"Le packaging et le marketing sensoriel - Le Blog des experts de l&#039;emballage\",\"isPartOf\":{\"@id\":\"https:\/\/www.monpackaging.com\/blog\/#website\"},\"primaryImageOfPage\":{\"@id\":\"https:\/\/www.monpackaging.com\/blog\/le-packaging-et-le-marketing-sensoriel\/#primaryimage\"},\"image\":{\"@id\":\"https:\/\/www.monpackaging.com\/blog\/le-packaging-et-le-marketing-sensoriel\/#primaryimage\"},\"thumbnailUrl\":\"https:\/\/www.monpackaging.com\/blog\/wp-content\/uploads\/2024\/08\/marketing-sensoriel.jpg\",\"datePublished\":\"2024-08-21T09:26:26+00:00\",\"dateModified\":\"2024-08-21T09:28:39+00:00\",\"author\":{\"@id\":\"https:\/\/www.monpackaging.com\/blog\/#\/schema\/person\/d41ad873dad4579d933b5118ae136ed3\"},\"description\":\"Le marketing sensoriel consiste \u00e0 solliciter nos sens pour cr\u00e9er des \u00e9motions et donner l\u2019envie d\u2019acheter. Et pour cela, quel meilleur support que le packaging ?\",\"breadcrumb\":{\"@id\":\"https:\/\/www.monpackaging.com\/blog\/le-packaging-et-le-marketing-sensoriel\/#breadcrumb\"},\"inLanguage\":\"fr-FR\",\"potentialAction\":[{\"@type\":\"ReadAction\",\"target\":[\"https:\/\/www.monpackaging.com\/blog\/le-packaging-et-le-marketing-sensoriel\/\"]}]},{\"@type\":\"ImageObject\",\"inLanguage\":\"fr-FR\",\"@id\":\"https:\/\/www.monpackaging.com\/blog\/le-packaging-et-le-marketing-sensoriel\/#primaryimage\",\"url\":\"https:\/\/www.monpackaging.com\/blog\/wp-content\/uploads\/2024\/08\/marketing-sensoriel.jpg\",\"contentUrl\":\"https:\/\/www.monpackaging.com\/blog\/wp-content\/uploads\/2024\/08\/marketing-sensoriel.jpg\",\"width\":6912,\"height\":3456,\"caption\":\"Le packaging et le marketing sensoriel\"},{\"@type\":\"BreadcrumbList\",\"@id\":\"https:\/\/www.monpackaging.com\/blog\/le-packaging-et-le-marketing-sensoriel\/#breadcrumb\",\"itemListElement\":[{\"@type\":\"ListItem\",\"position\":1,\"name\":\"Accueil\",\"item\":\"https:\/\/www.monpackaging.com\/blog\/\"},{\"@type\":\"ListItem\",\"position\":2,\"name\":\"Le packaging et le marketing sensoriel\"}]},{\"@type\":\"WebSite\",\"@id\":\"https:\/\/www.monpackaging.com\/blog\/#website\",\"url\":\"https:\/\/www.monpackaging.com\/blog\/\",\"name\":\"Le Blog des experts de l&#039;emballage\",\"description\":\"\",\"potentialAction\":[{\"@type\":\"SearchAction\",\"target\":{\"@type\":\"EntryPoint\",\"urlTemplate\":\"https:\/\/www.monpackaging.com\/blog\/?s={search_term_string}\"},\"query-input\":\"required name=search_term_string\"}],\"inLanguage\":\"fr-FR\"},{\"@type\":\"Person\",\"@id\":\"https:\/\/www.monpackaging.com\/blog\/#\/schema\/person\/d41ad873dad4579d933b5118ae136ed3\",\"name\":\"Thomas\",\"image\":{\"@type\":\"ImageObject\",\"inLanguage\":\"fr-FR\",\"@id\":\"https:\/\/www.monpackaging.com\/blog\/#\/schema\/person\/image\/\",\"url\":\"https:\/\/secure.gravatar.com\/avatar\/53fb146a32ab351eb2f9c908583c8fbd?s=96&d=mm&r=g\",\"contentUrl\":\"https:\/\/secure.gravatar.com\/avatar\/53fb146a32ab351eb2f9c908583c8fbd?s=96&d=mm&r=g\",\"caption\":\"Thomas\"}}]}<\/script>\r\n<!-- \/ Yoast SEO plugin. -->","yoast_head_json":{"title":"Le packaging et le marketing sensoriel - Le Blog des experts de l&#039;emballage","description":"Le marketing sensoriel consiste \u00e0 solliciter nos sens pour cr\u00e9er des \u00e9motions et donner l\u2019envie d\u2019acheter. Et pour cela, quel meilleur support que le packaging ?","robots":{"index":"index","follow":"follow","max-snippet":"max-snippet:-1","max-image-preview":"max-image-preview:large","max-video-preview":"max-video-preview:-1"},"canonical":"https:\/\/www.monpackaging.com\/blog\/le-packaging-et-le-marketing-sensoriel\/","og_locale":"fr_FR","og_type":"article","og_title":"Le packaging et le marketing sensoriel - Le Blog des experts de l&#039;emballage","og_description":"Le marketing sensoriel consiste \u00e0 solliciter nos sens pour cr\u00e9er des \u00e9motions et donner l\u2019envie d\u2019acheter. Et pour cela, quel meilleur support que le packaging ?","og_url":"https:\/\/www.monpackaging.com\/blog\/le-packaging-et-le-marketing-sensoriel\/","og_site_name":"Le Blog des experts de l&#039;emballage","article_publisher":"https:\/\/www.facebook.com\/monpackaging\/","article_published_time":"2024-08-21T09:26:26+00:00","article_modified_time":"2024-08-21T09:28:39+00:00","og_image":[{"width":6912,"height":3456,"url":"https:\/\/www.monpackaging.com\/blog\/wp-content\/uploads\/2024\/08\/marketing-sensoriel.jpg","type":"image\/jpeg"}],"author":"Thomas","twitter_card":"summary_large_image","twitter_creator":"@MonPackaging","twitter_site":"@MonPackaging","twitter_misc":{"\u00c9crit par":"Thomas","Dur\u00e9e de lecture estim\u00e9e":"5 minutes"},"schema":{"@context":"https:\/\/schema.org","@graph":[{"@type":"WebPage","@id":"https:\/\/www.monpackaging.com\/blog\/le-packaging-et-le-marketing-sensoriel\/","url":"https:\/\/www.monpackaging.com\/blog\/le-packaging-et-le-marketing-sensoriel\/","name":"Le packaging et le marketing sensoriel - Le Blog des experts de l&#039;emballage","isPartOf":{"@id":"https:\/\/www.monpackaging.com\/blog\/#website"},"primaryImageOfPage":{"@id":"https:\/\/www.monpackaging.com\/blog\/le-packaging-et-le-marketing-sensoriel\/#primaryimage"},"image":{"@id":"https:\/\/www.monpackaging.com\/blog\/le-packaging-et-le-marketing-sensoriel\/#primaryimage"},"thumbnailUrl":"https:\/\/www.monpackaging.com\/blog\/wp-content\/uploads\/2024\/08\/marketing-sensoriel.jpg","datePublished":"2024-08-21T09:26:26+00:00","dateModified":"2024-08-21T09:28:39+00:00","author":{"@id":"https:\/\/www.monpackaging.com\/blog\/#\/schema\/person\/d41ad873dad4579d933b5118ae136ed3"},"description":"Le marketing sensoriel consiste \u00e0 solliciter nos sens pour cr\u00e9er des \u00e9motions et donner l\u2019envie d\u2019acheter. Et pour cela, quel meilleur support que le packaging ?","breadcrumb":{"@id":"https:\/\/www.monpackaging.com\/blog\/le-packaging-et-le-marketing-sensoriel\/#breadcrumb"},"inLanguage":"fr-FR","potentialAction":[{"@type":"ReadAction","target":["https:\/\/www.monpackaging.com\/blog\/le-packaging-et-le-marketing-sensoriel\/"]}]},{"@type":"ImageObject","inLanguage":"fr-FR","@id":"https:\/\/www.monpackaging.com\/blog\/le-packaging-et-le-marketing-sensoriel\/#primaryimage","url":"https:\/\/www.monpackaging.com\/blog\/wp-content\/uploads\/2024\/08\/marketing-sensoriel.jpg","contentUrl":"https:\/\/www.monpackaging.com\/blog\/wp-content\/uploads\/2024\/08\/marketing-sensoriel.jpg","width":6912,"height":3456,"caption":"Le packaging et le marketing sensoriel"},{"@type":"BreadcrumbList","@id":"https:\/\/www.monpackaging.com\/blog\/le-packaging-et-le-marketing-sensoriel\/#breadcrumb","itemListElement":[{"@type":"ListItem","position":1,"name":"Accueil","item":"https:\/\/www.monpackaging.com\/blog\/"},{"@type":"ListItem","position":2,"name":"Le packaging et le marketing sensoriel"}]},{"@type":"WebSite","@id":"https:\/\/www.monpackaging.com\/blog\/#website","url":"https:\/\/www.monpackaging.com\/blog\/","name":"Le Blog des experts de l&#039;emballage","description":"","potentialAction":[{"@type":"SearchAction","target":{"@type":"EntryPoint","urlTemplate":"https:\/\/www.monpackaging.com\/blog\/?s={search_term_string}"},"query-input":"required name=search_term_string"}],"inLanguage":"fr-FR"},{"@type":"Person","@id":"https:\/\/www.monpackaging.com\/blog\/#\/schema\/person\/d41ad873dad4579d933b5118ae136ed3","name":"Thomas","image":{"@type":"ImageObject","inLanguage":"fr-FR","@id":"https:\/\/www.monpackaging.com\/blog\/#\/schema\/person\/image\/","url":"https:\/\/secure.gravatar.com\/avatar\/53fb146a32ab351eb2f9c908583c8fbd?s=96&d=mm&r=g","contentUrl":"https:\/\/secure.gravatar.com\/avatar\/53fb146a32ab351eb2f9c908583c8fbd?s=96&d=mm&r=g","caption":"Thomas"}}]}},"_links":{"self":[{"href":"https:\/\/www.monpackaging.com\/blog\/wp-json\/wp\/v2\/posts\/3285"}],"collection":[{"href":"https:\/\/www.monpackaging.com\/blog\/wp-json\/wp\/v2\/posts"}],"about":[{"href":"https:\/\/www.monpackaging.com\/blog\/wp-json\/wp\/v2\/types\/post"}],"author":[{"embeddable":true,"href":"https:\/\/www.monpackaging.com\/blog\/wp-json\/wp\/v2\/users\/1"}],"replies":[{"embeddable":true,"href":"https:\/\/www.monpackaging.com\/blog\/wp-json\/wp\/v2\/comments?post=3285"}],"version-history":[{"count":3,"href":"https:\/\/www.monpackaging.com\/blog\/wp-json\/wp\/v2\/posts\/3285\/revisions"}],"predecessor-version":[{"id":3290,"href":"https:\/\/www.monpackaging.com\/blog\/wp-json\/wp\/v2\/posts\/3285\/revisions\/3290"}],"wp:featuredmedia":[{"embeddable":true,"href":"https:\/\/www.monpackaging.com\/blog\/wp-json\/wp\/v2\/media\/3287"}],"wp:attachment":[{"href":"https:\/\/www.monpackaging.com\/blog\/wp-json\/wp\/v2\/media?parent=3285"}],"wp:term":[{"taxonomy":"category","embeddable":true,"href":"https:\/\/www.monpackaging.com\/blog\/wp-json\/wp\/v2\/categories?post=3285"},{"taxonomy":"post_tag","embeddable":true,"href":"https:\/\/www.monpackaging.com\/blog\/wp-json\/wp\/v2\/tags?post=3285"}],"curies":[{"name":"wp","href":"https:\/\/api.w.org\/{rel}","templated":true}]}}