{"id":2854,"date":"2022-08-24T10:29:14","date_gmt":"2022-08-24T08:29:14","guid":{"rendered":"https:\/\/www.monpackaging.com\/blog\/?p=2854"},"modified":"2022-08-24T10:30:37","modified_gmt":"2022-08-24T08:30:37","slug":"la-typographie-dans-le-packaging","status":"publish","type":"post","link":"https:\/\/www.monpackaging.com\/blog\/la-typographie-dans-le-packaging\/","title":{"rendered":"La typographie dans le packaging"},"content":{"rendered":"\n<p class=\"has-text-align-justify\">La typographie est indispensable pour la r\u00e9ussite de votre&nbsp;<strong>packaging<\/strong>. De plus, de nos jours une tendance se forme sur les polices d\u2019\u00e9critures. En effet, il est fortement recommand\u00e9 de mettre \u00e0 votre actif une large collection de <strong>polices d\u2019\u00e9criture<\/strong>&nbsp;afin de pouvoir cr\u00e9er du&nbsp;<strong>contenu graphique<\/strong>&nbsp;vari\u00e9 et pertinent. Le choix de la bonne police d\u2019\u00e9criture impliquera la r\u00e9ussite de votre visuel final si elle est bien adapt\u00e9e \u00e0 votre sujet. Sur&nbsp;<a href=\"http:\/\/www.monpackaging.fr\/\">www.monpackaging.fr<\/a>&nbsp;vous avez la possibilit\u00e9 de choisir votre&nbsp;<strong>police<\/strong>&nbsp;pr\u00e9f\u00e9r\u00e9e pour l\u2019apposer sur votre visuel final de votre packaging.<\/p>\n\n\n\n<p>Nous allons ici, vous d\u00e9montrer comment t\u00e9l\u00e9charger vos polices d\u2019\u00e9critures avec des exemples de sites gratuits ou payants.&nbsp;<\/p>\n\n\n\n<div style=\"height:50px\" aria-hidden=\"true\" class=\"wp-block-spacer\"><\/div>\n\n\n\n<h1 class=\"has-text-color has-large-font-size wp-block-heading\" style=\"color:#00bbc4\">Sites internet pour t\u00e9l\u00e9charger vos polices d\u2019\u00e9critures gratuitement<\/h1>\n\n\n\n<p class=\"has-text-align-justify\">Il existe plusieurs sites internet permettant de t\u00e9l\u00e9charger directement en ligne des polices d\u2019\u00e9criture, aussi bien payantes que gratuites. Si vous optez pour une police d\u2019\u00e9criture gratuite \u00e0 d\u00e9poser sur votre packaging, veillez \u00e0 v\u00e9rifier que la licence jointe \u00e0 votre police vous offre la possibilit\u00e9 d\u2019en faire un&nbsp;<strong>usage commercial<\/strong>&nbsp;au cas o\u00f9 vous l\u2019utiliserez \u00e0 cette fin.&nbsp;<\/p>\n\n\n\n<p>L\u2019\u00e9quipe MonPackaging vous a fait une s\u00e9lection de 3&nbsp;sites internet&nbsp;<strong>pour t\u00e9l\u00e9charger des polices d\u2019\u00e9criture.&nbsp;<\/strong><\/p>\n\n\n\n<div style=\"height:50px\" aria-hidden=\"true\" class=\"wp-block-spacer\"><\/div>\n\n\n\n<h2 class=\"has-text-color has-medium-font-size wp-block-heading\" style=\"color:#00bbc4\"><a href=\"https:\/\/fonts.google.com\/\" target=\"_blank\" rel=\"noreferrer noopener\" class=\"ek-link\"><span style=\"color:#00bbc4\" class=\"has-inline-color\"><span style=\"text-decoration: underline;\" class=\"ek-underline\">GOOGLE FONTS<\/span><\/span><\/a><\/h2>\n\n\n\n<p class=\"has-text-align-justify\">Google Fonts est le site num\u00e9ro&nbsp;1 qui propose des polices d\u2019\u00e9critures \u00e0 t\u00e9l\u00e9charger gratuitement. Son gros point positif est qu\u2019il est propos\u00e9 par Google. En effet, cela vous permettra de vous assurer de la qualit\u00e9 et de pouvoir retrouver votre police sur la plupart des sites internet. Cet outil en ligne met \u00e0 votre disposition un large catalogue de polices d\u2019\u00e9criture dites libres de droits. Vous pourrez les t\u00e9l\u00e9charger directement sur votre ordinateur afin de les utiliser pour vos cr\u00e9ations.<\/p>\n\n\n\n<p>\u00c9galement, Google Fonts vous permet de t\u00e9l\u00e9charger vos polices pr\u00e9f\u00e9r\u00e9es sous toutes ses formes. En effet, il est possible de t\u00e9l\u00e9charger votre police d\u2019\u00e9criture en format italique, gras, regular, light\u2026) et tous les caract\u00e8res sp\u00e9ciaux.<\/p>\n\n\n\n<div style=\"height:50px\" aria-hidden=\"true\" class=\"wp-block-spacer\"><\/div>\n\n\n\n<h2 class=\"has-medium-font-size wp-block-heading\"><a href=\"https:\/\/www.fontsquirrel.com\/\" target=\"_blank\" rel=\"noreferrer noopener\" class=\"ek-link\"><span style=\"color:#00bbc4\" class=\"has-inline-color\"><span style=\"text-decoration: underline;\" class=\"ek-underline\">FONT SQUIRREL<\/span><\/span><\/a><\/h2>\n\n\n\n<p>Font Squirrel poss\u00e8de lui aussi de la renomm\u00e9e dans le domaine des sites internet de police d\u2019\u00e9criture. Sur Font Squirrel, vous pouvez avoir la possibilit\u00e9 de t\u00e9l\u00e9charger vos polices au format .OTF et .TTF sur de nombreuses polices gratuites ou payantes. Attention\u2009! sur ce site internet, certaines polices gratuites ne sont pas disponibles pour un usage commercial. Il est donc primordial de v\u00e9rifier si votre police d\u2019\u00e9criture vous permet ou non d\u2019utiliser votre police \u00e0 des fins commerciales.<\/p>\n\n\n\n<p>Un point positif de Font Squirell est son aide \u00e0 la d\u00e9tection de police sur image. En effet, il vous suffit de d\u00e9poser directement en glisser-d\u00e9poser votre image contenant la police recherch\u00e9e et Font Squirell vous proposera une liste de polices d\u2019\u00e9critures adapt\u00e9es \u00e0 la police relev\u00e9e sur votre image.<\/p>\n\n\n\n<div style=\"height:50px\" aria-hidden=\"true\" class=\"wp-block-spacer\"><\/div>\n\n\n\n<h2 class=\"has-medium-font-size wp-block-heading\"><a href=\"https:\/\/www.urbanfonts.com\/\" class=\"ek-link\"><span style=\"color:#00bbc4\" class=\"has-inline-color\"><span style=\"text-decoration: underline;\" class=\"ek-underline\">URBANFONTS<\/span><\/span><\/a><\/h2>\n\n\n\n<p>Urbanfonts est un site internet tr\u00e8s complet contenant jusqu\u2019\u00e0 plus de 6000&nbsp;polices d\u2019\u00e9critures gratuites. \u00c0 l\u2019aide d\u2019une interface moderne et de rubriques, urbanfonts vous offre une exp\u00e9rience utilisateur tr\u00e8s agr\u00e9able et simple d\u2019utilisation. Un classement des 100&nbsp;polices d\u2019\u00e9critures les plus populaires du moment est r\u00e9guli\u00e8rement mis \u00e0 jour pour vous donner des id\u00e9es.<\/p>\n\n\n\n<div style=\"height:50px\" aria-hidden=\"true\" class=\"wp-block-spacer\"><\/div>\n\n\n\n<h1 class=\"has-text-color has-large-font-size wp-block-heading\" style=\"color:#00bbc4\">Sites internet de polices d\u2019\u00e9criture payante<\/h1>\n\n\n\n<div style=\"height:50px\" aria-hidden=\"true\" class=\"wp-block-spacer\"><\/div>\n\n\n\n<h2 class=\"has-medium-font-size wp-block-heading\"><a href=\"https:\/\/www.dafont.com\/es\/\" target=\"_blank\" rel=\"noreferrer noopener\" class=\"ek-link\"><span style=\"color:#00bbc4\" class=\"has-inline-color\"><span style=\"text-decoration: underline;\" class=\"ek-underline\">Dafont<\/span><\/span><\/a><\/h2>\n\n\n\n<p>Le site de r\u00e9f\u00e9rence pour le t\u00e9l\u00e9chargement de police d\u2019\u00e9criture&nbsp;:&nbsp;<a href=\"https:\/\/www.dafont.com\/es\/\" target=\"_blank\" rel=\"noreferrer noopener\">Dafont<\/a>.&nbsp;Bien qu\u2019il propose certaines polices gratuitement et de sa renomm\u00e9e sans faille, nous \u00e9tions oblig\u00e9s de le faire figurer dans ce classement. Dafont vous permet d\u2019affiner vos recherches de typographie en fonction de plusieurs cat\u00e9gories. Pour les polices \u00e0 afficher sur vos packagings, vous retrouverez au-dessus de chaque police d\u2019\u00e9critures propos\u00e9es sur dafont s\u2019il y a une licence commerciale ou non.<\/p>\n\n\n\n<div style=\"height:50px\" aria-hidden=\"true\" class=\"wp-block-spacer\"><\/div>\n\n\n\n<h2 class=\"has-medium-font-size wp-block-heading\"><a href=\"https:\/\/www.myfonts.com\" class=\"ek-link\"><span style=\"color:#00bbc4\" class=\"has-inline-color\"><span style=\"text-decoration: underline;\" class=\"ek-underline\">MyFonts<\/span><\/span><\/a><\/h2>\n\n\n\n<p>MyFonts est un site qui vous propose plus de 130\u2009000&nbsp;polices d\u2019\u00e9criture. Un des points positifs de ce site internet est la possibilit\u00e9 de pr\u00e9visualiser votre texte et de le modifier en direct en ligne. Ici aussi, nous allons retrouver un onglet vous permettant d\u2019importer votre image et cet outil vous proposera une liste de police correspondant le plus possible \u00e0 la police pr\u00e9sente sur votre image.<\/p>\n\n\n\n<div style=\"height:50px\" aria-hidden=\"true\" class=\"wp-block-spacer\"><\/div>\n\n\n\n<h2 class=\"has-medium-font-size wp-block-heading\"><a href=\"https:\/\/www.fontspring.com\/\" target=\"_blank\" rel=\"noreferrer noopener\" class=\"ek-link\"><span style=\"color:#00bbc4\" class=\"has-inline-color\"><span style=\"text-decoration: underline;\" class=\"ek-underline\">Fontspring<\/span><\/span><\/a><\/h2>\n\n\n\n<p>Les polices d\u2019\u00e9critures disponibles sur ce site internet sont qualifi\u00e9es de \u00ab\u2009<em>worry free<\/em>\u2009\u00bb qui signifie libres de tout souci en fran\u00e7ais. Cela signifie que tu peux utiliser ces polices d\u2019\u00e9critures \u00e0 ta guise.<\/p>\n\n\n\n<div style=\"height:50px\" aria-hidden=\"true\" class=\"wp-block-spacer\"><\/div>\n\n\n\n<h1 class=\"has-text-color has-large-font-size wp-block-heading\" style=\"color:#00bbc4\">Retrouver une police \u00e0 partir d\u2019une image<\/h1>\n\n\n\n<p>Une police a attir\u00e9 votre attention et vous aimeriez utiliser cette police pour vos packagings\u2009? Cependant vous ne connaissez pas le nom de cette police\u2009? Vous avez cherch\u00e9 partout, mais aucun moyen de l\u2019obtenir\u2009? Sachez qu\u2019il est possible de retrouver votre police\u2009!<\/p>\n\n\n\n<p>Il suffit de d\u00e9tenir une image ou effectuer une capture d\u2019\u00e9cran comprenant le texte avec la police que vous d\u00e9sirez obtenir.<\/p>\n\n\n\n<p>Il existe de nombreuses applications ou outils internet qui permet de&nbsp;rep\u00e9rer des polices d\u2019\u00e9critures similaires \u00e0 celles de l\u2019image d\u00e9pos\u00e9e.&nbsp;<\/p>\n\n\n\n<p>Nous vous avons relev\u00e9 trois sites vous permettant d\u2019identifier la police d\u2019\u00e9criture \u00e0 partir d\u2019une image&nbsp;:<\/p>\n\n\n\n<ul><li>What Font is:&nbsp;<a href=\"https:\/\/www.whatfontis.com\/\" target=\"_blank\" rel=\"noreferrer noopener\">https:\/\/www.whatfontis.com\/<\/a><\/li><li>What the Font (My Fonts):&nbsp;<a href=\"https:\/\/www.myfonts.com\/WhatTheFont\/\" target=\"_blank\" rel=\"noreferrer noopener\">https:\/\/www.myfonts.com\/WhatTheFont\/<\/a><\/li><li>Matchterator (Font Squirrel)&nbsp;:&nbsp;<a href=\"https:\/\/www.fontsquirrel.com\/matcherator\" target=\"_blank\" rel=\"noreferrer noopener\">https:\/\/www.fontsquirrel.com\/matcherator<\/a><\/li><\/ul>\n\n\n\n<div style=\"height:50px\" aria-hidden=\"true\" class=\"wp-block-spacer\"><\/div>\n\n\n\n<h1 class=\"has-text-color has-large-font-size wp-block-heading\" style=\"color:#00bbc4\">Comment t\u00e9l\u00e9charger et importer une police d\u2019\u00e9criture&nbsp;<\/h1>\n\n\n\n<p>Nous prendrons l\u2019exemple avec Google Fonts<\/p>\n\n\n\n<p>Fonctionne sur Windows &amp; Mac&nbsp;:&nbsp;<\/p>\n\n\n\n<ul><li>&#8211; Rendez-vous sur le site de&nbsp;<a href=\"https:\/\/fonts.google.com\/\" class=\"ek-link\">Google Fonts<\/a>&nbsp;et \u00e9crivez le nom de votre police<\/li><\/ul>\n\n\n\n<div class=\"wp-block-image\"><figure class=\"aligncenter size-large\"><img decoding=\"async\" loading=\"lazy\" width=\"1024\" height=\"378\" src=\"https:\/\/www.monpackaging.com\/blog\/wp-content\/uploads\/2022\/08\/GF1-1024x378.png\" alt=\"\" class=\"wp-image-2857\" srcset=\"https:\/\/www.monpackaging.com\/blog\/wp-content\/uploads\/2022\/08\/GF1-1024x378.png 1024w, https:\/\/www.monpackaging.com\/blog\/wp-content\/uploads\/2022\/08\/GF1-300x111.png 300w, https:\/\/www.monpackaging.com\/blog\/wp-content\/uploads\/2022\/08\/GF1-768x283.png 768w, https:\/\/www.monpackaging.com\/blog\/wp-content\/uploads\/2022\/08\/GF1.png 1386w\" sizes=\"(max-width: 1024px) 100vw, 1024px\" \/><\/figure><\/div>\n\n\n\n<ul><li>&#8211; Cliquez sur la police de votre choix<\/li><\/ul>\n\n\n\n<div class=\"wp-block-image\"><figure class=\"aligncenter size-large\"><img decoding=\"async\" loading=\"lazy\" width=\"1024\" height=\"558\" src=\"https:\/\/www.monpackaging.com\/blog\/wp-content\/uploads\/2022\/08\/Capture-decran-2022-08-22-a-15.46.31-1024x558.png\" alt=\"\" class=\"wp-image-2861\" srcset=\"https:\/\/www.monpackaging.com\/blog\/wp-content\/uploads\/2022\/08\/Capture-decran-2022-08-22-a-15.46.31-1024x558.png 1024w, https:\/\/www.monpackaging.com\/blog\/wp-content\/uploads\/2022\/08\/Capture-decran-2022-08-22-a-15.46.31-300x164.png 300w, https:\/\/www.monpackaging.com\/blog\/wp-content\/uploads\/2022\/08\/Capture-decran-2022-08-22-a-15.46.31-768x419.png 768w, https:\/\/www.monpackaging.com\/blog\/wp-content\/uploads\/2022\/08\/Capture-decran-2022-08-22-a-15.46.31-1536x837.png 1536w, https:\/\/www.monpackaging.com\/blog\/wp-content\/uploads\/2022\/08\/Capture-decran-2022-08-22-a-15.46.31-2048x1116.png 2048w\" sizes=\"(max-width: 1024px) 100vw, 1024px\" \/><\/figure><\/div>\n\n\n\n<ul><li>&#8211; Cliquez sur \u00ab\u2009Download family\u2009\u00bb ou \u00ab\u2009t\u00e9l\u00e9charger la famille\u2009\u00bb<\/li><\/ul>\n\n\n\n<ul><li>&#8211; Ex\u00e9cutez le fichier .ttf que vous souhaitez installer<\/li><\/ul>\n\n\n\n<div class=\"wp-block-image\"><figure class=\"aligncenter size-large\"><img decoding=\"async\" loading=\"lazy\" width=\"1024\" height=\"101\" src=\"https:\/\/www.monpackaging.com\/blog\/wp-content\/uploads\/2022\/08\/Capture-decran-2022-08-22-a-15.46.50-1024x101.png\" alt=\"\" class=\"wp-image-2860\" srcset=\"https:\/\/www.monpackaging.com\/blog\/wp-content\/uploads\/2022\/08\/Capture-decran-2022-08-22-a-15.46.50-1024x101.png 1024w, https:\/\/www.monpackaging.com\/blog\/wp-content\/uploads\/2022\/08\/Capture-decran-2022-08-22-a-15.46.50-300x30.png 300w, https:\/\/www.monpackaging.com\/blog\/wp-content\/uploads\/2022\/08\/Capture-decran-2022-08-22-a-15.46.50-768x76.png 768w, https:\/\/www.monpackaging.com\/blog\/wp-content\/uploads\/2022\/08\/Capture-decran-2022-08-22-a-15.46.50-1536x152.png 1536w, https:\/\/www.monpackaging.com\/blog\/wp-content\/uploads\/2022\/08\/Capture-decran-2022-08-22-a-15.46.50-2048x202.png 2048w\" sizes=\"(max-width: 1024px) 100vw, 1024px\" \/><\/figure><\/div>\n\n\n\n<ul><li>&#8211; Cliquez sur installer la police<\/li><\/ul>\n\n\n\n<div class=\"wp-block-image\"><figure class=\"aligncenter size-full\"><img decoding=\"async\" loading=\"lazy\" width=\"596\" height=\"512\" src=\"https:\/\/www.monpackaging.com\/blog\/wp-content\/uploads\/2022\/08\/Installpolice.png\" alt=\"\" class=\"wp-image-2863\" srcset=\"https:\/\/www.monpackaging.com\/blog\/wp-content\/uploads\/2022\/08\/Installpolice.png 596w, https:\/\/www.monpackaging.com\/blog\/wp-content\/uploads\/2022\/08\/Installpolice-300x258.png 300w\" sizes=\"(max-width: 596px) 100vw, 596px\" \/><\/figure><\/div>\n\n\n\n<p>Astuce bonus\u00a0: Importez votre police sur <a href=\"https:\/\/www.canva.com\" class=\"ek-link\">Canva<\/a> (pro)<\/p>\n\n\n\n<ul><li>&#8211; Rendez-vous sur votre Canva pro et cliquez sur l\u2019onglet \u00ab\u2009marque\u2009\u00bb<\/li><\/ul>\n\n\n\n<div class=\"wp-block-image\"><figure class=\"aligncenter size-full\"><img decoding=\"async\" loading=\"lazy\" width=\"510\" height=\"488\" src=\"https:\/\/www.monpackaging.com\/blog\/wp-content\/uploads\/2022\/08\/Capture-decran-2022-08-22-a-15.52.46.png\" alt=\"\" class=\"wp-image-2859\" srcset=\"https:\/\/www.monpackaging.com\/blog\/wp-content\/uploads\/2022\/08\/Capture-decran-2022-08-22-a-15.52.46.png 510w, https:\/\/www.monpackaging.com\/blog\/wp-content\/uploads\/2022\/08\/Capture-decran-2022-08-22-a-15.52.46-300x287.png 300w\" sizes=\"(max-width: 510px) 100vw, 510px\" \/><\/figure><\/div>\n\n\n\n<ul><li>&#8211; Cliquez sur \u00ab\u2009importer une police\u2009\u00bb et s\u00e9lectionnez votre police<\/li><\/ul>\n\n\n\n<div class=\"wp-block-image\"><figure class=\"aligncenter size-large\"><img decoding=\"async\" loading=\"lazy\" width=\"1024\" height=\"525\" src=\"https:\/\/www.monpackaging.com\/blog\/wp-content\/uploads\/2022\/08\/Capture-decran-2022-08-22-a-15.52.56-1-1024x525.png\" alt=\"\" class=\"wp-image-2864\" srcset=\"https:\/\/www.monpackaging.com\/blog\/wp-content\/uploads\/2022\/08\/Capture-decran-2022-08-22-a-15.52.56-1-1024x525.png 1024w, https:\/\/www.monpackaging.com\/blog\/wp-content\/uploads\/2022\/08\/Capture-decran-2022-08-22-a-15.52.56-1-300x154.png 300w, https:\/\/www.monpackaging.com\/blog\/wp-content\/uploads\/2022\/08\/Capture-decran-2022-08-22-a-15.52.56-1-768x394.png 768w, https:\/\/www.monpackaging.com\/blog\/wp-content\/uploads\/2022\/08\/Capture-decran-2022-08-22-a-15.52.56-1.png 1502w\" sizes=\"(max-width: 1024px) 100vw, 1024px\" \/><\/figure><\/div>\n\n\n\n<p>Et voila ! vous pouvez utiliser votre police d&rsquo;\u00e9criture sur toutes vos cr\u00e9ations, magique non ?<\/p>\n","protected":false},"excerpt":{"rendered":"<p>La typographie est indispensable pour la r\u00e9ussite de votre&nbsp;packaging. De plus, de nos jours une tendance se forme sur les polices d\u2019\u00e9critures. En effet, il est fortement recommand\u00e9 de mettre \u00e0 votre actif une large collection de polices d\u2019\u00e9criture&nbsp;afin de pouvoir cr\u00e9er du&nbsp;contenu graphique&nbsp;vari\u00e9 et pertinent. Le choix de la bonne police d\u2019\u00e9criture impliquera la [&hellip;]<\/p>\n","protected":false},"author":1,"featured_media":2869,"comment_status":"open","ping_status":"open","sticky":false,"template":"","format":"standard","meta":{"_editorskit_title_hidden":false,"_editorskit_reading_time":4,"_editorskit_is_block_options_detached":false,"_editorskit_block_options_position":"{}","footnotes":""},"categories":[2],"tags":[174,10,3,5,6],"yoast_head":"<!-- This site is optimized with the Yoast SEO plugin v22.6 - https:\/\/yoast.com\/wordpress\/plugins\/seo\/ -->\r\n<title>La typographie dans le packaging<\/title>\r\n<meta name=\"description\" content=\"Venez d\u00e9couvrir l&#039;utilit\u00e9 d&#039;une typographie \u00e0 utiliser lors de la confection de votre packaging en ligne !\" \/>\r\n<meta name=\"robots\" content=\"index, follow, max-snippet:-1, max-image-preview:large, max-video-preview:-1\" \/>\r\n<link rel=\"canonical\" href=\"https:\/\/www.monpackaging.com\/blog\/la-typographie-dans-le-packaging\/\" \/>\r\n<meta property=\"og:locale\" content=\"fr_FR\" \/>\r\n<meta property=\"og:type\" content=\"article\" \/>\r\n<meta property=\"og:title\" content=\"La typographie dans le packaging\" \/>\r\n<meta property=\"og:description\" content=\"Venez d\u00e9couvrir l&#039;utilit\u00e9 d&#039;une typographie \u00e0 utiliser lors de la confection de votre packaging en ligne !\" \/>\r\n<meta property=\"og:url\" content=\"https:\/\/www.monpackaging.com\/blog\/la-typographie-dans-le-packaging\/\" \/>\r\n<meta property=\"og:site_name\" content=\"Le Blog des experts de l&#039;emballage\" \/>\r\n<meta property=\"article:publisher\" content=\"https:\/\/www.facebook.com\/monpackaging\/\" \/>\r\n<meta property=\"article:published_time\" content=\"2022-08-24T08:29:14+00:00\" \/>\r\n<meta property=\"article:modified_time\" content=\"2022-08-24T08:30:37+00:00\" \/>\r\n<meta property=\"og:image\" content=\"https:\/\/www.monpackaging.com\/blog\/wp-content\/uploads\/2022\/08\/Bleu-typo-2-scaled.jpg\" \/>\r\n\t<meta property=\"og:image:width\" content=\"2560\" \/>\r\n\t<meta property=\"og:image:height\" content=\"1280\" \/>\r\n\t<meta property=\"og:image:type\" content=\"image\/jpeg\" \/>\r\n<meta name=\"author\" content=\"Thomas\" \/>\r\n<meta name=\"twitter:card\" content=\"summary_large_image\" \/>\r\n<meta name=\"twitter:creator\" content=\"@MonPackaging\" \/>\r\n<meta name=\"twitter:site\" content=\"@MonPackaging\" \/>\r\n<meta name=\"twitter:label1\" content=\"\u00c9crit par\" \/>\n\t<meta name=\"twitter:data1\" content=\"Thomas\" \/>\n\t<meta name=\"twitter:label2\" content=\"Dur\u00e9e de lecture estim\u00e9e\" \/>\n\t<meta name=\"twitter:data2\" content=\"6 minutes\" \/>\r\n<script type=\"application\/ld+json\" class=\"yoast-schema-graph\">{\"@context\":\"https:\/\/schema.org\",\"@graph\":[{\"@type\":\"WebPage\",\"@id\":\"https:\/\/www.monpackaging.com\/blog\/la-typographie-dans-le-packaging\/\",\"url\":\"https:\/\/www.monpackaging.com\/blog\/la-typographie-dans-le-packaging\/\",\"name\":\"La typographie dans le packaging\",\"isPartOf\":{\"@id\":\"https:\/\/www.monpackaging.com\/blog\/#website\"},\"primaryImageOfPage\":{\"@id\":\"https:\/\/www.monpackaging.com\/blog\/la-typographie-dans-le-packaging\/#primaryimage\"},\"image\":{\"@id\":\"https:\/\/www.monpackaging.com\/blog\/la-typographie-dans-le-packaging\/#primaryimage\"},\"thumbnailUrl\":\"https:\/\/www.monpackaging.com\/blog\/wp-content\/uploads\/2022\/08\/Bleu-typo-2-scaled.jpg\",\"datePublished\":\"2022-08-24T08:29:14+00:00\",\"dateModified\":\"2022-08-24T08:30:37+00:00\",\"author\":{\"@id\":\"https:\/\/www.monpackaging.com\/blog\/#\/schema\/person\/d41ad873dad4579d933b5118ae136ed3\"},\"description\":\"Venez d\u00e9couvrir l'utilit\u00e9 d'une typographie \u00e0 utiliser lors de la confection de votre packaging en ligne !\",\"breadcrumb\":{\"@id\":\"https:\/\/www.monpackaging.com\/blog\/la-typographie-dans-le-packaging\/#breadcrumb\"},\"inLanguage\":\"fr-FR\",\"potentialAction\":[{\"@type\":\"ReadAction\",\"target\":[\"https:\/\/www.monpackaging.com\/blog\/la-typographie-dans-le-packaging\/\"]}]},{\"@type\":\"ImageObject\",\"inLanguage\":\"fr-FR\",\"@id\":\"https:\/\/www.monpackaging.com\/blog\/la-typographie-dans-le-packaging\/#primaryimage\",\"url\":\"https:\/\/www.monpackaging.com\/blog\/wp-content\/uploads\/2022\/08\/Bleu-typo-2-scaled.jpg\",\"contentUrl\":\"https:\/\/www.monpackaging.com\/blog\/wp-content\/uploads\/2022\/08\/Bleu-typo-2-scaled.jpg\",\"width\":2560,\"height\":1280},{\"@type\":\"BreadcrumbList\",\"@id\":\"https:\/\/www.monpackaging.com\/blog\/la-typographie-dans-le-packaging\/#breadcrumb\",\"itemListElement\":[{\"@type\":\"ListItem\",\"position\":1,\"name\":\"Accueil\",\"item\":\"https:\/\/www.monpackaging.com\/blog\/\"},{\"@type\":\"ListItem\",\"position\":2,\"name\":\"La typographie dans le packaging\"}]},{\"@type\":\"WebSite\",\"@id\":\"https:\/\/www.monpackaging.com\/blog\/#website\",\"url\":\"https:\/\/www.monpackaging.com\/blog\/\",\"name\":\"Le Blog des experts de l&#039;emballage\",\"description\":\"\",\"potentialAction\":[{\"@type\":\"SearchAction\",\"target\":{\"@type\":\"EntryPoint\",\"urlTemplate\":\"https:\/\/www.monpackaging.com\/blog\/?s={search_term_string}\"},\"query-input\":\"required name=search_term_string\"}],\"inLanguage\":\"fr-FR\"},{\"@type\":\"Person\",\"@id\":\"https:\/\/www.monpackaging.com\/blog\/#\/schema\/person\/d41ad873dad4579d933b5118ae136ed3\",\"name\":\"Thomas\",\"image\":{\"@type\":\"ImageObject\",\"inLanguage\":\"fr-FR\",\"@id\":\"https:\/\/www.monpackaging.com\/blog\/#\/schema\/person\/image\/\",\"url\":\"https:\/\/secure.gravatar.com\/avatar\/53fb146a32ab351eb2f9c908583c8fbd?s=96&d=mm&r=g\",\"contentUrl\":\"https:\/\/secure.gravatar.com\/avatar\/53fb146a32ab351eb2f9c908583c8fbd?s=96&d=mm&r=g\",\"caption\":\"Thomas\"}}]}<\/script>\r\n<!-- \/ Yoast SEO plugin. -->","yoast_head_json":{"title":"La typographie dans le packaging","description":"Venez d\u00e9couvrir l'utilit\u00e9 d'une typographie \u00e0 utiliser lors de la confection de votre packaging en ligne !","robots":{"index":"index","follow":"follow","max-snippet":"max-snippet:-1","max-image-preview":"max-image-preview:large","max-video-preview":"max-video-preview:-1"},"canonical":"https:\/\/www.monpackaging.com\/blog\/la-typographie-dans-le-packaging\/","og_locale":"fr_FR","og_type":"article","og_title":"La typographie dans le packaging","og_description":"Venez d\u00e9couvrir l'utilit\u00e9 d'une typographie \u00e0 utiliser lors de la confection de votre packaging en ligne !","og_url":"https:\/\/www.monpackaging.com\/blog\/la-typographie-dans-le-packaging\/","og_site_name":"Le Blog des experts de l&#039;emballage","article_publisher":"https:\/\/www.facebook.com\/monpackaging\/","article_published_time":"2022-08-24T08:29:14+00:00","article_modified_time":"2022-08-24T08:30:37+00:00","og_image":[{"width":2560,"height":1280,"url":"https:\/\/www.monpackaging.com\/blog\/wp-content\/uploads\/2022\/08\/Bleu-typo-2-scaled.jpg","type":"image\/jpeg"}],"author":"Thomas","twitter_card":"summary_large_image","twitter_creator":"@MonPackaging","twitter_site":"@MonPackaging","twitter_misc":{"\u00c9crit par":"Thomas","Dur\u00e9e de lecture estim\u00e9e":"6 minutes"},"schema":{"@context":"https:\/\/schema.org","@graph":[{"@type":"WebPage","@id":"https:\/\/www.monpackaging.com\/blog\/la-typographie-dans-le-packaging\/","url":"https:\/\/www.monpackaging.com\/blog\/la-typographie-dans-le-packaging\/","name":"La typographie dans le packaging","isPartOf":{"@id":"https:\/\/www.monpackaging.com\/blog\/#website"},"primaryImageOfPage":{"@id":"https:\/\/www.monpackaging.com\/blog\/la-typographie-dans-le-packaging\/#primaryimage"},"image":{"@id":"https:\/\/www.monpackaging.com\/blog\/la-typographie-dans-le-packaging\/#primaryimage"},"thumbnailUrl":"https:\/\/www.monpackaging.com\/blog\/wp-content\/uploads\/2022\/08\/Bleu-typo-2-scaled.jpg","datePublished":"2022-08-24T08:29:14+00:00","dateModified":"2022-08-24T08:30:37+00:00","author":{"@id":"https:\/\/www.monpackaging.com\/blog\/#\/schema\/person\/d41ad873dad4579d933b5118ae136ed3"},"description":"Venez d\u00e9couvrir l'utilit\u00e9 d'une typographie \u00e0 utiliser lors de la confection de votre packaging en ligne !","breadcrumb":{"@id":"https:\/\/www.monpackaging.com\/blog\/la-typographie-dans-le-packaging\/#breadcrumb"},"inLanguage":"fr-FR","potentialAction":[{"@type":"ReadAction","target":["https:\/\/www.monpackaging.com\/blog\/la-typographie-dans-le-packaging\/"]}]},{"@type":"ImageObject","inLanguage":"fr-FR","@id":"https:\/\/www.monpackaging.com\/blog\/la-typographie-dans-le-packaging\/#primaryimage","url":"https:\/\/www.monpackaging.com\/blog\/wp-content\/uploads\/2022\/08\/Bleu-typo-2-scaled.jpg","contentUrl":"https:\/\/www.monpackaging.com\/blog\/wp-content\/uploads\/2022\/08\/Bleu-typo-2-scaled.jpg","width":2560,"height":1280},{"@type":"BreadcrumbList","@id":"https:\/\/www.monpackaging.com\/blog\/la-typographie-dans-le-packaging\/#breadcrumb","itemListElement":[{"@type":"ListItem","position":1,"name":"Accueil","item":"https:\/\/www.monpackaging.com\/blog\/"},{"@type":"ListItem","position":2,"name":"La typographie dans le packaging"}]},{"@type":"WebSite","@id":"https:\/\/www.monpackaging.com\/blog\/#website","url":"https:\/\/www.monpackaging.com\/blog\/","name":"Le Blog des experts de l&#039;emballage","description":"","potentialAction":[{"@type":"SearchAction","target":{"@type":"EntryPoint","urlTemplate":"https:\/\/www.monpackaging.com\/blog\/?s={search_term_string}"},"query-input":"required name=search_term_string"}],"inLanguage":"fr-FR"},{"@type":"Person","@id":"https:\/\/www.monpackaging.com\/blog\/#\/schema\/person\/d41ad873dad4579d933b5118ae136ed3","name":"Thomas","image":{"@type":"ImageObject","inLanguage":"fr-FR","@id":"https:\/\/www.monpackaging.com\/blog\/#\/schema\/person\/image\/","url":"https:\/\/secure.gravatar.com\/avatar\/53fb146a32ab351eb2f9c908583c8fbd?s=96&d=mm&r=g","contentUrl":"https:\/\/secure.gravatar.com\/avatar\/53fb146a32ab351eb2f9c908583c8fbd?s=96&d=mm&r=g","caption":"Thomas"}}]}},"_links":{"self":[{"href":"https:\/\/www.monpackaging.com\/blog\/wp-json\/wp\/v2\/posts\/2854"}],"collection":[{"href":"https:\/\/www.monpackaging.com\/blog\/wp-json\/wp\/v2\/posts"}],"about":[{"href":"https:\/\/www.monpackaging.com\/blog\/wp-json\/wp\/v2\/types\/post"}],"author":[{"embeddable":true,"href":"https:\/\/www.monpackaging.com\/blog\/wp-json\/wp\/v2\/users\/1"}],"replies":[{"embeddable":true,"href":"https:\/\/www.monpackaging.com\/blog\/wp-json\/wp\/v2\/comments?post=2854"}],"version-history":[{"count":9,"href":"https:\/\/www.monpackaging.com\/blog\/wp-json\/wp\/v2\/posts\/2854\/revisions"}],"predecessor-version":[{"id":2874,"href":"https:\/\/www.monpackaging.com\/blog\/wp-json\/wp\/v2\/posts\/2854\/revisions\/2874"}],"wp:featuredmedia":[{"embeddable":true,"href":"https:\/\/www.monpackaging.com\/blog\/wp-json\/wp\/v2\/media\/2869"}],"wp:attachment":[{"href":"https:\/\/www.monpackaging.com\/blog\/wp-json\/wp\/v2\/media?parent=2854"}],"wp:term":[{"taxonomy":"category","embeddable":true,"href":"https:\/\/www.monpackaging.com\/blog\/wp-json\/wp\/v2\/categories?post=2854"},{"taxonomy":"post_tag","embeddable":true,"href":"https:\/\/www.monpackaging.com\/blog\/wp-json\/wp\/v2\/tags?post=2854"}],"curies":[{"name":"wp","href":"https:\/\/api.w.org\/{rel}","templated":true}]}}