{"id":2711,"date":"2021-11-22T14:53:37","date_gmt":"2021-11-22T13:53:37","guid":{"rendered":"https:\/\/www.monpackaging.com\/blog\/?p=2711"},"modified":"2021-12-01T13:35:59","modified_gmt":"2021-12-01T12:35:59","slug":"realiser-un-design-professionnel-pour-vos-packagings","status":"publish","type":"post","link":"https:\/\/www.monpackaging.com\/blog\/realiser-un-design-professionnel-pour-vos-packagings\/","title":{"rendered":"R\u00e9aliser un design professionnel pour vos packagings"},"content":{"rendered":"<p>De nos jours, l\u2019apparence d\u2019une <strong>entreprise<\/strong> a une importance consid\u00e9rable sur son activit\u00e9, et encore plus dans le <strong>domaine du packaging<\/strong>. Il est imp\u00e9ratif de soigner votre <strong>image de marque<\/strong> par des visuels ou tout autre moyen graphique. Avoir des visuels de qualit\u00e9 professionnelle vous apportera le respect de vos concurrents, ainsi que de vos clients. Vous serez pris au s\u00e9rieux et pourrez d\u00e9velopper votre marque. L\u2019importance d\u2019un <strong>design professionnel<\/strong> se traduira par une augmentation de vos ventes et de votre notori\u00e9t\u00e9 sur la toile. En janvier 2021, le nombre <strong>d\u2019utilisateurs connect\u00e9s<\/strong> est estim\u00e9 \u00e0 4,66\u00a0milliards. \u00c0 la suite de la crise de la <strong>COVID-19,<\/strong> il ne fait aucun doute que ce chiffre ne fera qu\u2019augmenter.<\/p>\n<h2><span style=\"color: #3fdae8;\"><strong><span style=\"font-size: 24pt;\">Pourquoi r\u00e9aliser un design professionnel pour votre packaging<\/span>\u00a0<\/strong><\/span><\/h2>\n<p>Vous vous demandez s\u00fbrement quelle est l\u2019utilit\u00e9 d\u2019avoir un logo ou des <strong>visuels professionnels<\/strong>, ou du moins, ne mesurez peut-\u00eatre pas toute l\u2019attention qu\u2019il faut y accorder. Nous allons ici vous d\u00e9montrer pourquoi il est n\u00e9cessaire de professionnaliser vos <strong>designs graphiques<\/strong>.<\/p>\n<p>Premi\u00e8rement, pour la plupart des entreprises qui vous proposent un service pour lequel vous devez fournir un visuel, il vous est presque syst\u00e9matiquement demand\u00e9 un <strong>fichier de haute qualit\u00e9 <\/strong>(impression de cartes de visite, flyers, brochures, catalogues, packaging, etc.). En effet, les crit\u00e8res sont g\u00e9n\u00e9ralement les m\u00eames partout\u00a0: un visuel de 300\u00a0pixels par image (ppi ou dpi) minimum, ainsi qu\u2019un format \u00e0 respecter selon une <strong>zone de travail<\/strong> pr\u00e9d\u00e9finie. Pour information, l\u2019\u00e9quipe MonPackaging&#x2122; accepte de nombreux fichiers pour la cr\u00e9ation de packaging, cependant, plus vos fichiers sont professionnels, optimis\u00e9s et de bonne qualit\u00e9, plus le rendu final est \u00e0 la hauteur de vos attentes.<\/p>\n<p>Deuxi\u00e8mement, lorsque vous pr\u00e9senter un projet, ou votre entreprise dans sa globalit\u00e9, il est toujours plus impactant de d\u00e9tenir des visuels et accompagn\u00e9s d\u2019un <strong>logo professionnel<\/strong>, cela vous octroie une confiance imm\u00e9diate de la part de votre audience. Si vous pr\u00e9sentez votre activit\u00e9 \u00e0 d\u2019\u00e9ventuels investisseurs, \u00e7a peut aussi faire toute la diff\u00e9rence\u2026<\/p>\n<p>Troisi\u00e8mement, le fait de b\u00e9n\u00e9ficier de designs professionnels vous permet de b\u00e2tir votre <strong>charte graphique<\/strong>. Avoir votre propre charte graphique, en ad\u00e9quation avec votre <strong>ligne \u00e9ditoriale<\/strong>, c\u2019est de cette fa\u00e7on que votre <strong>communication digitale<\/strong> se concr\u00e9tise et se professionnalise sur le long terme.<\/p>\n<p>En bref, \u00e0 l\u2019aide de vos visuels graphiques de qualit\u00e9 professionnelle, vous vous assurez un r\u00e9sultat optimal pour chacune des <strong>actions commerciales<\/strong> auxquelles vous avez recours dans la vie, et la gestion quotidienne de votre entreprise.<\/p>\n<h2><span style=\"font-size: 24pt; color: #3fdae8;\"><strong>3 points positifs d\u2019un design professionnel sur votre packaging<\/strong><\/span><\/h2>\n<p>Notre \u00e9quipe a mis en \u00e9vidence, pour vous, les trois points positifs cruciaux, d\u2019un <strong>design professionnel<\/strong> pour votre futur packaging\u00a0:<\/p>\n<p>&nbsp;<\/p>\n<ol>\n<li>Un rendu TOP qualit\u00e9<\/li>\n<\/ol>\n<p>Un des points les plus importants\u00a0: le rendu final de votre <strong>packaging<\/strong>. Soyez-en certain, c\u2019est parce que vous fournirez des visuels de qualit\u00e9 professionnelle que vous serez fier de votre packaging final. Peu importe sa taille, gr\u00e2ce \u00e0 la grande qualit\u00e9 de vos fichiers, vous obtiendrez un produit digne de vos attentes.<\/p>\n<p>&nbsp;<\/p>\n<ol start=\"2\">\n<li>Votre visuel final est identique au visuel que vous avez d\u00e9pos\u00e9\u00a0<\/li>\n<\/ol>\n<p>Fini le stress des d\u00e9fauts d\u2019impression au rendu final. Vous n\u2019avez plus de craintes \u00e0 avoir, votre visuel s\u2019affichera correctement sur votre <strong>emballage, <\/strong>que ce soit un packaging rectangle, un packaging carr\u00e9, ou un packaging sur mesure. Tant que votre fichier source est de qualit\u00e9, \u00e0 vos questions\u00a0: \u00ab\u2009Est-ce que tout se passera bien lors de l\u2019impression\u2009?\u2009\u00bb et \u00ab\u2009Est-ce que le rendu sera \u00e0 la hauteur\u2009?\u2009\u00bb Les r\u00e9ponses seront \u00ab\u2009oui.\u2009\u00bb<\/p>\n<p>&nbsp;<\/p>\n<ol start=\"3\">\n<li>Votre produit attire l\u2019attention et suscite l\u2019int\u00e9r\u00eat de vos clients<\/li>\n<\/ol>\n<p>Quoi de mieux que la satisfaction de vos <strong>clients <\/strong>et leurs retours positifs\u2009? La finalit\u00e9 de votre visuel appos\u00e9 sur votre packaging en carton ou votre packaging luxe, ne pourra que vous r\u00e9conforter dans votre choix d\u2019avoir fourni des sources de qualit\u00e9 professionnelle. Mettre les moyens dans votre <strong>packaging<\/strong> est une fa\u00e7on d\u2019investir sur votre projet, plus vous serez fier de votre packaging plus vos clients l\u2019appr\u00e9cieront.<\/p>\n<h2><span style=\"font-size: 24pt; color: #3fdae8;\"><strong>Les outils \u00e0 votre disposition<\/strong><\/span><\/h2>\n<p>Nous allons vous pr\u00e9senter quelques outils afin de rendre vos visuels plus professionnels sans passer par la case paiement, ou \u00e0 <strong>bas prix<\/strong>.\u00a0<\/p>\n<p>L\u2019incontournable de la <strong>cr\u00e9ation graphique<\/strong> est \u00e9videmment la suite Adobe. Que ce soit Photoshop ou Illustrator ils seront vos meilleurs alli\u00e9s. Cependant, la suite adobe reste relativement on\u00e9reuse. 23,99\u00a0\u20ac par mois pour un seul outil et 59,99\u00a0\u20ac pour l\u2019ensemble des outils de la suite adobe. Il est bon de savoir qu\u2019il existe une version plus l\u00e9g\u00e8re de ces outils, et \u00e0 moindre co\u00fbt, la s\u00e9rie \u00ab\u2009Elements\u2009\u00bb. De la m\u00eame fa\u00e7on, des <strong>alternatives gratuites<\/strong> sont aussi envisageables.<\/p>\n<p>Dans cette optique, voici deux <strong>outils gratuits<\/strong> qui peuvent s\u2019envisager comme alternative \u00e0 Photoshop\u00a0:<\/p>\n<p>Premi\u00e8rement\u00a0: Canva. C\u2019est un outil en ligne tr\u00e8s intuitif. Vous pouvez y concevoir vos designs, directement en ligne, au format souhait\u00e9, et avec de nombreuses possibilit\u00e9s de personnalisation. Canva vous propose \u00e9galement un large choix de mod\u00e8les dont vous pouvez vous inspirer, et ce pour l\u2019ensemble de vos besoins graphiques.\u00a0<\/p>\n<p>Deuxi\u00e8mement\u00a0: Photopea. Comme Canva, il ne requiert pas d\u2019installation et s\u2019utilise en ligne. Souvent compar\u00e9 \u00e0 Photoshop il reprend la majorit\u00e9 des fonctionnalit\u00e9s de Photoshop. Son point fort est qu\u2019il a la particularit\u00e9 de prendre en compte tous les fichiers de la suite Adobe. Il permet la retouche photo, ainsi que le traitement d\u2019image vectorielle et matricielle.<\/p>\n<p>Pour Illustrator, l\u2019alternative gratuite sera Inkskape. C\u2019est un outil de dessin vectoriel professionnel qui vous sera particuli\u00e8rement utile pour la cr\u00e9ation de votre logo, de votre flyer, ou tout autre support de communication print.<\/p>\n","protected":false},"excerpt":{"rendered":"<p>De nos jours, l\u2019apparence d\u2019une entreprise a une importance consid\u00e9rable sur son activit\u00e9, et encore plus dans le domaine du packaging. Il est imp\u00e9ratif de soigner votre image de marque par des visuels ou tout autre moyen graphique. Avoir des visuels de qualit\u00e9 professionnelle vous apportera le respect de vos concurrents, ainsi que de vos [&hellip;]<\/p>\n","protected":false},"author":1,"featured_media":2712,"comment_status":"open","ping_status":"open","sticky":false,"template":"","format":"standard","meta":{"_editorskit_title_hidden":false,"_editorskit_reading_time":0,"_editorskit_is_block_options_detached":false,"_editorskit_block_options_position":"{}","footnotes":""},"categories":[2],"tags":[61,19,5,6,7,8,33],"yoast_head":"<!-- This site is optimized with the Yoast SEO plugin v22.6 - https:\/\/yoast.com\/wordpress\/plugins\/seo\/ -->\r\n<title>R\u00e9aliser un design professionnel pour vos packagings<\/title>\r\n<meta name=\"description\" content=\"Un design professionnel est important et vous permettra d&#039;augmenter vos ventes et votre notori\u00e9t\u00e9 sur la toile.\" \/>\r\n<meta name=\"robots\" content=\"index, follow, max-snippet:-1, max-image-preview:large, max-video-preview:-1\" \/>\r\n<link rel=\"canonical\" href=\"https:\/\/www.monpackaging.com\/blog\/realiser-un-design-professionnel-pour-vos-packagings\/\" \/>\r\n<meta property=\"og:locale\" content=\"fr_FR\" \/>\r\n<meta property=\"og:type\" content=\"article\" \/>\r\n<meta property=\"og:title\" content=\"R\u00e9aliser un design professionnel pour vos packagings\" \/>\r\n<meta property=\"og:description\" content=\"Un design professionnel est important et vous permettra d&#039;augmenter vos ventes et votre notori\u00e9t\u00e9 sur la toile.\" \/>\r\n<meta property=\"og:url\" content=\"https:\/\/www.monpackaging.com\/blog\/realiser-un-design-professionnel-pour-vos-packagings\/\" \/>\r\n<meta property=\"og:site_name\" content=\"Le Blog des experts de l&#039;emballage\" \/>\r\n<meta property=\"article:publisher\" content=\"https:\/\/www.facebook.com\/monpackaging\/\" \/>\r\n<meta property=\"article:published_time\" content=\"2021-11-22T13:53:37+00:00\" \/>\r\n<meta property=\"article:modified_time\" content=\"2021-12-01T12:35:59+00:00\" \/>\r\n<meta property=\"og:image\" content=\"https:\/\/www.monpackaging.com\/blog\/wp-content\/uploads\/2021\/11\/Neutral-Green-and-Gray-Photography-Studio-Sale-Banner-landscape-scaled.jpg\" \/>\r\n\t<meta property=\"og:image:width\" content=\"2560\" \/>\r\n\t<meta property=\"og:image:height\" content=\"1280\" \/>\r\n\t<meta property=\"og:image:type\" content=\"image\/jpeg\" \/>\r\n<meta name=\"author\" content=\"Thomas\" \/>\r\n<meta name=\"twitter:card\" content=\"summary_large_image\" \/>\r\n<meta name=\"twitter:creator\" content=\"@MonPackaging\" \/>\r\n<meta name=\"twitter:site\" content=\"@MonPackaging\" \/>\r\n<meta name=\"twitter:label1\" content=\"\u00c9crit par\" \/>\n\t<meta name=\"twitter:data1\" content=\"Thomas\" \/>\n\t<meta name=\"twitter:label2\" content=\"Dur\u00e9e de lecture estim\u00e9e\" \/>\n\t<meta name=\"twitter:data2\" content=\"4 minutes\" \/>\r\n<script type=\"application\/ld+json\" class=\"yoast-schema-graph\">{\"@context\":\"https:\/\/schema.org\",\"@graph\":[{\"@type\":\"WebPage\",\"@id\":\"https:\/\/www.monpackaging.com\/blog\/realiser-un-design-professionnel-pour-vos-packagings\/\",\"url\":\"https:\/\/www.monpackaging.com\/blog\/realiser-un-design-professionnel-pour-vos-packagings\/\",\"name\":\"R\u00e9aliser un design professionnel pour vos packagings\",\"isPartOf\":{\"@id\":\"https:\/\/www.monpackaging.com\/blog\/#website\"},\"primaryImageOfPage\":{\"@id\":\"https:\/\/www.monpackaging.com\/blog\/realiser-un-design-professionnel-pour-vos-packagings\/#primaryimage\"},\"image\":{\"@id\":\"https:\/\/www.monpackaging.com\/blog\/realiser-un-design-professionnel-pour-vos-packagings\/#primaryimage\"},\"thumbnailUrl\":\"https:\/\/www.monpackaging.com\/blog\/wp-content\/uploads\/2021\/11\/Neutral-Green-and-Gray-Photography-Studio-Sale-Banner-landscape-scaled.jpg\",\"datePublished\":\"2021-11-22T13:53:37+00:00\",\"dateModified\":\"2021-12-01T12:35:59+00:00\",\"author\":{\"@id\":\"https:\/\/www.monpackaging.com\/blog\/#\/schema\/person\/d41ad873dad4579d933b5118ae136ed3\"},\"description\":\"Un design professionnel est important et vous permettra d'augmenter vos ventes et votre notori\u00e9t\u00e9 sur la toile.\",\"breadcrumb\":{\"@id\":\"https:\/\/www.monpackaging.com\/blog\/realiser-un-design-professionnel-pour-vos-packagings\/#breadcrumb\"},\"inLanguage\":\"fr-FR\",\"potentialAction\":[{\"@type\":\"ReadAction\",\"target\":[\"https:\/\/www.monpackaging.com\/blog\/realiser-un-design-professionnel-pour-vos-packagings\/\"]}]},{\"@type\":\"ImageObject\",\"inLanguage\":\"fr-FR\",\"@id\":\"https:\/\/www.monpackaging.com\/blog\/realiser-un-design-professionnel-pour-vos-packagings\/#primaryimage\",\"url\":\"https:\/\/www.monpackaging.com\/blog\/wp-content\/uploads\/2021\/11\/Neutral-Green-and-Gray-Photography-Studio-Sale-Banner-landscape-scaled.jpg\",\"contentUrl\":\"https:\/\/www.monpackaging.com\/blog\/wp-content\/uploads\/2021\/11\/Neutral-Green-and-Gray-Photography-Studio-Sale-Banner-landscape-scaled.jpg\",\"width\":2560,\"height\":1280,\"caption\":\"Couverture de l'article ordinateur logo\"},{\"@type\":\"BreadcrumbList\",\"@id\":\"https:\/\/www.monpackaging.com\/blog\/realiser-un-design-professionnel-pour-vos-packagings\/#breadcrumb\",\"itemListElement\":[{\"@type\":\"ListItem\",\"position\":1,\"name\":\"Accueil\",\"item\":\"https:\/\/www.monpackaging.com\/blog\/\"},{\"@type\":\"ListItem\",\"position\":2,\"name\":\"R\u00e9aliser un design professionnel pour vos packagings\"}]},{\"@type\":\"WebSite\",\"@id\":\"https:\/\/www.monpackaging.com\/blog\/#website\",\"url\":\"https:\/\/www.monpackaging.com\/blog\/\",\"name\":\"Le Blog des experts de l&#039;emballage\",\"description\":\"\",\"potentialAction\":[{\"@type\":\"SearchAction\",\"target\":{\"@type\":\"EntryPoint\",\"urlTemplate\":\"https:\/\/www.monpackaging.com\/blog\/?s={search_term_string}\"},\"query-input\":\"required name=search_term_string\"}],\"inLanguage\":\"fr-FR\"},{\"@type\":\"Person\",\"@id\":\"https:\/\/www.monpackaging.com\/blog\/#\/schema\/person\/d41ad873dad4579d933b5118ae136ed3\",\"name\":\"Thomas\",\"image\":{\"@type\":\"ImageObject\",\"inLanguage\":\"fr-FR\",\"@id\":\"https:\/\/www.monpackaging.com\/blog\/#\/schema\/person\/image\/\",\"url\":\"https:\/\/secure.gravatar.com\/avatar\/53fb146a32ab351eb2f9c908583c8fbd?s=96&d=mm&r=g\",\"contentUrl\":\"https:\/\/secure.gravatar.com\/avatar\/53fb146a32ab351eb2f9c908583c8fbd?s=96&d=mm&r=g\",\"caption\":\"Thomas\"}}]}<\/script>\r\n<!-- \/ Yoast SEO plugin. -->","yoast_head_json":{"title":"R\u00e9aliser un design professionnel pour vos packagings","description":"Un design professionnel est important et vous permettra d'augmenter vos ventes et votre notori\u00e9t\u00e9 sur la toile.","robots":{"index":"index","follow":"follow","max-snippet":"max-snippet:-1","max-image-preview":"max-image-preview:large","max-video-preview":"max-video-preview:-1"},"canonical":"https:\/\/www.monpackaging.com\/blog\/realiser-un-design-professionnel-pour-vos-packagings\/","og_locale":"fr_FR","og_type":"article","og_title":"R\u00e9aliser un design professionnel pour vos packagings","og_description":"Un design professionnel est important et vous permettra d'augmenter vos ventes et votre notori\u00e9t\u00e9 sur la toile.","og_url":"https:\/\/www.monpackaging.com\/blog\/realiser-un-design-professionnel-pour-vos-packagings\/","og_site_name":"Le Blog des experts de l&#039;emballage","article_publisher":"https:\/\/www.facebook.com\/monpackaging\/","article_published_time":"2021-11-22T13:53:37+00:00","article_modified_time":"2021-12-01T12:35:59+00:00","og_image":[{"width":2560,"height":1280,"url":"https:\/\/www.monpackaging.com\/blog\/wp-content\/uploads\/2021\/11\/Neutral-Green-and-Gray-Photography-Studio-Sale-Banner-landscape-scaled.jpg","type":"image\/jpeg"}],"author":"Thomas","twitter_card":"summary_large_image","twitter_creator":"@MonPackaging","twitter_site":"@MonPackaging","twitter_misc":{"\u00c9crit par":"Thomas","Dur\u00e9e de lecture estim\u00e9e":"4 minutes"},"schema":{"@context":"https:\/\/schema.org","@graph":[{"@type":"WebPage","@id":"https:\/\/www.monpackaging.com\/blog\/realiser-un-design-professionnel-pour-vos-packagings\/","url":"https:\/\/www.monpackaging.com\/blog\/realiser-un-design-professionnel-pour-vos-packagings\/","name":"R\u00e9aliser un design professionnel pour vos packagings","isPartOf":{"@id":"https:\/\/www.monpackaging.com\/blog\/#website"},"primaryImageOfPage":{"@id":"https:\/\/www.monpackaging.com\/blog\/realiser-un-design-professionnel-pour-vos-packagings\/#primaryimage"},"image":{"@id":"https:\/\/www.monpackaging.com\/blog\/realiser-un-design-professionnel-pour-vos-packagings\/#primaryimage"},"thumbnailUrl":"https:\/\/www.monpackaging.com\/blog\/wp-content\/uploads\/2021\/11\/Neutral-Green-and-Gray-Photography-Studio-Sale-Banner-landscape-scaled.jpg","datePublished":"2021-11-22T13:53:37+00:00","dateModified":"2021-12-01T12:35:59+00:00","author":{"@id":"https:\/\/www.monpackaging.com\/blog\/#\/schema\/person\/d41ad873dad4579d933b5118ae136ed3"},"description":"Un design professionnel est important et vous permettra d'augmenter vos ventes et votre notori\u00e9t\u00e9 sur la toile.","breadcrumb":{"@id":"https:\/\/www.monpackaging.com\/blog\/realiser-un-design-professionnel-pour-vos-packagings\/#breadcrumb"},"inLanguage":"fr-FR","potentialAction":[{"@type":"ReadAction","target":["https:\/\/www.monpackaging.com\/blog\/realiser-un-design-professionnel-pour-vos-packagings\/"]}]},{"@type":"ImageObject","inLanguage":"fr-FR","@id":"https:\/\/www.monpackaging.com\/blog\/realiser-un-design-professionnel-pour-vos-packagings\/#primaryimage","url":"https:\/\/www.monpackaging.com\/blog\/wp-content\/uploads\/2021\/11\/Neutral-Green-and-Gray-Photography-Studio-Sale-Banner-landscape-scaled.jpg","contentUrl":"https:\/\/www.monpackaging.com\/blog\/wp-content\/uploads\/2021\/11\/Neutral-Green-and-Gray-Photography-Studio-Sale-Banner-landscape-scaled.jpg","width":2560,"height":1280,"caption":"Couverture de l'article ordinateur logo"},{"@type":"BreadcrumbList","@id":"https:\/\/www.monpackaging.com\/blog\/realiser-un-design-professionnel-pour-vos-packagings\/#breadcrumb","itemListElement":[{"@type":"ListItem","position":1,"name":"Accueil","item":"https:\/\/www.monpackaging.com\/blog\/"},{"@type":"ListItem","position":2,"name":"R\u00e9aliser un design professionnel pour vos packagings"}]},{"@type":"WebSite","@id":"https:\/\/www.monpackaging.com\/blog\/#website","url":"https:\/\/www.monpackaging.com\/blog\/","name":"Le Blog des experts de l&#039;emballage","description":"","potentialAction":[{"@type":"SearchAction","target":{"@type":"EntryPoint","urlTemplate":"https:\/\/www.monpackaging.com\/blog\/?s={search_term_string}"},"query-input":"required name=search_term_string"}],"inLanguage":"fr-FR"},{"@type":"Person","@id":"https:\/\/www.monpackaging.com\/blog\/#\/schema\/person\/d41ad873dad4579d933b5118ae136ed3","name":"Thomas","image":{"@type":"ImageObject","inLanguage":"fr-FR","@id":"https:\/\/www.monpackaging.com\/blog\/#\/schema\/person\/image\/","url":"https:\/\/secure.gravatar.com\/avatar\/53fb146a32ab351eb2f9c908583c8fbd?s=96&d=mm&r=g","contentUrl":"https:\/\/secure.gravatar.com\/avatar\/53fb146a32ab351eb2f9c908583c8fbd?s=96&d=mm&r=g","caption":"Thomas"}}]}},"_links":{"self":[{"href":"https:\/\/www.monpackaging.com\/blog\/wp-json\/wp\/v2\/posts\/2711"}],"collection":[{"href":"https:\/\/www.monpackaging.com\/blog\/wp-json\/wp\/v2\/posts"}],"about":[{"href":"https:\/\/www.monpackaging.com\/blog\/wp-json\/wp\/v2\/types\/post"}],"author":[{"embeddable":true,"href":"https:\/\/www.monpackaging.com\/blog\/wp-json\/wp\/v2\/users\/1"}],"replies":[{"embeddable":true,"href":"https:\/\/www.monpackaging.com\/blog\/wp-json\/wp\/v2\/comments?post=2711"}],"version-history":[{"count":3,"href":"https:\/\/www.monpackaging.com\/blog\/wp-json\/wp\/v2\/posts\/2711\/revisions"}],"predecessor-version":[{"id":2729,"href":"https:\/\/www.monpackaging.com\/blog\/wp-json\/wp\/v2\/posts\/2711\/revisions\/2729"}],"wp:featuredmedia":[{"embeddable":true,"href":"https:\/\/www.monpackaging.com\/blog\/wp-json\/wp\/v2\/media\/2712"}],"wp:attachment":[{"href":"https:\/\/www.monpackaging.com\/blog\/wp-json\/wp\/v2\/media?parent=2711"}],"wp:term":[{"taxonomy":"category","embeddable":true,"href":"https:\/\/www.monpackaging.com\/blog\/wp-json\/wp\/v2\/categories?post=2711"},{"taxonomy":"post_tag","embeddable":true,"href":"https:\/\/www.monpackaging.com\/blog\/wp-json\/wp\/v2\/tags?post=2711"}],"curies":[{"name":"wp","href":"https:\/\/api.w.org\/{rel}","templated":true}]}}