{"id":2694,"date":"2021-11-15T15:49:35","date_gmt":"2021-11-15T14:49:35","guid":{"rendered":"https:\/\/www.monpackaging.com\/blog\/?p=2694"},"modified":"2021-12-01T11:58:46","modified_gmt":"2021-12-01T10:58:46","slug":"l-artisanat-la-nouvelle-tendance","status":"publish","type":"post","link":"https:\/\/www.monpackaging.com\/blog\/l-artisanat-la-nouvelle-tendance\/","title":{"rendered":"L\u2019artisanat, la nouvelle tendance ?"},"content":{"rendered":"<p><b>L\u2019artisanat<\/b><span style=\"font-weight: 400;\"> en France est tr\u00e8s r\u00e9pandu. C\u2019est un fait. Les <\/span><b>entreprises artisanales<\/b><span style=\"font-weight: 400;\"> se diff\u00e9rencient par la diversit\u00e9 de leurs activit\u00e9s et de leur taille et emploient, pour une tr\u00e8s grande partie d\u2019entre elles, moins de dix salari\u00e9s. Pourtant elles b\u00e9n\u00e9ficient d\u2019une tr\u00e8s forte renomm\u00e9e aupr\u00e8s des <\/span><b>consommateurs<\/b><span style=\"font-weight: 400;\">.\u00a0<\/span><\/p>\n<p><span style=\"font-weight: 400;\">Qui dit artisanat, dit <\/span><b>packaging sur mesure<\/b><span style=\"font-weight: 400;\"> et <\/span><b>packaging personnalis\u00e9<\/b><span style=\"font-weight: 400;\">. Raison pour laquelle l\u2019\u00e9quipe MonPackaging&#x2122; vous accompagne dans les d\u00e9marches de conception de vos<\/span><b> emballages<\/b><span style=\"font-weight: 400;\">. Tout en respectant le 100% fabriqu\u00e9 en France cher \u00e0 nos c\u0153urs.\u00a0<\/span><\/p>\n<p><span style=\"font-weight: 400;\">Bien souvent, nous avons un a priori sur l\u2019artisanat en l\u2019associant \u00e0 une discipline ancienne, un savoir transmis de g\u00e9n\u00e9ration en g\u00e9n\u00e9ration qui est presque d\u00e9suet de nos jours. Cependant, le <\/span><b>savoir-faire artisanal<\/b><span style=\"font-weight: 400;\"> se marie souvent \u00e0 la perfection avec les technologies modernes. C\u2019est ainsi qu\u2019une tradition ancestrale peut \u00eatre remise au go\u00fbt du jour. Raison pour laquelle l\u2019artisanat m\u00e9rite amplement sa place de <\/span><b>premi\u00e8re entreprise de France.<\/b><\/p>\n<p><img decoding=\"async\" loading=\"lazy\" class=\"size-full wp-image-2695 aligncenter\" src=\"https:\/\/www.monpackaging.com\/blog\/wp-content\/uploads\/2021\/11\/Chiffres2021.jpg\" alt=\"L'artisanat en quelques chiffres cl\u00e9s\" width=\"750\" height=\"359\" srcset=\"https:\/\/www.monpackaging.com\/blog\/wp-content\/uploads\/2021\/11\/Chiffres2021.jpg 750w, https:\/\/www.monpackaging.com\/blog\/wp-content\/uploads\/2021\/11\/Chiffres2021-300x144.jpg 300w\" sizes=\"(max-width: 750px) 100vw, 750px\" \/><\/p>\n<p style=\"text-align: right;\"><i><span style=\"font-weight: 400;\">Source : chiffres CMA France, avril 2021<\/span><\/i><\/p>\n<h2><span style=\"font-weight: 400; color: #00bbc4; font-size: 24pt;\">Union europ\u00e9enne et artisanat<\/span><\/h2>\n<p><span style=\"font-weight: 400;\">Au sein de <\/span><b>l\u2019Union europ\u00e9enne<\/b><span style=\"font-weight: 400;\">, l\u2019artisanat occupe aussi une place de choix. En effet, avec les petites entreprises \u00e0 ses c\u00f4t\u00e9s, l\u2019artisanat constitue un socle solide de l\u2019\u00e9conomie et du social Europ\u00e9en. Ces deux cat\u00e9gories repr\u00e9sentent \u00e0 elles seules plus de <\/span><b>23 millions<\/b><span style=\"font-weight: 400;\"> d\u2019entreprises et permettent \u00e0 plus de <\/span><b>60 millions<\/b><span style=\"font-weight: 400;\"> de personnes d\u2019obtenir un emploi. Sur toutes les <\/span><b>entreprises europ\u00e9ennes<\/b><span style=\"font-weight: 400;\">, 99% d\u00e9tiennent moins de cinquante salari\u00e9s<\/span> <span style=\"font-weight: 400;\">et 93,3 % en comptent moins de dix. Pour ce qui est des petites entreprises, elles emploient environ 50% de la <\/span><b>main-d&rsquo;\u0153uvre<\/b><span style=\"font-weight: 400;\"> europ\u00e9enne et produisent pourtant jusqu&rsquo;\u00e0 35,7% de la <\/span><b>valeur ajout\u00e9e<\/b><span style=\"font-weight: 400;\">. C\u2019est ainsi que nous avons le devoir d\u2019accompagner aussi bien les grandes que les petites entreprises.\u00a0<\/span><\/p>\n<p><span style=\"font-weight: 400;\">L\u2019artisanat fran\u00e7ais conna\u00eet aussi l\u2019exportation. En effet, sur la totalit\u00e9 des exportateurs fran\u00e7ais, 30 % d\u2019entre eux exercent au sein d\u2019une <\/span><b>entreprise artisanale<\/b><span style=\"font-weight: 400;\">. L\u2019artisanat et le <\/span><b>savoir-faire fran\u00e7ais<\/b><span style=\"font-weight: 400;\"> sont d\u2019ailleurs tr\u00e8s bien repr\u00e9sent\u00e9s dans le monde, gr\u00e2ce notamment \u00e0 de nombreuses entreprises artisanales fran\u00e7aises tr\u00e8s r\u00e9put\u00e9es. C\u2019est ainsi, gr\u00e2ce \u00e0 ce savoir-faire unique, qu\u2019elles peuvent attirer des clients internationaux, majoritairement des clients des \u00c9tats-Unis ou de Chine. La qualit\u00e9 du \u201c<\/span><b>made in France<\/b><span style=\"font-weight: 400;\">\u201d est plus que jamais reconnue outre-fronti\u00e8re europ\u00e9ennes. Alors, si vous \u00eates artisan, profitez-en ! Par ailleurs, pour ce qui est de votre <\/span><b>packaging<\/b><span style=\"font-weight: 400;\">, il se doit \u00eatre de tr\u00e8s bonne qualit\u00e9 si vous voulez qu\u2019il puisse r\u00e9sister \u00e0 des voyages internationaux et \u00e0 des livraisons toujours plus endiabl\u00e9es.<\/span><\/p>\n<p>&nbsp;<\/p>\n<h2><span style=\"font-weight: 400; color: #00bbc4; font-size: 24pt;\">Savoir-faire de MonPackaging&#x2122;<\/span><\/h2>\n<p><span style=\"font-weight: 400;\">Parce que <\/span><b>votre exigence<\/b><span style=\"font-weight: 400;\"> est notre priorit\u00e9, nous mettons \u00e0 votre disposition notre savoir-faire pour r\u00e9pondre \u00e0 vos besoins en <\/span><b>packaging<\/b><span style=\"font-weight: 400;\">. Cela fait pr\u00e8s de 50 ans que notre personnel se transmet, de g\u00e9n\u00e9ration en g\u00e9n\u00e9ration, l\u2019art du packaging. Pour vous, nous cherchons \u00e0 vous proposer une exp\u00e9rience optimale. C\u2019est pour cela que nous recherchons constamment le parfait \u00e9quilibre entre <\/span><b>tradition et \u00e9volution<\/b><span style=\"font-weight: 400;\">. Nous travaillons dans une imprimerie toulousaine et sommes fiers de pouvoir dire que nos produits sont 100 % fabriqu\u00e9s en France, a contrario de certains de nos confr\u00e8res.<\/span><\/p>\n<p><span style=\"font-weight: 400;\">Comme nous ne sous-traitons pas, c\u2019est-\u00e0-dire que nous assurons la totalit\u00e9 des \u00e9tapes de production en interne, <\/span><b>sans interm\u00e9diaire<\/b><span style=\"font-weight: 400;\">, nous sommes en mesure de vous proposer les<\/span><b> prix<\/b> <b>parmi les plus<\/b><span style=\"font-weight: 400;\"> bas du march\u00e9, un interlocuteur d\u00e9di\u00e9, ainsi qu\u2019un suivi en temps r\u00e9el de chaque \u00e9tape de votre commande.<\/span><\/p>\n<p>&nbsp;<\/p>\n<h2><span style=\"font-weight: 400; color: #00bbc4; font-size: 24pt;\">Valeurs de l\u2019artisanat<\/span><\/h2>\n<p><span style=\"font-weight: 400;\">L\u2019artisanat se r\u00e9partit selon 4 secteurs d\u2019activit\u00e9 majeurs, l&rsquo;alimentation, le b\u00e2timent, la fabrication et les services :<\/span><\/p>\n<p>\u00a0 \u00a0 \u00a0 \u00a0<img decoding=\"async\" loading=\"lazy\" class=\"wp-image-2696 alignnone\" src=\"https:\/\/www.monpackaging.com\/blog\/wp-content\/uploads\/2021\/11\/Alimentation.png\" alt=\"icone alimentation\" width=\"142\" height=\"118\" srcset=\"https:\/\/www.monpackaging.com\/blog\/wp-content\/uploads\/2021\/11\/Alimentation.png 1080w, https:\/\/www.monpackaging.com\/blog\/wp-content\/uploads\/2021\/11\/Alimentation-300x249.png 300w, https:\/\/www.monpackaging.com\/blog\/wp-content\/uploads\/2021\/11\/Alimentation-1024x851.png 1024w, https:\/\/www.monpackaging.com\/blog\/wp-content\/uploads\/2021\/11\/Alimentation-768x639.png 768w, https:\/\/www.monpackaging.com\/blog\/wp-content\/uploads\/2021\/11\/Alimentation-360x300.png 360w\" sizes=\"(max-width: 142px) 100vw, 142px\" \/>\u00a0 \u00a0 \u00a0 \u00a0 \u00a0 \u00a0 \u00a0 \u00a0 \u00a0 <img decoding=\"async\" loading=\"lazy\" class=\"wp-image-2697 alignnone\" src=\"https:\/\/www.monpackaging.com\/blog\/wp-content\/uploads\/2021\/11\/Batiment.png\" alt=\"icone b\u00e2timent\" width=\"124\" height=\"111\" srcset=\"https:\/\/www.monpackaging.com\/blog\/wp-content\/uploads\/2021\/11\/Batiment.png 1042w, https:\/\/www.monpackaging.com\/blog\/wp-content\/uploads\/2021\/11\/Batiment-300x268.png 300w, https:\/\/www.monpackaging.com\/blog\/wp-content\/uploads\/2021\/11\/Batiment-1024x916.png 1024w, https:\/\/www.monpackaging.com\/blog\/wp-content\/uploads\/2021\/11\/Batiment-768x687.png 768w\" sizes=\"(max-width: 124px) 100vw, 124px\" \/>\u00a0 \u00a0 \u00a0 \u00a0 \u00a0 \u00a0 \u00a0 \u00a0 \u00a0 \u00a0 \u00a0 \u00a0\u00a0 \u00a0<img decoding=\"async\" loading=\"lazy\" class=\"alignnone  wp-image-2698\" src=\"https:\/\/www.monpackaging.com\/blog\/wp-content\/uploads\/2021\/11\/Fabrication.png\" alt=\"icone fabrication\" width=\"91\" height=\"96\" srcset=\"https:\/\/www.monpackaging.com\/blog\/wp-content\/uploads\/2021\/11\/Fabrication.png 1076w, https:\/\/www.monpackaging.com\/blog\/wp-content\/uploads\/2021\/11\/Fabrication-285x300.png 285w, https:\/\/www.monpackaging.com\/blog\/wp-content\/uploads\/2021\/11\/Fabrication-972x1024.png 972w, https:\/\/www.monpackaging.com\/blog\/wp-content\/uploads\/2021\/11\/Fabrication-768x809.png 768w\" sizes=\"(max-width: 91px) 100vw, 91px\" \/>\u00a0 \u00a0 \u00a0 \u00a0 \u00a0 \u00a0 \u00a0 \u00a0 \u00a0 \u00a0 \u00a0 \u00a0 \u00a0 \u00a0<img decoding=\"async\" loading=\"lazy\" class=\"alignnone  wp-image-2699\" src=\"https:\/\/www.monpackaging.com\/blog\/wp-content\/uploads\/2021\/11\/Services.png\" alt=\"Icone services\" width=\"86\" height=\"84\" data-wp-editing=\"1\" srcset=\"https:\/\/www.monpackaging.com\/blog\/wp-content\/uploads\/2021\/11\/Services.png 996w, https:\/\/www.monpackaging.com\/blog\/wp-content\/uploads\/2021\/11\/Services-300x291.png 300w, https:\/\/www.monpackaging.com\/blog\/wp-content\/uploads\/2021\/11\/Services-768x745.png 768w\" sizes=\"(max-width: 86px) 100vw, 86px\" \/><\/p>\n<p>&nbsp;<\/p>\n<p>&nbsp;<\/p>\n<p><span style=\"font-weight: 400;\">En comptant plus de <\/span><b>510 activit\u00e9s diff\u00e9rentes<\/b><span style=\"font-weight: 400;\">, l&rsquo;artisanat d\u00e9tient une place privil\u00e9gi\u00e9e dans l\u2019\u00e9conomie fran\u00e7aise. Ces activit\u00e9s sont diverses et vari\u00e9es. Parmi elles, on peut citer des activit\u00e9s <\/span><b>traditionnelles<\/b><span style=\"font-weight: 400;\"> comme la menuiserie, la ma\u00e7onnerie ou la boucherie par exemple, mais aussi des activit\u00e9s plus <\/span><b>modernes<\/b><span style=\"font-weight: 400;\"> comme le son et l\u2019image, la micro\u00e9lectronique et le g\u00e9nie climatique. On y compte aussi des services tels que la coiffure ou bien la m\u00e9canique. Il y a \u00e9galement la cr\u00e9ation artistique, la bijouterie, les arts graphiques, la d\u00e9coration, etc. Bref, <\/span><b>l&rsquo;artisanat<\/b><span style=\"font-weight: 400;\"> est un moyen pour chacun de construire son avenir \u00e0 sa mesure.<\/span><\/p>\n<p><span style=\"font-weight: 400;\">L&rsquo;entreprise artisanale doit \u00eatre immatricul\u00e9e au r\u00e9pertoire des M\u00e9tiers tenu par la Chambre de M\u00e9tiers et de l&rsquo;Artisanat.<\/span><\/p>\n<p>&nbsp;<\/p>\n<h2><span style=\"font-weight: 400; color: #00bbc4; font-size: 24pt;\">Exemple de cr\u00e9ations<\/span><\/h2>\n<p><span style=\"font-weight: 400;\">L\u2019entreprise <\/span><b>Dajasy<\/b><span style=\"font-weight: 400;\">, fabricant de bougies et fondants parfum\u00e9s, nous a fait confiance pour la cr\u00e9ation de ses packagings. Leurs produits sont r\u00e9alis\u00e9s \u00e0 la main \u00e0 l\u2019aide de cires naturelles. Voici quelques-unes de leurs <\/span><b>cr\u00e9ations<\/b><span style=\"font-weight: 400;\"> maintenues bien \u201cau chaud\u201d au sein de nos diff\u00e9rents <\/span><b>packagings<\/b><span style=\"font-weight: 400;\"> :<\/span><\/p>\n<p><img decoding=\"async\" loading=\"lazy\" class=\"size-full wp-image-2700 aligncenter\" src=\"https:\/\/www.monpackaging.com\/blog\/wp-content\/uploads\/2021\/11\/DAJASY.gif\" alt=\"gif des produits dajasy\" width=\"1080\" height=\"1080\" \/><\/p>\n","protected":false},"excerpt":{"rendered":"<p>L\u2019artisanat en France est tr\u00e8s r\u00e9pandu. C\u2019est un fait. Les entreprises artisanales se diff\u00e9rencient par la diversit\u00e9 de leurs activit\u00e9s et de leur taille et emploient, pour une tr\u00e8s grande partie d\u2019entre elles, moins de dix salari\u00e9s. Pourtant elles b\u00e9n\u00e9ficient d\u2019une tr\u00e8s forte renomm\u00e9e aupr\u00e8s des consommateurs.\u00a0 Qui dit artisanat, dit packaging sur mesure et [&hellip;]<\/p>\n","protected":false},"author":1,"featured_media":2702,"comment_status":"open","ping_status":"open","sticky":false,"template":"","format":"standard","meta":{"_editorskit_title_hidden":false,"_editorskit_reading_time":0,"_editorskit_is_block_options_detached":false,"_editorskit_block_options_position":"{}","footnotes":""},"categories":[2],"tags":[174,11,10,3,5,6,29,8,33],"yoast_head":"<!-- This site is optimized with the Yoast SEO plugin v22.6 - https:\/\/yoast.com\/wordpress\/plugins\/seo\/ -->\r\n<title>L\u2019artisanat, la nouvelle tendance ? - Le Blog des experts de l&#039;emballage<\/title>\r\n<meta name=\"description\" content=\"Qui dit artisanat, dit packaging sur mesure et personnalis\u00e9. C&#039;est pour cela que nous vous accompagnons dans la conception de vos emballages.\" \/>\r\n<meta name=\"robots\" content=\"index, follow, max-snippet:-1, max-image-preview:large, max-video-preview:-1\" \/>\r\n<link rel=\"canonical\" href=\"https:\/\/www.monpackaging.com\/blog\/l-artisanat-la-nouvelle-tendance\/\" \/>\r\n<meta property=\"og:locale\" content=\"fr_FR\" \/>\r\n<meta property=\"og:type\" content=\"article\" \/>\r\n<meta property=\"og:title\" content=\"L\u2019artisanat, la nouvelle tendance ? - Le Blog des experts de l&#039;emballage\" \/>\r\n<meta property=\"og:description\" content=\"Qui dit artisanat, dit packaging sur mesure et personnalis\u00e9. C&#039;est pour cela que nous vous accompagnons dans la conception de vos emballages.\" \/>\r\n<meta property=\"og:url\" content=\"https:\/\/www.monpackaging.com\/blog\/l-artisanat-la-nouvelle-tendance\/\" \/>\r\n<meta property=\"og:site_name\" content=\"Le Blog des experts de l&#039;emballage\" \/>\r\n<meta property=\"article:publisher\" content=\"https:\/\/www.facebook.com\/monpackaging\/\" \/>\r\n<meta property=\"article:published_time\" content=\"2021-11-15T14:49:35+00:00\" \/>\r\n<meta property=\"article:modified_time\" content=\"2021-12-01T10:58:46+00:00\" \/>\r\n<meta property=\"og:image\" content=\"https:\/\/www.monpackaging.com\/blog\/wp-content\/uploads\/2021\/11\/Lartisanat-la-nouvelle-tendance-.jpg\" \/>\r\n\t<meta property=\"og:image:width\" content=\"2245\" \/>\r\n\t<meta property=\"og:image:height\" content=\"1587\" \/>\r\n\t<meta property=\"og:image:type\" content=\"image\/jpeg\" \/>\r\n<meta name=\"author\" content=\"Thomas\" \/>\r\n<meta name=\"twitter:card\" content=\"summary_large_image\" \/>\r\n<meta name=\"twitter:creator\" content=\"@MonPackaging\" \/>\r\n<meta name=\"twitter:site\" content=\"@MonPackaging\" \/>\r\n<meta name=\"twitter:label1\" content=\"\u00c9crit par\" \/>\n\t<meta name=\"twitter:data1\" content=\"Thomas\" \/>\n\t<meta name=\"twitter:label2\" content=\"Dur\u00e9e de lecture estim\u00e9e\" \/>\n\t<meta name=\"twitter:data2\" content=\"5 minutes\" \/>\r\n<script type=\"application\/ld+json\" class=\"yoast-schema-graph\">{\"@context\":\"https:\/\/schema.org\",\"@graph\":[{\"@type\":\"WebPage\",\"@id\":\"https:\/\/www.monpackaging.com\/blog\/l-artisanat-la-nouvelle-tendance\/\",\"url\":\"https:\/\/www.monpackaging.com\/blog\/l-artisanat-la-nouvelle-tendance\/\",\"name\":\"L\u2019artisanat, la nouvelle tendance ? - Le Blog des experts de l&#039;emballage\",\"isPartOf\":{\"@id\":\"https:\/\/www.monpackaging.com\/blog\/#website\"},\"primaryImageOfPage\":{\"@id\":\"https:\/\/www.monpackaging.com\/blog\/l-artisanat-la-nouvelle-tendance\/#primaryimage\"},\"image\":{\"@id\":\"https:\/\/www.monpackaging.com\/blog\/l-artisanat-la-nouvelle-tendance\/#primaryimage\"},\"thumbnailUrl\":\"https:\/\/www.monpackaging.com\/blog\/wp-content\/uploads\/2021\/11\/Lartisanat-la-nouvelle-tendance-.jpg\",\"datePublished\":\"2021-11-15T14:49:35+00:00\",\"dateModified\":\"2021-12-01T10:58:46+00:00\",\"author\":{\"@id\":\"https:\/\/www.monpackaging.com\/blog\/#\/schema\/person\/d41ad873dad4579d933b5118ae136ed3\"},\"description\":\"Qui dit artisanat, dit packaging sur mesure et personnalis\u00e9. C'est pour cela que nous vous accompagnons dans la conception de vos emballages.\",\"breadcrumb\":{\"@id\":\"https:\/\/www.monpackaging.com\/blog\/l-artisanat-la-nouvelle-tendance\/#breadcrumb\"},\"inLanguage\":\"fr-FR\",\"potentialAction\":[{\"@type\":\"ReadAction\",\"target\":[\"https:\/\/www.monpackaging.com\/blog\/l-artisanat-la-nouvelle-tendance\/\"]}]},{\"@type\":\"ImageObject\",\"inLanguage\":\"fr-FR\",\"@id\":\"https:\/\/www.monpackaging.com\/blog\/l-artisanat-la-nouvelle-tendance\/#primaryimage\",\"url\":\"https:\/\/www.monpackaging.com\/blog\/wp-content\/uploads\/2021\/11\/Lartisanat-la-nouvelle-tendance-.jpg\",\"contentUrl\":\"https:\/\/www.monpackaging.com\/blog\/wp-content\/uploads\/2021\/11\/Lartisanat-la-nouvelle-tendance-.jpg\",\"width\":2245,\"height\":1587,\"caption\":\"Couverture l'artisanat\"},{\"@type\":\"BreadcrumbList\",\"@id\":\"https:\/\/www.monpackaging.com\/blog\/l-artisanat-la-nouvelle-tendance\/#breadcrumb\",\"itemListElement\":[{\"@type\":\"ListItem\",\"position\":1,\"name\":\"Accueil\",\"item\":\"https:\/\/www.monpackaging.com\/blog\/\"},{\"@type\":\"ListItem\",\"position\":2,\"name\":\"L\u2019artisanat, la nouvelle tendance ?\"}]},{\"@type\":\"WebSite\",\"@id\":\"https:\/\/www.monpackaging.com\/blog\/#website\",\"url\":\"https:\/\/www.monpackaging.com\/blog\/\",\"name\":\"Le Blog des experts de l&#039;emballage\",\"description\":\"\",\"potentialAction\":[{\"@type\":\"SearchAction\",\"target\":{\"@type\":\"EntryPoint\",\"urlTemplate\":\"https:\/\/www.monpackaging.com\/blog\/?s={search_term_string}\"},\"query-input\":\"required name=search_term_string\"}],\"inLanguage\":\"fr-FR\"},{\"@type\":\"Person\",\"@id\":\"https:\/\/www.monpackaging.com\/blog\/#\/schema\/person\/d41ad873dad4579d933b5118ae136ed3\",\"name\":\"Thomas\",\"image\":{\"@type\":\"ImageObject\",\"inLanguage\":\"fr-FR\",\"@id\":\"https:\/\/www.monpackaging.com\/blog\/#\/schema\/person\/image\/\",\"url\":\"https:\/\/secure.gravatar.com\/avatar\/53fb146a32ab351eb2f9c908583c8fbd?s=96&d=mm&r=g\",\"contentUrl\":\"https:\/\/secure.gravatar.com\/avatar\/53fb146a32ab351eb2f9c908583c8fbd?s=96&d=mm&r=g\",\"caption\":\"Thomas\"}}]}<\/script>\r\n<!-- \/ Yoast SEO plugin. -->","yoast_head_json":{"title":"L\u2019artisanat, la nouvelle tendance ? - Le Blog des experts de l&#039;emballage","description":"Qui dit artisanat, dit packaging sur mesure et personnalis\u00e9. C'est pour cela que nous vous accompagnons dans la conception de vos emballages.","robots":{"index":"index","follow":"follow","max-snippet":"max-snippet:-1","max-image-preview":"max-image-preview:large","max-video-preview":"max-video-preview:-1"},"canonical":"https:\/\/www.monpackaging.com\/blog\/l-artisanat-la-nouvelle-tendance\/","og_locale":"fr_FR","og_type":"article","og_title":"L\u2019artisanat, la nouvelle tendance ? - Le Blog des experts de l&#039;emballage","og_description":"Qui dit artisanat, dit packaging sur mesure et personnalis\u00e9. C'est pour cela que nous vous accompagnons dans la conception de vos emballages.","og_url":"https:\/\/www.monpackaging.com\/blog\/l-artisanat-la-nouvelle-tendance\/","og_site_name":"Le Blog des experts de l&#039;emballage","article_publisher":"https:\/\/www.facebook.com\/monpackaging\/","article_published_time":"2021-11-15T14:49:35+00:00","article_modified_time":"2021-12-01T10:58:46+00:00","og_image":[{"width":2245,"height":1587,"url":"https:\/\/www.monpackaging.com\/blog\/wp-content\/uploads\/2021\/11\/Lartisanat-la-nouvelle-tendance-.jpg","type":"image\/jpeg"}],"author":"Thomas","twitter_card":"summary_large_image","twitter_creator":"@MonPackaging","twitter_site":"@MonPackaging","twitter_misc":{"\u00c9crit par":"Thomas","Dur\u00e9e de lecture estim\u00e9e":"5 minutes"},"schema":{"@context":"https:\/\/schema.org","@graph":[{"@type":"WebPage","@id":"https:\/\/www.monpackaging.com\/blog\/l-artisanat-la-nouvelle-tendance\/","url":"https:\/\/www.monpackaging.com\/blog\/l-artisanat-la-nouvelle-tendance\/","name":"L\u2019artisanat, la nouvelle tendance ? - Le Blog des experts de l&#039;emballage","isPartOf":{"@id":"https:\/\/www.monpackaging.com\/blog\/#website"},"primaryImageOfPage":{"@id":"https:\/\/www.monpackaging.com\/blog\/l-artisanat-la-nouvelle-tendance\/#primaryimage"},"image":{"@id":"https:\/\/www.monpackaging.com\/blog\/l-artisanat-la-nouvelle-tendance\/#primaryimage"},"thumbnailUrl":"https:\/\/www.monpackaging.com\/blog\/wp-content\/uploads\/2021\/11\/Lartisanat-la-nouvelle-tendance-.jpg","datePublished":"2021-11-15T14:49:35+00:00","dateModified":"2021-12-01T10:58:46+00:00","author":{"@id":"https:\/\/www.monpackaging.com\/blog\/#\/schema\/person\/d41ad873dad4579d933b5118ae136ed3"},"description":"Qui dit artisanat, dit packaging sur mesure et personnalis\u00e9. C'est pour cela que nous vous accompagnons dans la conception de vos emballages.","breadcrumb":{"@id":"https:\/\/www.monpackaging.com\/blog\/l-artisanat-la-nouvelle-tendance\/#breadcrumb"},"inLanguage":"fr-FR","potentialAction":[{"@type":"ReadAction","target":["https:\/\/www.monpackaging.com\/blog\/l-artisanat-la-nouvelle-tendance\/"]}]},{"@type":"ImageObject","inLanguage":"fr-FR","@id":"https:\/\/www.monpackaging.com\/blog\/l-artisanat-la-nouvelle-tendance\/#primaryimage","url":"https:\/\/www.monpackaging.com\/blog\/wp-content\/uploads\/2021\/11\/Lartisanat-la-nouvelle-tendance-.jpg","contentUrl":"https:\/\/www.monpackaging.com\/blog\/wp-content\/uploads\/2021\/11\/Lartisanat-la-nouvelle-tendance-.jpg","width":2245,"height":1587,"caption":"Couverture l'artisanat"},{"@type":"BreadcrumbList","@id":"https:\/\/www.monpackaging.com\/blog\/l-artisanat-la-nouvelle-tendance\/#breadcrumb","itemListElement":[{"@type":"ListItem","position":1,"name":"Accueil","item":"https:\/\/www.monpackaging.com\/blog\/"},{"@type":"ListItem","position":2,"name":"L\u2019artisanat, la nouvelle tendance ?"}]},{"@type":"WebSite","@id":"https:\/\/www.monpackaging.com\/blog\/#website","url":"https:\/\/www.monpackaging.com\/blog\/","name":"Le Blog des experts de l&#039;emballage","description":"","potentialAction":[{"@type":"SearchAction","target":{"@type":"EntryPoint","urlTemplate":"https:\/\/www.monpackaging.com\/blog\/?s={search_term_string}"},"query-input":"required name=search_term_string"}],"inLanguage":"fr-FR"},{"@type":"Person","@id":"https:\/\/www.monpackaging.com\/blog\/#\/schema\/person\/d41ad873dad4579d933b5118ae136ed3","name":"Thomas","image":{"@type":"ImageObject","inLanguage":"fr-FR","@id":"https:\/\/www.monpackaging.com\/blog\/#\/schema\/person\/image\/","url":"https:\/\/secure.gravatar.com\/avatar\/53fb146a32ab351eb2f9c908583c8fbd?s=96&d=mm&r=g","contentUrl":"https:\/\/secure.gravatar.com\/avatar\/53fb146a32ab351eb2f9c908583c8fbd?s=96&d=mm&r=g","caption":"Thomas"}}]}},"_links":{"self":[{"href":"https:\/\/www.monpackaging.com\/blog\/wp-json\/wp\/v2\/posts\/2694"}],"collection":[{"href":"https:\/\/www.monpackaging.com\/blog\/wp-json\/wp\/v2\/posts"}],"about":[{"href":"https:\/\/www.monpackaging.com\/blog\/wp-json\/wp\/v2\/types\/post"}],"author":[{"embeddable":true,"href":"https:\/\/www.monpackaging.com\/blog\/wp-json\/wp\/v2\/users\/1"}],"replies":[{"embeddable":true,"href":"https:\/\/www.monpackaging.com\/blog\/wp-json\/wp\/v2\/comments?post=2694"}],"version-history":[{"count":10,"href":"https:\/\/www.monpackaging.com\/blog\/wp-json\/wp\/v2\/posts\/2694\/revisions"}],"predecessor-version":[{"id":2728,"href":"https:\/\/www.monpackaging.com\/blog\/wp-json\/wp\/v2\/posts\/2694\/revisions\/2728"}],"wp:featuredmedia":[{"embeddable":true,"href":"https:\/\/www.monpackaging.com\/blog\/wp-json\/wp\/v2\/media\/2702"}],"wp:attachment":[{"href":"https:\/\/www.monpackaging.com\/blog\/wp-json\/wp\/v2\/media?parent=2694"}],"wp:term":[{"taxonomy":"category","embeddable":true,"href":"https:\/\/www.monpackaging.com\/blog\/wp-json\/wp\/v2\/categories?post=2694"},{"taxonomy":"post_tag","embeddable":true,"href":"https:\/\/www.monpackaging.com\/blog\/wp-json\/wp\/v2\/tags?post=2694"}],"curies":[{"name":"wp","href":"https:\/\/api.w.org\/{rel}","templated":true}]}}