{"id":2650,"date":"2021-10-25T14:01:28","date_gmt":"2021-10-25T12:01:28","guid":{"rendered":"https:\/\/www.monpackaging.com\/blog\/?p=2650"},"modified":"2021-10-26T15:04:38","modified_gmt":"2021-10-26T13:04:38","slug":"la-personnalisation-de-packaging","status":"publish","type":"post","link":"https:\/\/www.monpackaging.com\/blog\/la-personnalisation-de-packaging\/","title":{"rendered":"La personnalisation de packaging"},"content":{"rendered":"<blockquote>\n<p><span style=\"font-weight: 400;\">\u00ab\u2009Les bons designs ne d\u00e9pendent pas du support que l\u2019on utilise. Pour cr\u00e9er un design de qualit\u00e9, il faut bien r\u00e9fl\u00e9chir \u00e0 ce que l\u2019on veut faire et au cadre dans lequel cela s\u2019inscrit, avant m\u00eame de commencer.\u2009\u00bb \u2013 Susan Kare\u00a0<\/span><\/p>\n<\/blockquote>\n<p>&nbsp;<\/p>\n<h2><span style=\"font-size: 24pt;\"><b>Personnalisez votre packaging<\/b><\/span><\/h2>\n<p>&nbsp;<\/p>\n<p><span style=\"font-weight: 400;\">Personnaliser votre <\/span><b>packaging<\/b><span style=\"font-weight: 400;\"> est le meilleur moyen de donner \u00e0 vos clients un avant-go\u00fbt du produit qu\u2019ils vont acheter. De leur offrir un <\/span><b>emballage<\/b><span style=\"font-weight: 400;\"> qui vous ressemble, qui v\u00e9hicule les valeurs de votre entreprise. C\u2019est pourquoi nous avons mis en place, pour vous, un processus de conception intuitif. La <\/span><b>personnalisation de packaging<\/b><span style=\"font-weight: 400;\"> chez MonPackaging&#x2122; n\u2019a jamais \u00e9t\u00e9 aussi simple !<\/span><\/p>\n<p><img decoding=\"async\" loading=\"lazy\" class=\"alignnone size-full wp-image-2652\" src=\"https:\/\/www.monpackaging.com\/blog\/wp-content\/uploads\/2021\/10\/Capture-de\u0301cran-2021-10-25-a\u0300-11.57.45.png\" alt=\"Catalogue de packaging personnalisable \" width=\"2794\" height=\"2050\" srcset=\"https:\/\/www.monpackaging.com\/blog\/wp-content\/uploads\/2021\/10\/Capture-de\u0301cran-2021-10-25-a\u0300-11.57.45.png 2794w, https:\/\/www.monpackaging.com\/blog\/wp-content\/uploads\/2021\/10\/Capture-de\u0301cran-2021-10-25-a\u0300-11.57.45-300x220.png 300w, https:\/\/www.monpackaging.com\/blog\/wp-content\/uploads\/2021\/10\/Capture-de\u0301cran-2021-10-25-a\u0300-11.57.45-1024x751.png 1024w, https:\/\/www.monpackaging.com\/blog\/wp-content\/uploads\/2021\/10\/Capture-de\u0301cran-2021-10-25-a\u0300-11.57.45-768x563.png 768w, https:\/\/www.monpackaging.com\/blog\/wp-content\/uploads\/2021\/10\/Capture-de\u0301cran-2021-10-25-a\u0300-11.57.45-1536x1127.png 1536w, https:\/\/www.monpackaging.com\/blog\/wp-content\/uploads\/2021\/10\/Capture-de\u0301cran-2021-10-25-a\u0300-11.57.45-2048x1503.png 2048w\" sizes=\"(max-width: 2794px) 100vw, 2794px\" \/><\/p>\n<h2>\u00a0<\/h2>\n<p><span style=\"font-weight: 400;\">Pour commencer, il vous suffit de parcourir notre catalogue de <\/span><b>mod\u00e8les de packaging<\/b><span style=\"font-weight: 400;\">. Ensuite, une fois que vous avez pris connaissance de nos diff\u00e9rentes th\u00e9matiques et que vous avez mis le doigt sur l\u2019<\/span><b>emballage<\/b><span style=\"font-weight: 400;\"> de vos r\u00eaves, vous arrivez sur la <\/span><b>zone de personnalisation<\/b><span style=\"font-weight: 400;\"> :<\/span><\/p>\n<p>&nbsp;<\/p>\n<p><img decoding=\"async\" loading=\"lazy\" class=\"alignnone size-full wp-image-2653\" src=\"https:\/\/www.monpackaging.com\/blog\/wp-content\/uploads\/2021\/10\/Zone-de-personnalisation.png\" alt=\"Zone de personnalisation\" width=\"2676\" height=\"2050\" srcset=\"https:\/\/www.monpackaging.com\/blog\/wp-content\/uploads\/2021\/10\/Zone-de-personnalisation.png 2676w, https:\/\/www.monpackaging.com\/blog\/wp-content\/uploads\/2021\/10\/Zone-de-personnalisation-300x230.png 300w, https:\/\/www.monpackaging.com\/blog\/wp-content\/uploads\/2021\/10\/Zone-de-personnalisation-1024x784.png 1024w, https:\/\/www.monpackaging.com\/blog\/wp-content\/uploads\/2021\/10\/Zone-de-personnalisation-768x588.png 768w, https:\/\/www.monpackaging.com\/blog\/wp-content\/uploads\/2021\/10\/Zone-de-personnalisation-1536x1177.png 1536w, https:\/\/www.monpackaging.com\/blog\/wp-content\/uploads\/2021\/10\/Zone-de-personnalisation-2048x1569.png 2048w\" sizes=\"(max-width: 2676px) 100vw, 2676px\" \/><\/p>\n<p>&nbsp;<\/p>\n<p><span style=\"font-weight: 400;\">\u00c0 pr\u00e9sent, une colonne de <\/span><b>param\u00e9trage<\/b><span style=\"font-weight: 400;\"> appara\u00eet. Ici, c&rsquo;est \u00e0 vous, selon vos souhaits et vos besoins, de s\u00e9lectionner <\/span><b>vos options<\/b><span style=\"font-weight: 400;\">.<\/span><\/p>\n<p><span style=\"font-weight: 400;\">Pour commencer, vous devez choisir le format de votre <\/span><b>packaging<\/b><span style=\"font-weight: 400;\">, qui, \u00e9videmment, est fonction de sa forme g\u00e9n\u00e9rale. Notez qu\u2019il vous est aussi possible de t\u00e9l\u00e9charger le <\/span><b>gabarit PDF<\/b><span style=\"font-weight: 400;\"> du format que vous avez retenu.<\/span><\/p>\n<p><span style=\"font-weight: 400;\">Ensuite, place aux d\u00e9tails. Plusieurs finitions s\u2019offrent \u00e0 vous, vous pouvez opter pour une finition standard, sur <\/span><b>papier haut de gamme<\/b><span style=\"font-weight: 400;\">, qui permet une parfaite reproduction des d\u00e9tails et des couleurs. L\u2019acc\u00e8s \u00e0 des <\/span><b>finitions premium<\/b><span style=\"font-weight: 400;\"> vous est aussi propos\u00e9, par exemple via l\u2019option \u201csoft touch\u201d, pour un toucher effet \u201cpeau de p\u00eache\u201d de qualit\u00e9.<\/span><\/p>\n<p><span style=\"font-weight: 400;\">L\u2019\u00e9tape suivante vous offre la possibilit\u00e9 d\u2019ajouter un <\/span><b>type d\u2019accroche<\/b><span style=\"font-weight: 400;\">. Entendez par l\u00e0 un crochet de suspension qui se colle \u00e0 plat sur votre packaging. Dans le but, par exemple, de suspendre vos <\/span><b>emballages<\/b><span style=\"font-weight: 400;\"> en rayon.<\/span><\/p>\n<p><span style=\"font-weight: 400;\">Maintenant, pour ce qui est de la quantit\u00e9, vous avez le choix : \u00e0 partir d\u2019un exemplaire seulement et jusqu\u2019\u00e0 <\/span><b>5 000 exemplaires<\/b><span style=\"font-weight: 400;\"> !<\/span><\/p>\n<p><span style=\"font-weight: 400;\">Enfin, choisissez une <\/span><b>livraison<\/b><span style=\"font-weight: 400;\"> standard ou express, \u00e0 domicile, ou bien en point relais.\u00a0<\/span><\/p>\n<p>&nbsp;<\/p>\n<p><span style=\"font-weight: 400;\">\u00c0 ce niveau, la conception de <\/span><b>votre packaging<\/b><span style=\"font-weight: 400;\"> est termin\u00e9e. Il ne reste plus qu&rsquo;\u00e0 mettre le visuel en forme. Si vous avez d\u00e9j\u00e0 vos fichiers, et souhaitez les apposer sur votre packaging, vous pouvez continuer <\/span><b>votre personnalisation<\/b><span style=\"font-weight: 400;\"> directement <\/span><b>en ligne<\/b><span style=\"font-weight: 400;\">.<\/span><\/p>\n<p>&nbsp;<\/p>\n<p><img decoding=\"async\" loading=\"lazy\" class=\"alignnone size-full wp-image-2654\" src=\"https:\/\/www.monpackaging.com\/blog\/wp-content\/uploads\/2021\/10\/Personnalisation-en-ligne.png\" alt=\"Personnalisation en ligne \" width=\"3584\" height=\"2078\" srcset=\"https:\/\/www.monpackaging.com\/blog\/wp-content\/uploads\/2021\/10\/Personnalisation-en-ligne.png 3584w, https:\/\/www.monpackaging.com\/blog\/wp-content\/uploads\/2021\/10\/Personnalisation-en-ligne-300x174.png 300w, https:\/\/www.monpackaging.com\/blog\/wp-content\/uploads\/2021\/10\/Personnalisation-en-ligne-1024x594.png 1024w, https:\/\/www.monpackaging.com\/blog\/wp-content\/uploads\/2021\/10\/Personnalisation-en-ligne-768x445.png 768w, https:\/\/www.monpackaging.com\/blog\/wp-content\/uploads\/2021\/10\/Personnalisation-en-ligne-1536x891.png 1536w, https:\/\/www.monpackaging.com\/blog\/wp-content\/uploads\/2021\/10\/Personnalisation-en-ligne-2048x1187.png 2048w\" sizes=\"(max-width: 3584px) 100vw, 3584px\" \/><\/p>\n<p><span style=\"font-weight: 400;\">Le cas \u00e9ch\u00e9ant et afin de vous donner des id\u00e9es, notre <\/span><b>studio cr\u00e9ation<\/b><span style=\"font-weight: 400;\"> a mis \u00e0 votre disposition 30 <\/span><b>mod\u00e8les de packaging<\/b><span style=\"font-weight: 400;\">, directement accessibles depuis MonPackaging.com :<\/span><\/p>\n<p>&nbsp;<\/p>\n<p><img decoding=\"async\" loading=\"lazy\" class=\"alignnone size-full wp-image-2655\" src=\"https:\/\/www.monpackaging.com\/blog\/wp-content\/uploads\/2021\/10\/Modeles-de-packaging.png\" alt=\"Mod\u00e8les de packaging\" width=\"3242\" height=\"2052\" srcset=\"https:\/\/www.monpackaging.com\/blog\/wp-content\/uploads\/2021\/10\/Modeles-de-packaging.png 3242w, https:\/\/www.monpackaging.com\/blog\/wp-content\/uploads\/2021\/10\/Modeles-de-packaging-300x190.png 300w, https:\/\/www.monpackaging.com\/blog\/wp-content\/uploads\/2021\/10\/Modeles-de-packaging-1024x648.png 1024w, https:\/\/www.monpackaging.com\/blog\/wp-content\/uploads\/2021\/10\/Modeles-de-packaging-768x486.png 768w, https:\/\/www.monpackaging.com\/blog\/wp-content\/uploads\/2021\/10\/Modeles-de-packaging-1536x972.png 1536w, https:\/\/www.monpackaging.com\/blog\/wp-content\/uploads\/2021\/10\/Modeles-de-packaging-2048x1296.png 2048w\" sizes=\"(max-width: 3242px) 100vw, 3242px\" \/><\/p>\n<p>&nbsp;<\/p>\n<p><span style=\"font-weight: 400;\">Une fois satisfait de votre personnalisation, du rendu final de <\/span><b>votre packaging<\/b><span style=\"font-weight: 400;\">, vous n\u2019avez plus qu\u2019une seule chose \u00e0 faire : attendre de recevoir votre cr\u00e9ation !\u00a0<\/span><\/p>\n<p>&nbsp;<\/p>\n<h2><span style=\"font-size: 24pt;\"><b>Un service de qualit\u00e9<\/b><\/span><\/h2>\n<p>&nbsp;<\/p>\n<p><span style=\"font-weight: 400;\">MonPackaging&#x2122; a \u00e0 c\u0153ur de vous proposer un <\/span><b>service<\/b><span style=\"font-weight: 400;\"> \u00e0 la hauteur de vos attentes. Notre atelier transmet son savoir-faire depuis maintenant <\/span><b>plus de 50 ans<\/b><span style=\"font-weight: 400;\"> aux diff\u00e9rentes g\u00e9n\u00e9rations d\u2019experts du packaging. Une entreprise\u00a0 \u00e0 taille humaine au c\u0153ur de Toulouse. Nos produits sont <\/span><b>100% fabriqu\u00e9s en France<\/b><span style=\"font-weight: 400;\">, de la cr\u00e9ation \u00e0 la fabrication, dans un parc machine de 5000m2. Nous n&rsquo;avons <\/span><b>aucun interm\u00e9diaire<\/b><span style=\"font-weight: 400;\"> et g\u00e9rons la totalit\u00e9 des \u00e9tapes de production. C\u2019est aussi ce qui nous permet de vous offrir un des meilleurs <\/span><b>rapport qualit\u00e9\/prix<\/b><span style=\"font-weight: 400;\"> du march\u00e9.<\/span><\/p>\n<p><span style=\"font-weight: 400;\">Si les produits que nous vous proposons sont de qualit\u00e9 pr\u00e9mium, c\u2019est aussi car nous sommes soucieux de <\/span><b>l\u2019environnement<\/b><span style=\"font-weight: 400;\">. Nous avons fait le choix de respecter les normes environnementales, et sommes donc plusieurs fois certifi\u00e9s :<\/span><\/p>\n<ul>\n<li style=\"font-weight: 400;\" aria-level=\"1\"><span style=\"font-weight: 400;\"><a href=\"https:\/\/www.pefc-france.org\/\">PEFC<\/a>, nos papiers et cartons proviennent de for\u00eats avec une gestion durable et g\u00e9r\u00e9es de fa\u00e7on responsable ;<\/span><\/li>\n<li style=\"font-weight: 400;\" aria-level=\"1\"><span style=\"font-weight: 400;\"><a href=\"http:\/\/www.imprimvert.fr\/page\/1\/Accueil\">Imprim\u2019vert<\/a> nous permet d&rsquo;\u00eatre reconnu comme entreprise n\u2019utilisant pas de produits toxiques ;<\/span><\/li>\n<li style=\"font-weight: 400;\" aria-level=\"1\"><span style=\"font-weight: 400;\">ISO 14001 : gage de qualit\u00e9 environnementale.<\/span><\/li>\n<\/ul>\n<p>&nbsp;<\/p>\n<h2><span style=\"font-size: 24pt;\"><b>Petites s\u00e9ries (faibles quantit\u00e9s) et packaging sur mesure<\/b><\/span><\/h2>\n<p><span style=\"font-weight: 400;\">Oui, nous vous avons \u00e9cout\u00e9 ! C\u2019est une nouveaut\u00e9 chez MonPackaging&#x2122; : d\u00e9sormais, vous avez la possibilit\u00e9 de concevoir vos projets \u00e0 partir <\/span><b>d\u2019un seul exemplaire<\/b><span style=\"font-weight: 400;\"> ! Parfait si vous souhaitez vous lancer dans l\u2019aventure du packaging \u00e0 moindre co\u00fbt ou obtenir un <\/span><b>prototype<\/b><span style=\"font-weight: 400;\"> de votre futur projet de <\/span><b>conditionnement<\/b><span style=\"font-weight: 400;\">.<\/span><\/p>\n<p><span style=\"font-weight: 400;\">De plus, vos packagings sont <\/span><b>personnalisables<\/b><span style=\"font-weight: 400;\"> de A \u00e0 Z, les dimensions sont variables. Cela vous permet, si vous avez un projet pr\u00e9cis en t\u00eate, d\u2019obtenir un devis 100% <\/span><b>sur mesure<\/b><span style=\"font-weight: 400;\">, sujet que nous avons \u00e9voqu\u00e9 dans un pr\u00e9c\u00e9dent article :\u00a0<\/span><a href=\"https:\/\/www.monpackaging.com\/blog\/le-sur-mesure\/\"><span style=\"font-weight: 400;\">Le sur mesure<\/span><\/a><\/p>\n","protected":false},"excerpt":{"rendered":"<p>\u00ab\u2009Les bons designs ne d\u00e9pendent pas du support que l\u2019on utilise. Pour cr\u00e9er un design de qualit\u00e9, il faut bien r\u00e9fl\u00e9chir \u00e0 ce que l\u2019on veut faire et au cadre dans lequel cela s\u2019inscrit, avant m\u00eame de commencer.\u2009\u00bb \u2013 Susan Kare\u00a0 &nbsp; Personnalisez votre packaging &nbsp; Personnaliser votre packaging est le meilleur moyen de donner [&hellip;]<\/p>\n","protected":false},"author":1,"featured_media":2664,"comment_status":"open","ping_status":"open","sticky":false,"template":"","format":"standard","meta":{"_editorskit_title_hidden":false,"_editorskit_reading_time":0,"_editorskit_is_block_options_detached":false,"_editorskit_block_options_position":"{}","footnotes":""},"categories":[2],"tags":[163,174,101,3,5,100,33],"yoast_head":"<!-- This site is optimized with the Yoast SEO plugin v22.6 - https:\/\/yoast.com\/wordpress\/plugins\/seo\/ -->\r\n<title>La personnalisation de packaging - Le Blog des experts de l&#039;emballage<\/title>\r\n<meta name=\"description\" content=\"Tout savoir sur la personnalisation de packaging ! Venez d\u00e9couvrir comment personnaliser votre packaging 100% en ligne.\" \/>\r\n<meta name=\"robots\" content=\"index, follow, max-snippet:-1, max-image-preview:large, max-video-preview:-1\" \/>\r\n<link rel=\"canonical\" href=\"https:\/\/www.monpackaging.com\/blog\/la-personnalisation-de-packaging\/\" \/>\r\n<meta property=\"og:locale\" content=\"fr_FR\" \/>\r\n<meta property=\"og:type\" content=\"article\" \/>\r\n<meta property=\"og:title\" content=\"La personnalisation de packaging - Le Blog des experts de l&#039;emballage\" \/>\r\n<meta property=\"og:description\" content=\"Tout savoir sur la personnalisation de packaging ! Venez d\u00e9couvrir comment personnaliser votre packaging 100% en ligne.\" \/>\r\n<meta property=\"og:url\" content=\"https:\/\/www.monpackaging.com\/blog\/la-personnalisation-de-packaging\/\" \/>\r\n<meta property=\"og:site_name\" content=\"Le Blog des experts de l&#039;emballage\" \/>\r\n<meta property=\"article:publisher\" content=\"https:\/\/www.facebook.com\/monpackaging\/\" \/>\r\n<meta property=\"article:published_time\" content=\"2021-10-25T12:01:28+00:00\" \/>\r\n<meta property=\"article:modified_time\" content=\"2021-10-26T13:04:38+00:00\" \/>\r\n<meta property=\"og:image\" content=\"https:\/\/www.monpackaging.com\/blog\/wp-content\/uploads\/2021\/10\/La-personnalisation-de-packaging-1.jpg\" \/>\r\n\t<meta property=\"og:image:width\" content=\"1920\" \/>\r\n\t<meta property=\"og:image:height\" content=\"1920\" \/>\r\n\t<meta property=\"og:image:type\" content=\"image\/jpeg\" \/>\r\n<meta name=\"author\" content=\"Thomas\" \/>\r\n<meta name=\"twitter:card\" content=\"summary_large_image\" \/>\r\n<meta name=\"twitter:creator\" content=\"@MonPackaging\" \/>\r\n<meta name=\"twitter:site\" content=\"@MonPackaging\" \/>\r\n<meta name=\"twitter:label1\" content=\"\u00c9crit par\" \/>\n\t<meta name=\"twitter:data1\" content=\"Thomas\" \/>\n\t<meta name=\"twitter:label2\" content=\"Dur\u00e9e de lecture estim\u00e9e\" \/>\n\t<meta name=\"twitter:data2\" content=\"4 minutes\" \/>\r\n<script type=\"application\/ld+json\" class=\"yoast-schema-graph\">{\"@context\":\"https:\/\/schema.org\",\"@graph\":[{\"@type\":\"WebPage\",\"@id\":\"https:\/\/www.monpackaging.com\/blog\/la-personnalisation-de-packaging\/\",\"url\":\"https:\/\/www.monpackaging.com\/blog\/la-personnalisation-de-packaging\/\",\"name\":\"La personnalisation de packaging - Le Blog des experts de l&#039;emballage\",\"isPartOf\":{\"@id\":\"https:\/\/www.monpackaging.com\/blog\/#website\"},\"primaryImageOfPage\":{\"@id\":\"https:\/\/www.monpackaging.com\/blog\/la-personnalisation-de-packaging\/#primaryimage\"},\"image\":{\"@id\":\"https:\/\/www.monpackaging.com\/blog\/la-personnalisation-de-packaging\/#primaryimage\"},\"thumbnailUrl\":\"https:\/\/www.monpackaging.com\/blog\/wp-content\/uploads\/2021\/10\/La-personnalisation-de-packaging-1.jpg\",\"datePublished\":\"2021-10-25T12:01:28+00:00\",\"dateModified\":\"2021-10-26T13:04:38+00:00\",\"author\":{\"@id\":\"https:\/\/www.monpackaging.com\/blog\/#\/schema\/person\/d41ad873dad4579d933b5118ae136ed3\"},\"description\":\"Tout savoir sur la personnalisation de packaging ! Venez d\u00e9couvrir comment personnaliser votre packaging 100% en ligne.\",\"breadcrumb\":{\"@id\":\"https:\/\/www.monpackaging.com\/blog\/la-personnalisation-de-packaging\/#breadcrumb\"},\"inLanguage\":\"fr-FR\",\"potentialAction\":[{\"@type\":\"ReadAction\",\"target\":[\"https:\/\/www.monpackaging.com\/blog\/la-personnalisation-de-packaging\/\"]}]},{\"@type\":\"ImageObject\",\"inLanguage\":\"fr-FR\",\"@id\":\"https:\/\/www.monpackaging.com\/blog\/la-personnalisation-de-packaging\/#primaryimage\",\"url\":\"https:\/\/www.monpackaging.com\/blog\/wp-content\/uploads\/2021\/10\/La-personnalisation-de-packaging-1.jpg\",\"contentUrl\":\"https:\/\/www.monpackaging.com\/blog\/wp-content\/uploads\/2021\/10\/La-personnalisation-de-packaging-1.jpg\",\"width\":1920,\"height\":1920},{\"@type\":\"BreadcrumbList\",\"@id\":\"https:\/\/www.monpackaging.com\/blog\/la-personnalisation-de-packaging\/#breadcrumb\",\"itemListElement\":[{\"@type\":\"ListItem\",\"position\":1,\"name\":\"Accueil\",\"item\":\"https:\/\/www.monpackaging.com\/blog\/\"},{\"@type\":\"ListItem\",\"position\":2,\"name\":\"La personnalisation de packaging\"}]},{\"@type\":\"WebSite\",\"@id\":\"https:\/\/www.monpackaging.com\/blog\/#website\",\"url\":\"https:\/\/www.monpackaging.com\/blog\/\",\"name\":\"Le Blog des experts de l&#039;emballage\",\"description\":\"\",\"potentialAction\":[{\"@type\":\"SearchAction\",\"target\":{\"@type\":\"EntryPoint\",\"urlTemplate\":\"https:\/\/www.monpackaging.com\/blog\/?s={search_term_string}\"},\"query-input\":\"required name=search_term_string\"}],\"inLanguage\":\"fr-FR\"},{\"@type\":\"Person\",\"@id\":\"https:\/\/www.monpackaging.com\/blog\/#\/schema\/person\/d41ad873dad4579d933b5118ae136ed3\",\"name\":\"Thomas\",\"image\":{\"@type\":\"ImageObject\",\"inLanguage\":\"fr-FR\",\"@id\":\"https:\/\/www.monpackaging.com\/blog\/#\/schema\/person\/image\/\",\"url\":\"https:\/\/secure.gravatar.com\/avatar\/53fb146a32ab351eb2f9c908583c8fbd?s=96&d=mm&r=g\",\"contentUrl\":\"https:\/\/secure.gravatar.com\/avatar\/53fb146a32ab351eb2f9c908583c8fbd?s=96&d=mm&r=g\",\"caption\":\"Thomas\"}}]}<\/script>\r\n<!-- \/ Yoast SEO plugin. -->","yoast_head_json":{"title":"La personnalisation de packaging - Le Blog des experts de l&#039;emballage","description":"Tout savoir sur la personnalisation de packaging ! Venez d\u00e9couvrir comment personnaliser votre packaging 100% en ligne.","robots":{"index":"index","follow":"follow","max-snippet":"max-snippet:-1","max-image-preview":"max-image-preview:large","max-video-preview":"max-video-preview:-1"},"canonical":"https:\/\/www.monpackaging.com\/blog\/la-personnalisation-de-packaging\/","og_locale":"fr_FR","og_type":"article","og_title":"La personnalisation de packaging - Le Blog des experts de l&#039;emballage","og_description":"Tout savoir sur la personnalisation de packaging ! Venez d\u00e9couvrir comment personnaliser votre packaging 100% en ligne.","og_url":"https:\/\/www.monpackaging.com\/blog\/la-personnalisation-de-packaging\/","og_site_name":"Le Blog des experts de l&#039;emballage","article_publisher":"https:\/\/www.facebook.com\/monpackaging\/","article_published_time":"2021-10-25T12:01:28+00:00","article_modified_time":"2021-10-26T13:04:38+00:00","og_image":[{"width":1920,"height":1920,"url":"https:\/\/www.monpackaging.com\/blog\/wp-content\/uploads\/2021\/10\/La-personnalisation-de-packaging-1.jpg","type":"image\/jpeg"}],"author":"Thomas","twitter_card":"summary_large_image","twitter_creator":"@MonPackaging","twitter_site":"@MonPackaging","twitter_misc":{"\u00c9crit par":"Thomas","Dur\u00e9e de lecture estim\u00e9e":"4 minutes"},"schema":{"@context":"https:\/\/schema.org","@graph":[{"@type":"WebPage","@id":"https:\/\/www.monpackaging.com\/blog\/la-personnalisation-de-packaging\/","url":"https:\/\/www.monpackaging.com\/blog\/la-personnalisation-de-packaging\/","name":"La personnalisation de packaging - Le Blog des experts de l&#039;emballage","isPartOf":{"@id":"https:\/\/www.monpackaging.com\/blog\/#website"},"primaryImageOfPage":{"@id":"https:\/\/www.monpackaging.com\/blog\/la-personnalisation-de-packaging\/#primaryimage"},"image":{"@id":"https:\/\/www.monpackaging.com\/blog\/la-personnalisation-de-packaging\/#primaryimage"},"thumbnailUrl":"https:\/\/www.monpackaging.com\/blog\/wp-content\/uploads\/2021\/10\/La-personnalisation-de-packaging-1.jpg","datePublished":"2021-10-25T12:01:28+00:00","dateModified":"2021-10-26T13:04:38+00:00","author":{"@id":"https:\/\/www.monpackaging.com\/blog\/#\/schema\/person\/d41ad873dad4579d933b5118ae136ed3"},"description":"Tout savoir sur la personnalisation de packaging ! Venez d\u00e9couvrir comment personnaliser votre packaging 100% en ligne.","breadcrumb":{"@id":"https:\/\/www.monpackaging.com\/blog\/la-personnalisation-de-packaging\/#breadcrumb"},"inLanguage":"fr-FR","potentialAction":[{"@type":"ReadAction","target":["https:\/\/www.monpackaging.com\/blog\/la-personnalisation-de-packaging\/"]}]},{"@type":"ImageObject","inLanguage":"fr-FR","@id":"https:\/\/www.monpackaging.com\/blog\/la-personnalisation-de-packaging\/#primaryimage","url":"https:\/\/www.monpackaging.com\/blog\/wp-content\/uploads\/2021\/10\/La-personnalisation-de-packaging-1.jpg","contentUrl":"https:\/\/www.monpackaging.com\/blog\/wp-content\/uploads\/2021\/10\/La-personnalisation-de-packaging-1.jpg","width":1920,"height":1920},{"@type":"BreadcrumbList","@id":"https:\/\/www.monpackaging.com\/blog\/la-personnalisation-de-packaging\/#breadcrumb","itemListElement":[{"@type":"ListItem","position":1,"name":"Accueil","item":"https:\/\/www.monpackaging.com\/blog\/"},{"@type":"ListItem","position":2,"name":"La personnalisation de packaging"}]},{"@type":"WebSite","@id":"https:\/\/www.monpackaging.com\/blog\/#website","url":"https:\/\/www.monpackaging.com\/blog\/","name":"Le Blog des experts de l&#039;emballage","description":"","potentialAction":[{"@type":"SearchAction","target":{"@type":"EntryPoint","urlTemplate":"https:\/\/www.monpackaging.com\/blog\/?s={search_term_string}"},"query-input":"required name=search_term_string"}],"inLanguage":"fr-FR"},{"@type":"Person","@id":"https:\/\/www.monpackaging.com\/blog\/#\/schema\/person\/d41ad873dad4579d933b5118ae136ed3","name":"Thomas","image":{"@type":"ImageObject","inLanguage":"fr-FR","@id":"https:\/\/www.monpackaging.com\/blog\/#\/schema\/person\/image\/","url":"https:\/\/secure.gravatar.com\/avatar\/53fb146a32ab351eb2f9c908583c8fbd?s=96&d=mm&r=g","contentUrl":"https:\/\/secure.gravatar.com\/avatar\/53fb146a32ab351eb2f9c908583c8fbd?s=96&d=mm&r=g","caption":"Thomas"}}]}},"_links":{"self":[{"href":"https:\/\/www.monpackaging.com\/blog\/wp-json\/wp\/v2\/posts\/2650"}],"collection":[{"href":"https:\/\/www.monpackaging.com\/blog\/wp-json\/wp\/v2\/posts"}],"about":[{"href":"https:\/\/www.monpackaging.com\/blog\/wp-json\/wp\/v2\/types\/post"}],"author":[{"embeddable":true,"href":"https:\/\/www.monpackaging.com\/blog\/wp-json\/wp\/v2\/users\/1"}],"replies":[{"embeddable":true,"href":"https:\/\/www.monpackaging.com\/blog\/wp-json\/wp\/v2\/comments?post=2650"}],"version-history":[{"count":6,"href":"https:\/\/www.monpackaging.com\/blog\/wp-json\/wp\/v2\/posts\/2650\/revisions"}],"predecessor-version":[{"id":2667,"href":"https:\/\/www.monpackaging.com\/blog\/wp-json\/wp\/v2\/posts\/2650\/revisions\/2667"}],"wp:featuredmedia":[{"embeddable":true,"href":"https:\/\/www.monpackaging.com\/blog\/wp-json\/wp\/v2\/media\/2664"}],"wp:attachment":[{"href":"https:\/\/www.monpackaging.com\/blog\/wp-json\/wp\/v2\/media?parent=2650"}],"wp:term":[{"taxonomy":"category","embeddable":true,"href":"https:\/\/www.monpackaging.com\/blog\/wp-json\/wp\/v2\/categories?post=2650"},{"taxonomy":"post_tag","embeddable":true,"href":"https:\/\/www.monpackaging.com\/blog\/wp-json\/wp\/v2\/tags?post=2650"}],"curies":[{"name":"wp","href":"https:\/\/api.w.org\/{rel}","templated":true}]}}