{"id":2345,"date":"2021-07-07T07:43:57","date_gmt":"2021-07-07T05:43:57","guid":{"rendered":"https:\/\/www.monpackaging.com\/blog\/?p=2345"},"modified":"2021-07-07T07:43:57","modified_gmt":"2021-07-07T05:43:57","slug":"ce-que-les-packaging-designers-ne-vous-ont-jamais-dit","status":"publish","type":"post","link":"https:\/\/www.monpackaging.com\/blog\/ce-que-les-packaging-designers-ne-vous-ont-jamais-dit\/","title":{"rendered":"Ce que les packaging designers ne vous ont jamais dit&#8230;"},"content":{"rendered":"<p style=\"text-align: justify\"><span style=\"font-weight: 400\">Ouvrez votre r\u00e9frig\u00e9rateur, commandez quelque chose en ligne, feuilletez un magazine ou marchez dans la rue\u2026 Emballages et packagings sont tout autour de nous aujourd&rsquo;hui ! 30 000 nouveaux produits sont introduits sur le march\u00e9 chaque ann\u00e9e. Seulement 5% d&rsquo;entre eux survivront \u00e0 leurs 12 premiers mois d&rsquo;existence. Ce qui fera la diff\u00e9rence ? Un produit de qualit\u00e9 bien s\u00fbr, une communication r\u00e9ussie mais \u00e9galement une enveloppe soigneusement con\u00e7ue par des packaging designers de talent.<\/span><\/p>\n<p style=\"text-align: justify\"><span style=\"font-weight: 400\">La conception de packaging est l&rsquo;un des outils les plus puissants \u00e0 votre disposition pour vous d\u00e9marquer de la concurrence. Et les packaging designers sont justement l\u00e0 pour faire d&rsquo;une id\u00e9e cr\u00e9ative abstraite un v\u00e9ritable booster de vente ! Et si l&rsquo;on faisait le point sur quelques axes de r\u00e9flexion essentiels qui vous aideront \u00e0 vous lancer en toute tranquillit\u00e9 ? D\u00e9couvrez nos points cl\u00e9s sur le graphisme de packaging, et puis en route vers votre prochaine cr\u00e9ation !<\/span><\/p>\n<p>&nbsp;<\/p>\n<h2>1 &#8211; La clart\u00e9 avant tout<\/h2>\n<p style=\"text-align: justify\"><span style=\"font-weight: 400\">Il vous suffit de faire le test vous-m\u00eame. Rendez-vous dans une boutique ou dans un supermarch\u00e9, prenez un produit au hasard. Consultez l&#8217;emballage et t\u00e2chez de comprendre ce dont il s&rsquo;agit, et <a href=\"https:\/\/www.monpackaging.com\/blog\/top-5-meilleurs-univers-marques-inspirer\/\">la marque qui se cache derri\u00e8re<\/a>. Si vous ne parvenez pas \u00e0 le faire dans les 4 secondes, il y a de fortes chances que vous ne passiez pas \u00e0 l&rsquo;achat.<\/span><\/p>\n<p style=\"text-align: justify\"><span style=\"font-weight: 400\"><strong>4 secondes maximum<\/strong>, c&rsquo;est le temps moyen que consacre un consommateur \u00e0 la r\u00e9flexion avant de d\u00e9terminer s&rsquo;il va ou non acheter un produit.<\/span><\/p>\n<p>&nbsp;<\/p>\n<figure id=\"attachment_2369\" aria-describedby=\"caption-attachment-2369\" style=\"width: 515px\" class=\"wp-caption aligncenter\"><img decoding=\"async\" loading=\"lazy\" class=\" wp-image-2369\" src=\"https:\/\/www.monpackaging.com\/blog\/wp-content\/uploads\/2021\/07\/La-clarte-300x200.jpg\" alt=\"La clart\u00e9 avant tout\" width=\"515\" height=\"343\" srcset=\"https:\/\/www.monpackaging.com\/blog\/wp-content\/uploads\/2021\/07\/La-clarte-300x200.jpg 300w, https:\/\/www.monpackaging.com\/blog\/wp-content\/uploads\/2021\/07\/La-clarte-768x512.jpg 768w, https:\/\/www.monpackaging.com\/blog\/wp-content\/uploads\/2021\/07\/La-clarte.jpg 1000w\" sizes=\"(max-width: 515px) 100vw, 515px\" \/><figcaption id=\"caption-attachment-2369\" class=\"wp-caption-text\">La clart\u00e9 avant tout<\/figcaption><\/figure>\n<p>&nbsp;<\/p>\n<p style=\"text-align: justify\"><span style=\"font-weight: 400\">Pour l&rsquo;aider dans ses d\u00e9marches, le design et le graphisme de votre emballage devront \u00eatre aussi faciles \u00e0 comprendre que possible. Le <a href=\"https:\/\/www.monpackaging.com\/blog\/les-emballages-apple-au-coeur-de-lexperience-utilisateur\/\">style \u00e9pur\u00e9 et minimaliste d&rsquo;Apple<\/a> en est un excellent exemple. L&rsquo;exp\u00e9rience de d\u00e9ballage d&rsquo;un nouvel iPhone ou MacBook est inoubliable. <strong>Le positionnement de la marque<\/strong> et le produit contenu y transparaissent alors m\u00eame que la bo\u00eete est encore solidement ferm\u00e9e.<\/span><\/p>\n<p style=\"text-align: justify\"><span style=\"font-weight: 400\">R\u00e9fl\u00e9chissez aux valeurs phares de votre marque, voire aux besoins actuels manifest\u00e9s par les clients et auxquels ils n&rsquo;ont peut-\u00eatre pas encore trouv\u00e9 de r\u00e9ponse. Et puis communiquez clairement sur votre proposition \u00e0 travers tous les \u00e9l\u00e9ments de votre <a href=\"https:\/\/www.monpackaging.com\/blog\/tour-horizon-meilleurs-designs-packaging\/\">design de packaging<\/a>.<\/span><\/p>\n<p style=\"text-align: justify\">\u00a0<\/p>\n<h3>La hi\u00e9rarchie de l&rsquo;information<\/h3>\n<p style=\"text-align: justify\"><span style=\"font-weight: 400\">Un emballage cr\u00e9atif r\u00e9ussi distillera de mani\u00e8re succincte juste assez d&rsquo;informations pour inciter le client \u00e0 acheter le produit ou \u00e0 cliquer en ligne pour en savoir plus. Cela passera par la conception, l&rsquo;imagerie, la couleur et les messages strat\u00e9giques.\u00a0<\/span><\/p>\n<p style=\"text-align: justify\"><span style=\"font-weight: 400\">Le nom et l&rsquo;utilisation du produit doivent \u00eatre \u00e9vidents \u00e0 premi\u00e8re vue, tout comme le parfum si n\u00e9cessaire et de plus en plus la provenance. N\u2019en oubliez pas les ingr\u00e9dients ou les recommandations particuli\u00e8res qui pourront figurer au dos. L\u2019id\u00e9e \u00e9tant ici de suivre une certaine logique dans l\u2019organisation de l\u2019information.\u00a0<\/span><\/p>\n<p style=\"text-align: justify\"><span style=\"font-weight: 400\">Guidez le regard du curieux \u00e0 votre guise, et cr\u00e9ez pour lui un cheminement simple qui se soldera par l\u2019achat ! <\/span><\/p>\n<p>&nbsp;<\/p>\n<h2>2 &#8211; De l&rsquo;esth\u00e9tique, mais pas seulement<\/h2>\n<p style=\"text-align: justify\"><span style=\"font-weight: 400\">Il y a une vraie diff\u00e9rence entre un design vaguement attrayant et un design qui suscitera r\u00e9ellement la curiosit\u00e9 du consommateur par le biais du subconscient. Gardez en t\u00eate que ce qui vous pla\u00eet personnellement, <a href=\"https:\/\/www.monpackaging.com\/blog\/comment-amorcer-changement-identite-visuelle-emballage-packaging\/\">de mani\u00e8re visuelle<\/a>, ne sera peut-\u00eatre pas per\u00e7u en magasin de la mani\u00e8re dont vous vous le souhaitiez.\u00a0<\/span><\/p>\n<p style=\"text-align: justify\"><span style=\"font-weight: 400\"><strong>L&rsquo;une des erreurs les plus courantes<\/strong> ici consistera \u00e0 placer le logo au centre de l&rsquo;attention, masquant ainsi les autres \u00e9l\u00e9ments et notamment les informations essentielles concernant le produit. Qu&rsquo;importe que le graphisme soit attractif si plus de la moiti\u00e9 de la surface est d\u00e9di\u00e9e au logo et non aux produits ou aux arguments de vente cl\u00e9s !<\/span><\/p>\n<p style=\"text-align: justify\"><span style=\"font-weight: 400\">L&rsquo;id\u00e9e sera de trouver <strong>l&rsquo;\u00e9quilibre entre esth\u00e9tisme et accompagnement<\/strong> du futur acheteur. S&rsquo;il vous faut choisir entre un design esth\u00e9tique et un packaging efficace qui influera sur <a href=\"https:\/\/www.monpackaging.com\/blog\/quel-lien-entre-packaging-et-comportement-du-consommateur\/\">le comportement du consommateur<\/a>, plus question d&rsquo;h\u00e9siter. Les r\u00e9sultats avant tout !<\/span><\/p>\n<p>&nbsp;<\/p>\n<h3>Le design est li\u00e9 \u00e0 la psychologie<\/h3>\n<p style=\"text-align: justify\"><span style=\"font-weight: 400\">Moins de <a href=\"https:\/\/www.monpackaging.com\/blog\/meilleurs-logiciels-conception-emballages\/\">logiciels de conception<\/a>, et plus de r\u00e9flexion ! Un joli design et un contenu convaincant ne feront qu\u2019une partie du chemin. Le reste r\u00e9side dans la psychologie et le comportement du consommateur.<\/span><\/p>\n<p style=\"text-align: justify\"><span style=\"font-weight: 400\">\u00c0 vous de travailler sur <a href=\"https:\/\/significationdescouleurs.com\/quel-impact-couleurs-image-de-marque\/\">la psychologie des couleurs<\/a> et les associations de tons et de nuances qui parleront \u00e0<strong> votre public cible<\/strong>. \u00c0 vers de d\u00e9terminer quels motifs plairont \u00e0 quelle part de la population, et pourquoi.\u00a0<\/span><\/p>\n<p style=\"text-align: justify\"><span style=\"font-weight: 400\">Sur quelle face de votre packaging placerez-vous telle ou telle image ? Plut\u00f4t vert d\u2019eau, ou bleu profond ? Quelles \u00e9motions doivent \u00e9maner en priorit\u00e9 de votre design global ?\u00a0<\/span><\/p>\n<p style=\"text-align: justify\"><span style=\"font-weight: 400\">Faites les efforts n\u00e9cessaires pour vous mettre \u00e0 la place de vos prospects ! De quoi influer sur la r\u00e9flexion d&rsquo;un futur acheteur et sur sa <strong>perception de votre entreprise<\/strong>.<\/span><\/p>\n<p>&nbsp;<\/p>\n<h2>3 &#8211; L&rsquo;argent investi ne d\u00e9termine pas le succ\u00e8s de votre packaging<\/h2>\n<p><span style=\"font-weight: 400\">Oui, il est possible de concevoir le packaging de vos r\u00eaves tout en faisant <a href=\"https:\/\/www.monpackaging.com\/blog\/faire-economies-tangibles-packaging\/\">quelques \u00e9conomies<\/a> ! En particulier depuis que la conception en ligne s&rsquo;est plus perfectionn\u00e9e que jamais. Trop de packaging designers profitent encore de l\u2019ignorance de certains clients en se cachant derri\u00e8re des <strong>termes techniques<\/strong> et des <strong>tarifs exorbitants<\/strong>.<\/span><\/p>\n<blockquote>\n<p><em>Le succ\u00e8s ne se mesure pas \u00e0 la quantit\u00e9 d&rsquo;argent que vous gagnez, mais \u00e0 l&rsquo;impact que vous avez sur la vie des gens.<\/em><\/p>\n<\/blockquote>\n<p><strong>Michelle Obama.<\/strong><\/p>\n<p><span style=\"font-weight: 400\">D\u00e9cidez de votre budget, d\u00e9terminez votre projet et <a href=\"https:\/\/www.monpackaging.com\/blog\/comment-devenir-designer-packaging\/\">trouvez les graphistes<\/a> qui pourront y travailler. Prenez le temps de la r\u00e9flexion. Cela pourrait bien vous faire \u00e9conomiser de belles sommes d\u2019argent !<\/span><\/p>\n<p>&nbsp;<\/p>\n<figure id=\"attachment_2371\" aria-describedby=\"caption-attachment-2371\" style=\"width: 548px\" class=\"wp-caption aligncenter\"><img decoding=\"async\" loading=\"lazy\" class=\" wp-image-2371\" src=\"https:\/\/www.monpackaging.com\/blog\/wp-content\/uploads\/2021\/07\/Michelle-Obama-300x300.jpg\" alt=\"Michelle Obama.\" width=\"548\" height=\"548\" srcset=\"https:\/\/www.monpackaging.com\/blog\/wp-content\/uploads\/2021\/07\/Michelle-Obama-300x300.jpg 300w, https:\/\/www.monpackaging.com\/blog\/wp-content\/uploads\/2021\/07\/Michelle-Obama-1024x1024.jpg 1024w, https:\/\/www.monpackaging.com\/blog\/wp-content\/uploads\/2021\/07\/Michelle-Obama-150x150.jpg 150w, https:\/\/www.monpackaging.com\/blog\/wp-content\/uploads\/2021\/07\/Michelle-Obama-768x768.jpg 768w, https:\/\/www.monpackaging.com\/blog\/wp-content\/uploads\/2021\/07\/Michelle-Obama-400x400.jpg 400w, https:\/\/www.monpackaging.com\/blog\/wp-content\/uploads\/2021\/07\/Michelle-Obama.jpg 1200w\" sizes=\"(max-width: 548px) 100vw, 548px\" \/><figcaption id=\"caption-attachment-2371\" class=\"wp-caption-text\">Michelle Obama.<\/figcaption><\/figure>\n<p>&nbsp;<\/p>\n<h2>4 &#8211; Ne cherchez pas \u00e0 \u00eatre unique \u00e0 tout prix<\/h2>\n<p style=\"text-align: justify\"><span style=\"font-weight: 400\">Bien s\u00fbr, il sera essentiel de jouer la carte de la diff\u00e9rence pour vous d\u00e9marquer aujourd&rsquo;hui. Malgr\u00e9 tout, chercher l&rsquo;originalit\u00e9 \u00e0 tout prix pourrait parfois se r\u00e9v\u00e9ler contre-productif.<\/span><\/p>\n<p style=\"text-align: justify\"><span style=\"font-weight: 400\">Que faire d&rsquo;un packaging magnifique mais inadapt\u00e9, qui ne r\u00e9pondra pas aux attentes de base et qui ne proposera qu&rsquo;une exp\u00e9rience d\u00e9routante au potentiel acheteur ? Et bien acheteur, il n&rsquo;y aura pas justement. Votre packaging, aussi innovant soit-il, devient inefficace.<\/span><\/p>\n<p style=\"text-align: justify\"><span style=\"font-weight: 400\">Sachez vous diff\u00e9rencier sans renoncer totalement \u00e0 ce qui se fait en termes de <a href=\"https:\/\/www.monpackaging.com\/blog\/conception-graphique-appliquee-emballage\/\">conception d&#8217;emballage<\/a>. Nous l&rsquo;avons bien dit, la clart\u00e9 avant tout !<\/span><\/p>\n<p>&nbsp;<\/p>\n<h2>5 &#8211; Le contexte de vente est essentiel<\/h2>\n<p style=\"text-align: justify\"><span style=\"font-weight: 400\">Bien entendu, c\u2019est par un design d&#8217;emballage innovant qu\u2019il vous sera possible de vous d\u00e9marquer des concurrents op\u00e9rant dans la m\u00eame cat\u00e9gorie.\u00a0<\/span><\/p>\n<p style=\"text-align: justify\"><span style=\"font-weight: 400\">Vous proposez une gamme de sauces \u00e0 l\u2019ancienne, revendiquez le made in France et le fait maison ? Votre emballage pourra inclure un logo d\u2019inspiration traditionnelle, les photos des ingr\u00e9dients, des images de paysages naturels\u2026 Et que voyez-vous d\u00e9j\u00e0 sur les rayonnages ? Des logos d\u2019inspiration traditionnelle. Des photos d\u2019ingr\u00e9dients. Ou bien encore des images de paysages naturels.\u00a0<\/span><\/p>\n<p>&nbsp;<\/p>\n<figure id=\"attachment_2373\" aria-describedby=\"caption-attachment-2373\" style=\"width: 467px\" class=\"wp-caption aligncenter\"><img decoding=\"async\" loading=\"lazy\" class=\" wp-image-2373\" src=\"https:\/\/www.monpackaging.com\/blog\/wp-content\/uploads\/2021\/07\/Le-contexte-de-vente-est-essentiel-300x200.jpg\" alt=\"5 - Le contexte de vente est essentiel\" width=\"467\" height=\"311\" srcset=\"https:\/\/www.monpackaging.com\/blog\/wp-content\/uploads\/2021\/07\/Le-contexte-de-vente-est-essentiel-300x200.jpg 300w, https:\/\/www.monpackaging.com\/blog\/wp-content\/uploads\/2021\/07\/Le-contexte-de-vente-est-essentiel-768x512.jpg 768w, https:\/\/www.monpackaging.com\/blog\/wp-content\/uploads\/2021\/07\/Le-contexte-de-vente-est-essentiel.jpg 1000w\" sizes=\"(max-width: 467px) 100vw, 467px\" \/><figcaption id=\"caption-attachment-2373\" class=\"wp-caption-text\">Le contexte de vente est essentiel<\/figcaption><\/figure>\n<p>&nbsp;<\/p>\n<p style=\"text-align: justify\"><span style=\"font-weight: 400\">Les bons packaging designers devront \u00eatre en mesure de<strong> mener des audits de march\u00e9<\/strong>. Mais aussi de tenir compte du futur lieu de vente pour concevoir le meilleur emballage qui soit. Ce qui fonctionnera dans une petite boutique ne marchera peut-\u00eatre pas dans un grand supermarch\u00e9 !\u00a0 <\/span><\/p>\n<p>&nbsp;<\/p>\n<h2>Un dernier pour la route ? Un bon design doit fonctionner partout !<\/h2>\n<p style=\"text-align: justify\"><span style=\"font-weight: 400\">Bien que le but principal de votre emballage soit de se d\u00e9marquer dans les rayons des magasins, il doit \u00e9galement proposer <strong>une pr\u00e9sentation impeccable<\/strong> si vous le vendez en ligne. Si vous communiquez <a href=\"https:\/\/www.printbasprix.com\/impression-flyer-en-ligne\">via des flyers<\/a>, ou toute forme de r\u00e9seau social.<\/span><\/p>\n<p style=\"text-align: justify\"><span style=\"font-weight: 400\">La conception de votre emballage doit pouvoir \u00eatre reproduite dans une annonce, dans un journal ou un magazine. Il doit pouvoir <strong>accueillir vos futures gammes<\/strong> et vous permettre d\u2019envisager <a href=\"https:\/\/www.monpackaging.com\/blog\/commerce-internationalisation-packaging-conquete-monde\/\">une ouverture \u00e0 l\u2019international<\/a>.<\/span><\/p>\n<p style=\"text-align: justify\"><span style=\"font-weight: 400\">Votre emballage doit avoir fi\u00e8re allure en vrai comme sur les \u00e9crans d&rsquo;ordinateur et les appareils mobiles ! Concevez tout en gardant de multiples usages \u00e0 l&rsquo;esprit.<\/span><\/p>\n<p>&nbsp;<\/p>\n<h2>Faites confiance \u00e0 des experts pour une totale tranquillit\u00e9 d&rsquo;esprit<\/h2>\n<p style=\"text-align: justify\"><span style=\"font-weight: 400\">Vous avez litt\u00e9ralement quelques secondes pour attirer l&rsquo;attention d&rsquo;un potentiel acheteur. Ne les gaspillez pas ! Tirez parti de l\u2019expertise et des conseils <a href=\"https:\/\/www.monpackaging.com\">MonPackaging<\/a> tout au long du lancement de votre produit.<\/span><\/p>\n<p style=\"text-align: justify\"><span style=\"font-weight: 400\">De quoi vous d\u00e9gager un maximum de temps pour cr\u00e9er votre produit et lui trouver un march\u00e9. Vos packaging designers se chargeront de comprendre la mani\u00e8re dont votre public r\u00e9agit face aux diff\u00e9rents \u00e9l\u00e9ments pour donner vie \u00e0 un emballage percutant qui assurera la stabilit\u00e9 de vos collections et de vos ventes. Apr\u00e8s tout, n&rsquo;est-ce pas l\u00e0 ce que vous voulez ?<\/span><\/p>\n","protected":false},"excerpt":{"rendered":"<p>Ouvrez votre r\u00e9frig\u00e9rateur, commandez quelque chose en ligne, feuilletez un magazine ou marchez dans la rue\u2026 Emballages et packagings sont tout autour de nous aujourd&rsquo;hui ! 30 000 nouveaux produits sont introduits sur le march\u00e9 chaque ann\u00e9e. Seulement 5% d&rsquo;entre eux survivront \u00e0 leurs 12 premiers mois d&rsquo;existence. Ce qui fera la diff\u00e9rence ? Un [&hellip;]<\/p>\n","protected":false},"author":6,"featured_media":2376,"comment_status":"open","ping_status":"open","sticky":false,"template":"","format":"standard","meta":{"_editorskit_title_hidden":false,"_editorskit_reading_time":0,"_editorskit_is_block_options_detached":false,"_editorskit_block_options_position":"{}","footnotes":""},"categories":[2],"tags":[163,217,282,284,283],"yoast_head":"<!-- This site is optimized with the Yoast SEO plugin v22.6 - https:\/\/yoast.com\/wordpress\/plugins\/seo\/ -->\r\n<title>Ce que les packaging designers ne vous ont jamais dit !<\/title>\r\n<meta name=\"description\" content=\"Et s&#039;il \u00e9tait temps d&#039;am\u00e9liorer vos emballages ? On vous donne quelques-uns des secrets jalousement gard\u00e9s des packaging designers !\" \/>\r\n<meta name=\"robots\" content=\"index, follow, max-snippet:-1, max-image-preview:large, max-video-preview:-1\" \/>\r\n<link rel=\"canonical\" href=\"https:\/\/www.monpackaging.com\/blog\/ce-que-les-packaging-designers-ne-vous-ont-jamais-dit\/\" \/>\r\n<meta property=\"og:locale\" content=\"fr_FR\" \/>\r\n<meta property=\"og:type\" content=\"article\" \/>\r\n<meta property=\"og:title\" content=\"Ce que les packaging designers ne vous ont jamais dit !\" \/>\r\n<meta property=\"og:description\" content=\"Et s&#039;il \u00e9tait temps d&#039;am\u00e9liorer vos emballages ? On vous donne quelques-uns des secrets jalousement gard\u00e9s des packaging designers !\" \/>\r\n<meta property=\"og:url\" content=\"https:\/\/www.monpackaging.com\/blog\/ce-que-les-packaging-designers-ne-vous-ont-jamais-dit\/\" \/>\r\n<meta property=\"og:site_name\" content=\"Le Blog des experts de l&#039;emballage\" \/>\r\n<meta property=\"article:publisher\" content=\"https:\/\/www.facebook.com\/monpackaging\/\" \/>\r\n<meta property=\"article:published_time\" content=\"2021-07-07T05:43:57+00:00\" \/>\r\n<meta property=\"og:image\" content=\"https:\/\/www.monpackaging.com\/blog\/wp-content\/uploads\/2021\/07\/Ce-que-les-packaging-designers-ne-vous-ont-jamais-dit.jpg\" \/>\r\n\t<meta property=\"og:image:width\" content=\"1400\" \/>\r\n\t<meta property=\"og:image:height\" content=\"500\" \/>\r\n\t<meta property=\"og:image:type\" content=\"image\/jpeg\" \/>\r\n<meta name=\"author\" content=\"Fournisseur emballage\" \/>\r\n<meta name=\"twitter:card\" content=\"summary_large_image\" \/>\r\n<meta name=\"twitter:creator\" content=\"@MonPackaging\" \/>\r\n<meta name=\"twitter:site\" content=\"@MonPackaging\" \/>\r\n<meta name=\"twitter:label1\" content=\"\u00c9crit par\" \/>\n\t<meta name=\"twitter:data1\" content=\"Fournisseur emballage\" \/>\n\t<meta name=\"twitter:label2\" content=\"Dur\u00e9e de lecture estim\u00e9e\" \/>\n\t<meta name=\"twitter:data2\" content=\"7 minutes\" \/>\r\n<script type=\"application\/ld+json\" class=\"yoast-schema-graph\">{\"@context\":\"https:\/\/schema.org\",\"@graph\":[{\"@type\":\"WebPage\",\"@id\":\"https:\/\/www.monpackaging.com\/blog\/ce-que-les-packaging-designers-ne-vous-ont-jamais-dit\/\",\"url\":\"https:\/\/www.monpackaging.com\/blog\/ce-que-les-packaging-designers-ne-vous-ont-jamais-dit\/\",\"name\":\"Ce que les packaging designers ne vous ont jamais dit !\",\"isPartOf\":{\"@id\":\"https:\/\/www.monpackaging.com\/blog\/#website\"},\"primaryImageOfPage\":{\"@id\":\"https:\/\/www.monpackaging.com\/blog\/ce-que-les-packaging-designers-ne-vous-ont-jamais-dit\/#primaryimage\"},\"image\":{\"@id\":\"https:\/\/www.monpackaging.com\/blog\/ce-que-les-packaging-designers-ne-vous-ont-jamais-dit\/#primaryimage\"},\"thumbnailUrl\":\"https:\/\/www.monpackaging.com\/blog\/wp-content\/uploads\/2021\/07\/Ce-que-les-packaging-designers-ne-vous-ont-jamais-dit.jpg\",\"datePublished\":\"2021-07-07T05:43:57+00:00\",\"dateModified\":\"2021-07-07T05:43:57+00:00\",\"author\":{\"@id\":\"https:\/\/www.monpackaging.com\/blog\/#\/schema\/person\/cd0f442d680b7c367570ea00bd3bdeb9\"},\"description\":\"Et s'il \u00e9tait temps d'am\u00e9liorer vos emballages ? On vous donne quelques-uns des secrets jalousement gard\u00e9s des packaging designers !\",\"breadcrumb\":{\"@id\":\"https:\/\/www.monpackaging.com\/blog\/ce-que-les-packaging-designers-ne-vous-ont-jamais-dit\/#breadcrumb\"},\"inLanguage\":\"fr-FR\",\"potentialAction\":[{\"@type\":\"ReadAction\",\"target\":[\"https:\/\/www.monpackaging.com\/blog\/ce-que-les-packaging-designers-ne-vous-ont-jamais-dit\/\"]}]},{\"@type\":\"ImageObject\",\"inLanguage\":\"fr-FR\",\"@id\":\"https:\/\/www.monpackaging.com\/blog\/ce-que-les-packaging-designers-ne-vous-ont-jamais-dit\/#primaryimage\",\"url\":\"https:\/\/www.monpackaging.com\/blog\/wp-content\/uploads\/2021\/07\/Ce-que-les-packaging-designers-ne-vous-ont-jamais-dit.jpg\",\"contentUrl\":\"https:\/\/www.monpackaging.com\/blog\/wp-content\/uploads\/2021\/07\/Ce-que-les-packaging-designers-ne-vous-ont-jamais-dit.jpg\",\"width\":1400,\"height\":500,\"caption\":\"Ce que les packaging designers ne vous ont jamais dit...\"},{\"@type\":\"BreadcrumbList\",\"@id\":\"https:\/\/www.monpackaging.com\/blog\/ce-que-les-packaging-designers-ne-vous-ont-jamais-dit\/#breadcrumb\",\"itemListElement\":[{\"@type\":\"ListItem\",\"position\":1,\"name\":\"Accueil\",\"item\":\"https:\/\/www.monpackaging.com\/blog\/\"},{\"@type\":\"ListItem\",\"position\":2,\"name\":\"Ce que les packaging designers ne vous ont jamais dit&#8230;\"}]},{\"@type\":\"WebSite\",\"@id\":\"https:\/\/www.monpackaging.com\/blog\/#website\",\"url\":\"https:\/\/www.monpackaging.com\/blog\/\",\"name\":\"Le Blog des experts de l&#039;emballage\",\"description\":\"\",\"potentialAction\":[{\"@type\":\"SearchAction\",\"target\":{\"@type\":\"EntryPoint\",\"urlTemplate\":\"https:\/\/www.monpackaging.com\/blog\/?s={search_term_string}\"},\"query-input\":\"required name=search_term_string\"}],\"inLanguage\":\"fr-FR\"},{\"@type\":\"Person\",\"@id\":\"https:\/\/www.monpackaging.com\/blog\/#\/schema\/person\/cd0f442d680b7c367570ea00bd3bdeb9\",\"name\":\"Fournisseur emballage\",\"image\":{\"@type\":\"ImageObject\",\"inLanguage\":\"fr-FR\",\"@id\":\"https:\/\/www.monpackaging.com\/blog\/#\/schema\/person\/image\/\",\"url\":\"https:\/\/secure.gravatar.com\/avatar\/78e73ee7008e12ace746474ea8339624?s=96&d=mm&r=g\",\"contentUrl\":\"https:\/\/secure.gravatar.com\/avatar\/78e73ee7008e12ace746474ea8339624?s=96&d=mm&r=g\",\"caption\":\"Fournisseur emballage\"}}]}<\/script>\r\n<!-- \/ Yoast SEO plugin. -->","yoast_head_json":{"title":"Ce que les packaging designers ne vous ont jamais dit !","description":"Et s'il \u00e9tait temps d'am\u00e9liorer vos emballages ? On vous donne quelques-uns des secrets jalousement gard\u00e9s des packaging designers !","robots":{"index":"index","follow":"follow","max-snippet":"max-snippet:-1","max-image-preview":"max-image-preview:large","max-video-preview":"max-video-preview:-1"},"canonical":"https:\/\/www.monpackaging.com\/blog\/ce-que-les-packaging-designers-ne-vous-ont-jamais-dit\/","og_locale":"fr_FR","og_type":"article","og_title":"Ce que les packaging designers ne vous ont jamais dit !","og_description":"Et s'il \u00e9tait temps d'am\u00e9liorer vos emballages ? On vous donne quelques-uns des secrets jalousement gard\u00e9s des packaging designers !","og_url":"https:\/\/www.monpackaging.com\/blog\/ce-que-les-packaging-designers-ne-vous-ont-jamais-dit\/","og_site_name":"Le Blog des experts de l&#039;emballage","article_publisher":"https:\/\/www.facebook.com\/monpackaging\/","article_published_time":"2021-07-07T05:43:57+00:00","og_image":[{"width":1400,"height":500,"url":"https:\/\/www.monpackaging.com\/blog\/wp-content\/uploads\/2021\/07\/Ce-que-les-packaging-designers-ne-vous-ont-jamais-dit.jpg","type":"image\/jpeg"}],"author":"Fournisseur emballage","twitter_card":"summary_large_image","twitter_creator":"@MonPackaging","twitter_site":"@MonPackaging","twitter_misc":{"\u00c9crit par":"Fournisseur emballage","Dur\u00e9e de lecture estim\u00e9e":"7 minutes"},"schema":{"@context":"https:\/\/schema.org","@graph":[{"@type":"WebPage","@id":"https:\/\/www.monpackaging.com\/blog\/ce-que-les-packaging-designers-ne-vous-ont-jamais-dit\/","url":"https:\/\/www.monpackaging.com\/blog\/ce-que-les-packaging-designers-ne-vous-ont-jamais-dit\/","name":"Ce que les packaging designers ne vous ont jamais dit !","isPartOf":{"@id":"https:\/\/www.monpackaging.com\/blog\/#website"},"primaryImageOfPage":{"@id":"https:\/\/www.monpackaging.com\/blog\/ce-que-les-packaging-designers-ne-vous-ont-jamais-dit\/#primaryimage"},"image":{"@id":"https:\/\/www.monpackaging.com\/blog\/ce-que-les-packaging-designers-ne-vous-ont-jamais-dit\/#primaryimage"},"thumbnailUrl":"https:\/\/www.monpackaging.com\/blog\/wp-content\/uploads\/2021\/07\/Ce-que-les-packaging-designers-ne-vous-ont-jamais-dit.jpg","datePublished":"2021-07-07T05:43:57+00:00","dateModified":"2021-07-07T05:43:57+00:00","author":{"@id":"https:\/\/www.monpackaging.com\/blog\/#\/schema\/person\/cd0f442d680b7c367570ea00bd3bdeb9"},"description":"Et s'il \u00e9tait temps d'am\u00e9liorer vos emballages ? On vous donne quelques-uns des secrets jalousement gard\u00e9s des packaging designers !","breadcrumb":{"@id":"https:\/\/www.monpackaging.com\/blog\/ce-que-les-packaging-designers-ne-vous-ont-jamais-dit\/#breadcrumb"},"inLanguage":"fr-FR","potentialAction":[{"@type":"ReadAction","target":["https:\/\/www.monpackaging.com\/blog\/ce-que-les-packaging-designers-ne-vous-ont-jamais-dit\/"]}]},{"@type":"ImageObject","inLanguage":"fr-FR","@id":"https:\/\/www.monpackaging.com\/blog\/ce-que-les-packaging-designers-ne-vous-ont-jamais-dit\/#primaryimage","url":"https:\/\/www.monpackaging.com\/blog\/wp-content\/uploads\/2021\/07\/Ce-que-les-packaging-designers-ne-vous-ont-jamais-dit.jpg","contentUrl":"https:\/\/www.monpackaging.com\/blog\/wp-content\/uploads\/2021\/07\/Ce-que-les-packaging-designers-ne-vous-ont-jamais-dit.jpg","width":1400,"height":500,"caption":"Ce que les packaging designers ne vous ont jamais dit..."},{"@type":"BreadcrumbList","@id":"https:\/\/www.monpackaging.com\/blog\/ce-que-les-packaging-designers-ne-vous-ont-jamais-dit\/#breadcrumb","itemListElement":[{"@type":"ListItem","position":1,"name":"Accueil","item":"https:\/\/www.monpackaging.com\/blog\/"},{"@type":"ListItem","position":2,"name":"Ce que les packaging designers ne vous ont jamais dit&#8230;"}]},{"@type":"WebSite","@id":"https:\/\/www.monpackaging.com\/blog\/#website","url":"https:\/\/www.monpackaging.com\/blog\/","name":"Le Blog des experts de l&#039;emballage","description":"","potentialAction":[{"@type":"SearchAction","target":{"@type":"EntryPoint","urlTemplate":"https:\/\/www.monpackaging.com\/blog\/?s={search_term_string}"},"query-input":"required name=search_term_string"}],"inLanguage":"fr-FR"},{"@type":"Person","@id":"https:\/\/www.monpackaging.com\/blog\/#\/schema\/person\/cd0f442d680b7c367570ea00bd3bdeb9","name":"Fournisseur emballage","image":{"@type":"ImageObject","inLanguage":"fr-FR","@id":"https:\/\/www.monpackaging.com\/blog\/#\/schema\/person\/image\/","url":"https:\/\/secure.gravatar.com\/avatar\/78e73ee7008e12ace746474ea8339624?s=96&d=mm&r=g","contentUrl":"https:\/\/secure.gravatar.com\/avatar\/78e73ee7008e12ace746474ea8339624?s=96&d=mm&r=g","caption":"Fournisseur emballage"}}]}},"_links":{"self":[{"href":"https:\/\/www.monpackaging.com\/blog\/wp-json\/wp\/v2\/posts\/2345"}],"collection":[{"href":"https:\/\/www.monpackaging.com\/blog\/wp-json\/wp\/v2\/posts"}],"about":[{"href":"https:\/\/www.monpackaging.com\/blog\/wp-json\/wp\/v2\/types\/post"}],"author":[{"embeddable":true,"href":"https:\/\/www.monpackaging.com\/blog\/wp-json\/wp\/v2\/users\/6"}],"replies":[{"embeddable":true,"href":"https:\/\/www.monpackaging.com\/blog\/wp-json\/wp\/v2\/comments?post=2345"}],"version-history":[{"count":14,"href":"https:\/\/www.monpackaging.com\/blog\/wp-json\/wp\/v2\/posts\/2345\/revisions"}],"predecessor-version":[{"id":2375,"href":"https:\/\/www.monpackaging.com\/blog\/wp-json\/wp\/v2\/posts\/2345\/revisions\/2375"}],"wp:featuredmedia":[{"embeddable":true,"href":"https:\/\/www.monpackaging.com\/blog\/wp-json\/wp\/v2\/media\/2376"}],"wp:attachment":[{"href":"https:\/\/www.monpackaging.com\/blog\/wp-json\/wp\/v2\/media?parent=2345"}],"wp:term":[{"taxonomy":"category","embeddable":true,"href":"https:\/\/www.monpackaging.com\/blog\/wp-json\/wp\/v2\/categories?post=2345"},{"taxonomy":"post_tag","embeddable":true,"href":"https:\/\/www.monpackaging.com\/blog\/wp-json\/wp\/v2\/tags?post=2345"}],"curies":[{"name":"wp","href":"https:\/\/api.w.org\/{rel}","templated":true}]}}