{"id":1872,"date":"2021-02-10T08:30:02","date_gmt":"2021-02-10T07:30:02","guid":{"rendered":"https:\/\/www.monpackaging.com\/blog\/?p=1872"},"modified":"2021-02-09T20:54:04","modified_gmt":"2021-02-09T19:54:04","slug":"comment-decupler-creativite-conception-emballage","status":"publish","type":"post","link":"https:\/\/www.monpackaging.com\/blog\/comment-decupler-creativite-conception-emballage\/","title":{"rendered":"Comment d\u00e9cupler sa cr\u00e9ativit\u00e9 dans la conception d\u2019emballage ?"},"content":{"rendered":"<p style=\"text-align: justify;\"><span style=\"font-weight: 400;\">La cr\u00e9ativit\u00e9 insuffl\u00e9e \u00e0 un nouveau produit ou une nouvelle campagne participera \u00e0 l&rsquo;\u00e9chec ou au succ\u00e8s de votre projet. Le concept cr\u00e9atif est ainsi devenu essentiel dans le secteur de la communication, et notamment de la communication professionnelle.<\/span><\/p>\n<p style=\"text-align: justify;\"><span style=\"font-weight: 400;\">D&rsquo;innovation en storytelling, le concept cr\u00e9atif fait appel aux \u00e9motions et \u00e0 l&rsquo;imagination. Cela afin de passer d&rsquo;un simple emballage rigide et carr\u00e9 \u00e0 un emballage riche en messages et en d\u00e9tails bien pens\u00e9s qui contribueront tous \u00e0 la coh\u00e9rence de l&rsquo;ensemble. Tout en laissant suffisamment de place au consommateur pour lui permettre de se l&rsquo;approprier.<\/span><\/p>\n<p style=\"text-align: justify;\"><span style=\"font-weight: 400;\">Une t\u00e2che \u00e0 premi\u00e8re vue trop difficile \u00e0 relever ? Et si l&rsquo;on vous disait que vous \u00eates un formidable esprit cr\u00e9atif qui n&rsquo;a besoin que de r\u00e9v\u00e9ler tout son potentiel ?<\/span><\/p>\n<p>&nbsp;<\/p>\n<h2><span style=\"font-weight: 400;\">Qu\u2019est-ce qu\u2019un concept cr\u00e9atif dans la conception packaging ?<\/span><\/h2>\n<p style=\"text-align: justify;\"><span style=\"font-weight: 400;\">Plus ou moins \u00e9ph\u00e9m\u00e8re, le concept cr\u00e9atif a pour vocation de <strong>donner un cadre aux actions de communication<\/strong> mises en place le temps d&rsquo;un projet particulier. C&rsquo;est l&rsquo;id\u00e9e g\u00e9n\u00e9rale que l&rsquo;on retrouve derri\u00e8re <a href=\"https:\/\/www.monpackaging.com\/blog\/conception-packaging-projets-structurels-emballage-par-ou-commencer\/\">la conception de votre produit<\/a>. Celle gr\u00e2ce \u00e0 laquelle vous toucherez les \u00e9motions de votre public cible, et celle qui d\u00e9finira toutes les prises de d\u00e9cision.<\/span><\/p>\n<p style=\"text-align: justify;\"><span style=\"font-weight: 400;\">Avec \u00e0 terme, un seul et unique objectif : capter et retenir l&rsquo;attention de vos consommateurs.<\/span><\/p>\n<p style=\"text-align: justify;\"><span style=\"font-weight: 400;\">C&rsquo;est de l\u00e0 que na\u00eetront les couleurs, les messages et l&rsquo;agencement des designs <a href=\"http:\/\/www.guillaumegronier.com\/cv_documents\/_CDRom_CONFERE\/communications\/02.Lefebvre.pdf\">parmi les acteurs<\/a> de la conception de votre packaging. C&rsquo;est la raison pour laquelle un concept cr\u00e9atif se con\u00e7oit soigneusement, m\u00eame si cela n\u00e9cessite un peu de temps et de r\u00e9flexion.<\/span><\/p>\n<p style=\"text-align: justify;\"><span style=\"font-weight: 400;\">Le risque sans lui, sera de proposer des produits et des emballages g\u00e9n\u00e9riques qui ne disposeront d&rsquo;aucune caract\u00e9ristique particuli\u00e8re dans laquelle votre public pourra se retrouver. Or, c&rsquo;est de l\u00e0 que na\u00eet la distinction aujourd&rsquo;hui compte tenu de la concurrence de plus en plus rude.<\/span><\/p>\n<p style=\"text-align: justify;\"><span style=\"font-weight: 400;\">Jetable certes, bien que de plus en plus r\u00e9utilisable, l&#8217;emballage ne se consid\u00e8re plus comme un \u00e9l\u00e9ment superflu. Au contraire, c&rsquo;est lui qui <strong>conditionne g\u00e9n\u00e9ralement l&rsquo;attrait visuel<\/strong> et qui constitue le premier contact avec le futur acheteur. Et par extension, sa premi\u00e8re impression.<\/span><\/p>\n<p style=\"text-align: justify;\"><span style=\"font-weight: 400;\">Alors on d\u00e9termine en premier lieu sa client\u00e8le cible. Et on fait le plein d&rsquo;inspiration pour d\u00e9cupler sa cr\u00e9ativit\u00e9 !<\/span><\/p>\n<blockquote>\n<p><em>Le seul vrai pouvoir r\u00e9volutionnaire, c&rsquo;est le pouvoir d&rsquo;inventer.<\/em><\/p>\n<\/blockquote>\n<p><span style=\"font-weight: 400;\">\u00a0<strong>Joseph Beuys.<\/strong><\/span><\/p>\n<p>&nbsp;<\/p>\n<figure id=\"attachment_1882\" aria-describedby=\"caption-attachment-1882\" style=\"width: 349px\" class=\"wp-caption aligncenter\"><img decoding=\"async\" loading=\"lazy\" class=\" wp-image-1882\" src=\"https:\/\/www.monpackaging.com\/blog\/wp-content\/uploads\/2021\/02\/Joseph-Beuys-284x300.jpg\" alt=\"\u00a0Joseph Beuys.\" width=\"349\" height=\"369\" srcset=\"https:\/\/www.monpackaging.com\/blog\/wp-content\/uploads\/2021\/02\/Joseph-Beuys-284x300.jpg 284w, https:\/\/www.monpackaging.com\/blog\/wp-content\/uploads\/2021\/02\/Joseph-Beuys.jpg 618w\" sizes=\"(max-width: 349px) 100vw, 349px\" \/><figcaption id=\"caption-attachment-1882\" class=\"wp-caption-text\">Joseph Beuys.<\/figcaption><\/figure>\n<p>&nbsp;<\/p>\n<h2><span style=\"font-weight: 400;\"><strong>10 id\u00e9es cl\u00e9s pour d\u00e9cupler sa cr\u00e9ativit\u00e9 !<\/strong>\u00a0<\/span><\/h2>\n<p><span style=\"font-weight: 400;\">Impossible d&rsquo;envisager un d\u00e9veloppement sans innovation ni cr\u00e9ativit\u00e9. Les esprits cr\u00e9atifs bouillonnent tout autour de vous, et vous en faites d\u00e9finitivement partie.<\/span><\/p>\n<p><span style=\"font-weight: 400;\">Il ne vous manque qu&rsquo;un petit coup de pouce pour <a href=\"https:\/\/www.printbasprix.com\/blog\/comment-stimuler-developper-creativite-publicitaire\/\">stimuler cette cr\u00e9ativit\u00e9 en sommeil<\/a> \u00e0 l&rsquo;int\u00e9rieur de vous.\u00a0 Par o\u00f9 commencer ? On vous dit tout !<\/span><\/p>\n<p>&nbsp;<\/p>\n<h3><strong>Gardez une trace de vos id\u00e9es<\/strong><\/h3>\n<p style=\"text-align: justify;\"><span style=\"font-weight: 400;\">\u00c9crire, \u00e9crire et toujours \u00e9crire !<\/span><\/p>\n<p style=\"text-align: justify;\"><span style=\"font-weight: 400;\">Puisque la plupart des grands projets commencent par <strong>quelques notes griffonn\u00e9es sur un bout de papier<\/strong>, n&rsquo;h\u00e9sitez pas \u00e0 garder toujours un carnet et un stylo sur vous. Difficile autrement de ne rien perdre de toutes ces id\u00e9es brillantes qui vous passent en permanence dans la t\u00eate.<\/span><\/p>\n<p style=\"text-align: justify;\">\u00a0<\/p>\n<figure id=\"attachment_1874\" aria-describedby=\"caption-attachment-1874\" style=\"width: 479px\" class=\"wp-caption aligncenter\"><img decoding=\"async\" loading=\"lazy\" class=\" wp-image-1874\" src=\"https:\/\/www.monpackaging.com\/blog\/wp-content\/uploads\/2021\/02\/Gardez-une-trace-de-vos-idees-300x200.jpg\" alt=\"Gardez une trace de vos id\u00e9es\" width=\"479\" height=\"319\" srcset=\"https:\/\/www.monpackaging.com\/blog\/wp-content\/uploads\/2021\/02\/Gardez-une-trace-de-vos-idees-300x200.jpg 300w, https:\/\/www.monpackaging.com\/blog\/wp-content\/uploads\/2021\/02\/Gardez-une-trace-de-vos-idees-768x512.jpg 768w, https:\/\/www.monpackaging.com\/blog\/wp-content\/uploads\/2021\/02\/Gardez-une-trace-de-vos-idees.jpg 1000w\" sizes=\"(max-width: 479px) 100vw, 479px\" \/><figcaption id=\"caption-attachment-1874\" class=\"wp-caption-text\">Gardez une trace de vos id\u00e9es<\/figcaption><\/figure>\n<p>&nbsp;<\/p>\n<p style=\"text-align: justify;\"><span style=\"font-weight: 400;\">Et si le papier ne vous convient pas, misez sur votre smartphone ou sur votre tablette, quitte \u00e0 y enregistrer des vocaux.<\/span><\/p>\n<p style=\"text-align: justify;\">\u00a0<\/p>\n<h3 style=\"text-align: justify;\"><strong>Ne rejetez pas trop h\u00e2tivement vos id\u00e9es<\/strong><\/h3>\n<p style=\"text-align: justify;\"><span style=\"font-weight: 400;\">Il y a celles qui nous paraissent extraordinaires d\u00e8s le d\u00e9but, et celle o\u00f9 l&rsquo;on sait d&rsquo;avance qu&rsquo;elles m\u00e9riteront un peu d&rsquo;affinement. Mais peu importe.<\/span><\/p>\n<p style=\"text-align: justify;\"><span style=\"font-weight: 400;\"><strong>Prenez le temps d&rsquo;\u00e9tudier toutes ces pens\u00e9es<\/strong> qui vous viennent et \u00e0 partir desquelles vous pourrez tirer \u00e7a et l\u00e0 quelques \u00e9l\u00e9ments qui auront une place essentielle dans le produit fini.<\/span><\/p>\n<p>&nbsp;<\/p>\n<h3><strong>Envisagez l\u2019irr\u00e9alisable<\/strong><\/h3>\n<p style=\"text-align: justify;\"><span style=\"font-weight: 400;\">Certaines choses seront peut-\u00eatre d\u00e9licates \u00e0 mettre en place oui. Mais cela ne doit pas vous emp\u00eacher de les imaginer. Osez, voyez grand, accordez du temps aux id\u00e9es les plus folles.\u00a0<\/span><\/p>\n<p style=\"text-align: justify;\"><span style=\"font-weight: 400;\">Sortir de votre zone de confort pourra bien souvent donner naissance \u00e0 des projets que vous n&rsquo;imaginez pas forc\u00e9ment !<\/span><\/p>\n<p>&nbsp;<\/p>\n<h3><strong>Dites oui \u00e0 la r\u00eaverie<\/strong><\/h3>\n<p style=\"text-align: justify;\"><span style=\"font-weight: 400;\">Trop fr\u00e9quemment la r\u00eaverie a tendance \u00e0 \u00eatre associ\u00e9e \u00e0 la paresse ou \u00e0 l&rsquo;inattention. Freud d\u00e9j\u00e0 la condamnait fermement et sa mauvaise presse l&rsquo;a emp\u00each\u00e9e depuis de nombreuses ann\u00e9es de profiter de son heure de gloire.<\/span><\/p>\n<p style=\"text-align: justify;\"><span style=\"font-weight: 400;\">\u00a0Quelle erreur !<\/span><\/p>\n<p style=\"text-align: justify;\"><span style=\"font-weight: 400;\">C&rsquo;est au contraire en autorisant son esprit \u00e0 vagabonder librement que naissent les \u0153uvre les plus cr\u00e9atives. Ici que jaillissent des id\u00e9es neuves, <strong>lib\u00e9r\u00e9es de toute contrainte et de tout raisonnement rationnel restrictif<\/strong>.<\/span><\/p>\n<p>&nbsp;<\/p>\n<figure id=\"attachment_1876\" aria-describedby=\"caption-attachment-1876\" style=\"width: 498px\" class=\"wp-caption aligncenter\"><img decoding=\"async\" loading=\"lazy\" class=\" wp-image-1876\" src=\"https:\/\/www.monpackaging.com\/blog\/wp-content\/uploads\/2021\/02\/Une-personne-a-son-bureau-en-train-de-revasser-300x200.jpg\" alt=\"Dites oui \u00e0 la r\u00eaverie\" width=\"498\" height=\"332\" srcset=\"https:\/\/www.monpackaging.com\/blog\/wp-content\/uploads\/2021\/02\/Une-personne-a-son-bureau-en-train-de-revasser-300x200.jpg 300w, https:\/\/www.monpackaging.com\/blog\/wp-content\/uploads\/2021\/02\/Une-personne-a-son-bureau-en-train-de-revasser-768x512.jpg 768w, https:\/\/www.monpackaging.com\/blog\/wp-content\/uploads\/2021\/02\/Une-personne-a-son-bureau-en-train-de-revasser.jpg 1000w\" sizes=\"(max-width: 498px) 100vw, 498px\" \/><figcaption id=\"caption-attachment-1876\" class=\"wp-caption-text\">Dites oui \u00e0 la r\u00eaverie<\/figcaption><\/figure>\n<p>&nbsp;<\/p>\n<p style=\"text-align: justify;\"><span style=\"font-weight: 400;\">On estime que notre esprit vagabonderait environ 30 % du temps. Parfait pour prendre un peu de distance par rapport aux choses et stimuler l&rsquo;activit\u00e9 c\u00e9r\u00e9brale afin de r\u00e9soudre des probl\u00e8mes complexes.<\/span><\/p>\n<p style=\"text-align: justify;\"><span style=\"font-weight: 400;\">Parfois m\u00eame plus efficace que la r\u00e9flexion, la r\u00eaverie est un vrai outil pour d\u00e9cupler sa cr\u00e9ativit\u00e9. Ce qui m\u00e8nera \u00e0 terme \u00e0 des <a href=\"https:\/\/www.monpackaging.com\/blog\/concevoir-proposition-packaging\/\">propositions de packagings<\/a> d&rsquo;autant plus convaincantes.<\/span><\/p>\n<p>&nbsp;<\/p>\n<h3><strong>Cultivez votre d\u00e9brouillardise<\/strong><\/h3>\n<p style=\"text-align: justify;\"><span style=\"font-weight: 400;\">Dans notre soci\u00e9t\u00e9 actuelle o\u00f9 l&rsquo;on a tout, tout de suite, les situations se multiplient o\u00f9 la technologie r\u00e9fl\u00e9chit \u00e0 notre place. Quel dommage.<\/span><\/p>\n<p style=\"text-align: justify;\"><span style=\"font-weight: 400;\">Voil\u00e0 autant d&rsquo;occasions rat\u00e9es de laisser s&rsquo;exprimer votre exceptionnelle cr\u00e9ativit\u00e9 face aux situations inattendues. C&rsquo;est pourtant faire preuve de d\u00e9brouillardise que de rassembler les ressources n\u00e9cessaires \u00e0 la r\u00e9solution d&rsquo;un probl\u00e8me donn\u00e9.<\/span><\/p>\n<p>&nbsp;<\/p>\n<figure id=\"attachment_1877\" aria-describedby=\"caption-attachment-1877\" style=\"width: 551px\" class=\"wp-caption aligncenter\"><img decoding=\"async\" loading=\"lazy\" class=\" wp-image-1877\" src=\"https:\/\/www.monpackaging.com\/blog\/wp-content\/uploads\/2021\/02\/Cultivez-votre-debrouillardise-300x170.jpg\" alt=\"Cultivez votre d\u00e9brouillardise\" width=\"551\" height=\"312\" srcset=\"https:\/\/www.monpackaging.com\/blog\/wp-content\/uploads\/2021\/02\/Cultivez-votre-debrouillardise-300x170.jpg 300w, https:\/\/www.monpackaging.com\/blog\/wp-content\/uploads\/2021\/02\/Cultivez-votre-debrouillardise-768x434.jpg 768w, https:\/\/www.monpackaging.com\/blog\/wp-content\/uploads\/2021\/02\/Cultivez-votre-debrouillardise.jpg 1000w\" sizes=\"(max-width: 551px) 100vw, 551px\" \/><figcaption id=\"caption-attachment-1877\" class=\"wp-caption-text\">Cultivez votre d\u00e9brouillardise<\/figcaption><\/figure>\n<p>&nbsp;<\/p>\n<p style=\"text-align: justify;\"><span style=\"font-weight: 400;\">C&rsquo;est ce qui vous permettra de <strong>d\u00e9velopper votre ing\u00e9niosit\u00e9 et votre confiance en vous<\/strong>. Vous savez, cette petite voix qui a conscience de vos capacit\u00e9s et qui sait les mobiliser lorsque le besoin s&rsquo;en fait ressentir.<\/span><\/p>\n<p style=\"text-align: justify;\"><span style=\"font-weight: 400;\">Fini l&rsquo;\u00e9chec en cultivant la d\u00e9brouillardise. Celle-ci se construit progressivement pour laisser derri\u00e8re vous une bonne fois pour toutes vos craintes et vos pens\u00e9es limitantes.<\/span><\/p>\n<p>&nbsp;<\/p>\n<h3><strong>Pensez comme un enfant<\/strong><\/h3>\n<p style=\"text-align: justify;\"><span style=\"font-weight: 400;\">L&rsquo;angoisse, l&rsquo;anxi\u00e9t\u00e9, le surmenage\u2026\u00a0 Autant de sentiments n\u00e9gatifs dont ne s&rsquo;encombrent pas les jeunes esprits.<\/span><\/p>\n<p style=\"text-align: justify;\"><span style=\"font-weight: 400;\">L\u00e0 o\u00f9, en tant qu&rsquo;adultes, vos id\u00e9es re\u00e7ues et limitantes vous retiennent globalement dans vos \u00e9lans, penser comme un enfant revient \u00e0 cultiver les \u00e9nergies positives afin de mieux accueillir les id\u00e9es nouvelles.\u00a0<\/span><\/p>\n<p style=\"text-align: justify;\"><span style=\"font-weight: 400;\">Comment faire ? Pas si compliqu\u00e9 au fond.<\/span><\/p>\n<p>&nbsp;<\/p>\n<figure id=\"attachment_1878\" aria-describedby=\"caption-attachment-1878\" style=\"width: 461px\" class=\"wp-caption aligncenter\"><img decoding=\"async\" loading=\"lazy\" class=\" wp-image-1878\" src=\"https:\/\/www.monpackaging.com\/blog\/wp-content\/uploads\/2021\/02\/Pensez-comme-un-enfant-300x225.jpg\" alt=\"Pensez comme un enfant\" width=\"461\" height=\"346\" srcset=\"https:\/\/www.monpackaging.com\/blog\/wp-content\/uploads\/2021\/02\/Pensez-comme-un-enfant-300x225.jpg 300w, https:\/\/www.monpackaging.com\/blog\/wp-content\/uploads\/2021\/02\/Pensez-comme-un-enfant-768x576.jpg 768w, https:\/\/www.monpackaging.com\/blog\/wp-content\/uploads\/2021\/02\/Pensez-comme-un-enfant.jpg 1000w\" sizes=\"(max-width: 461px) 100vw, 461px\" \/><figcaption id=\"caption-attachment-1878\" class=\"wp-caption-text\">Pensez comme un enfant<\/figcaption><\/figure>\n<p>&nbsp;<\/p>\n<p style=\"text-align: justify;\"><span style=\"font-weight: 400;\">Prendre un peu de recul. Sortez mettre le nez dehors tout en prenant le temps de lever les yeux vers la nature. \u00c9changer quelques mots avec quelqu&rsquo;un. Pr\u00eater attention \u00e0 toutes ces choses qui vous semblent invisibles en temps normal.<\/span><\/p>\n<p style=\"text-align: justify;\"><span style=\"font-weight: 400;\"><strong>Tout peut-\u00eatre pr\u00e9texte \u00e0 l&rsquo;\u00e9merveillement<\/strong>. \u00c0 condition de s&rsquo;autoriser \u00e0 ressentir ces formes d&rsquo;\u00e9motions qui contribueront \u00e0 d\u00e9cupler votre cr\u00e9ativit\u00e9 bien plus vite que vous ne l&rsquo;auriez imagin\u00e9 !<\/span><\/p>\n<p>&nbsp;<\/p>\n<h3><strong>Laissez venir les nouvelles exp\u00e9riences<\/strong><\/h3>\n<p style=\"text-align: justify;\"><span style=\"font-weight: 400;\">Non au conformisme, oui \u00e0 la prise de risques.<\/span><\/p>\n<p style=\"text-align: justify;\"><span style=\"font-weight: 400;\">Pour innover, pour lancer sur le march\u00e9 de nouvelles propositions r\u00e9volutionnaires, vous devrez apprendre \u00e0 vous ouvrir \u00e0 ce que vous ne connaissez pas encore. Un soup\u00e7on d&rsquo;audace, une bonne dose de pers\u00e9v\u00e9rance, une pointe de folie\u2026 \u00c7a y est, vous \u00eates sur le bon chemin !\u00a0<\/span><\/p>\n<p>&nbsp;<\/p>\n<h3><strong>Combinez des id\u00e9es existantes<\/strong><\/h3>\n<p style=\"text-align: justify;\">Associer, r\u00e9utiliser, collaborer, c&rsquo;\u00e9tait notamment Steve Jobs qui croyait en l&rsquo;association de diverses id\u00e9es pour donner vie \u00e0 un produit exceptionnel.\u00a0<\/p>\n<p style=\"text-align: justify;\">L&#8217;emprunt a du bon puisqu&rsquo;il faut bien partir de quelque part. C&rsquo;est ensuite ce que vous en ferez qui fera toute la diff\u00e9rence.<\/p>\n<p>&nbsp;<\/p>\n<h3><strong>Ne bridez pas votre curiosit\u00e9<\/strong><\/h3>\n<p style=\"text-align: justify;\"><span style=\"font-weight: 400;\">D\u00e9cupler votre cr\u00e9ativit\u00e9 passera forc\u00e9ment par l&rsquo;entretien de votre curiosit\u00e9. Ne cherchez pas \u00e0 la restreindre, prenez le temps d&rsquo;\u00e9tudier toutes les options possibles.<\/span><\/p>\n<p style=\"text-align: justify;\"><span style=\"font-weight: 400;\">Soyez ouvert aux autres cultures, aux m\u00e9thodes de travail de vos coll\u00e8gues, aux <a href=\"https:\/\/www.monpackaging.com\/blog\/comment-se-demarquer-packaging\/\">propositions de vos concurrents<\/a>\u2026 N&rsquo;h\u00e9sitez pas \u00e0 remettre en question votre propre fonctionnement et \u00e0 <strong>vous aventurer en terre inconnue<\/strong>.<\/span><\/p>\n<p style=\"text-align: justify;\"><span style=\"font-weight: 400;\">Curiosit\u00e9, \u00e9merveillement, audace, tout est li\u00e9 finalement. Autant de traits positifs qu&rsquo;il vous faudra apprendre int\u00e9grer \u00e0 votre quotidien pour booster vos performances au travail. Et bien au-del\u00e0 !<\/span><\/p>\n<blockquote>\n<p><em>La curiosit\u00e9 de la vie dans tous ses aspects est, je pense, le secret des grands cr\u00e9atifs.<\/em><\/p>\n<\/blockquote>\n<p><strong>Leo Burnett.<\/strong><\/p>\n<p style=\"text-align: justify;\">\u00a0<\/p>\n<figure id=\"attachment_1880\" aria-describedby=\"caption-attachment-1880\" style=\"width: 419px\" class=\"wp-caption aligncenter\"><img decoding=\"async\" loading=\"lazy\" class=\" wp-image-1880\" src=\"https:\/\/www.monpackaging.com\/blog\/wp-content\/uploads\/2021\/02\/Leo-Burnett-300x300.jpg\" alt=\"Leo Burnett\" width=\"419\" height=\"419\" srcset=\"https:\/\/www.monpackaging.com\/blog\/wp-content\/uploads\/2021\/02\/Leo-Burnett-300x300.jpg 300w, https:\/\/www.monpackaging.com\/blog\/wp-content\/uploads\/2021\/02\/Leo-Burnett-150x150.jpg 150w, https:\/\/www.monpackaging.com\/blog\/wp-content\/uploads\/2021\/02\/Leo-Burnett-768x768.jpg 768w, https:\/\/www.monpackaging.com\/blog\/wp-content\/uploads\/2021\/02\/Leo-Burnett-400x400.jpg 400w, https:\/\/www.monpackaging.com\/blog\/wp-content\/uploads\/2021\/02\/Leo-Burnett.jpg 1000w\" sizes=\"(max-width: 419px) 100vw, 419px\" \/><figcaption id=\"caption-attachment-1880\" class=\"wp-caption-text\">Leo Burnett<\/figcaption><\/figure>\n<p>&nbsp;<\/p>\n<h3><strong>Faites le plein d\u2019inspiration sur Pinterest !<\/strong><\/h3>\n<p style=\"text-align: justify;\"><span style=\"font-weight: 400;\">Un lancement de packaging ? Un \u00e9v\u00e9nement professionnel ?\u00a0 Une affiche publicitaire ?<\/span><\/p>\n<p style=\"text-align: justify;\"><span style=\"font-weight: 400;\">Lorsqu&rsquo;il s&rsquo;agit de surprendre dans le cadre priv\u00e9 comme professionnel, <a href=\"https:\/\/www.pinterest.fr\/\">la plateforme\u00a0 Pinterest<\/a> fait depuis longtemps figure de v\u00e9ritables r\u00e9f\u00e9rence.<\/span><\/p>\n<p style=\"text-align: justify;\"><span style=\"font-weight: 400;\">Ici les id\u00e9es pleuvent sans jamais s&rsquo;arr\u00eater au point qu&rsquo;il serait inimaginable que vous n&rsquo;y trouviez pas votre bonheur. \u00c0 vous les planches d&rsquo;inspiration, les croquis et les prises de notes. Prenez le meilleur de tout ce que vous avez sous les yeux pour concevoir votre propre proposition originale.<\/span><\/p>\n<p>&nbsp;<\/p>\n<h2><strong>D\u00e9cupler sa cr\u00e9ativit\u00e9 avec 5 packagings originaux<\/strong><\/h2>\n<p style=\"text-align: justify;\"><span style=\"font-weight: 400;\">Pas si compliqu\u00e9 que de faire preuve d&rsquo;originalit\u00e9, et certains n&rsquo;ont pas tard\u00e9 \u00e0 trouver leur petite touche personnelle. N&rsquo;h\u00e9sitez pas \u00e0 jeter un \u0153il \u00e0 ces quelques id\u00e9es pour trouver la v\u00f4tre !\u00a0<\/span><\/p>\n<p>&nbsp;<\/p>\n<h3><strong>Sunrise Valley<\/strong><\/h3>\n<p style=\"text-align: justify;\"><span style=\"font-weight: 400;\">Inutile d&rsquo;en faire trop lorsque la forme donne \u00e0 elle seule naissance \u00e0 <a href=\"https:\/\/www.monpackaging.com\/blog\/tour-horizon-meilleurs-designs-packaging\/\">un design exceptionnel<\/a>. Voil\u00e0 ces \u0153ufs bien prot\u00e9g\u00e9s dans leur carton double \u00e9paisseur parfaitement ajust\u00e9.<\/span><\/p>\n<figure style=\"width: 446px\" class=\"wp-caption aligncenter\"><img decoding=\"async\" loading=\"lazy\" src=\"https:\/\/i.pinimg.com\/originals\/5c\/f5\/0e\/5cf50eca24c7620d506d62dff34d3603.png\" alt=\"\" width=\"446\" height=\"297\" \/><figcaption class=\"wp-caption-text\">Sunrise Valley Eggs<\/figcaption><\/figure>\n<p style=\"text-align: justify;\"><span style=\"font-weight: 400;\">\u00a0C&rsquo;est sobre, c&rsquo;est \u00e9coresponsable et \u00e7a fleure bon la nature. On adore !<\/span><\/p>\n<p>&nbsp;<\/p>\n<h3><strong>Hyazint\u00a0<\/strong><\/h3>\n<p style=\"text-align: justify;\"><span style=\"font-weight: 400;\">Ici encore, c&rsquo;est le minimalisme qui l&#8217;emporte tout en se r\u00e9v\u00e9lant \u00e9tonnamment soign\u00e9. La justesse des formes, l&rsquo;harmonie des couleurs, la praticit\u00e9 du bouchon\u2026 Chaque \u00e9l\u00e9ment a \u00e9t\u00e9 soigneusement choisi pour cr\u00e9er une proposition impeccable<\/span><\/p>\n<p>&nbsp;<\/p>\n<figure style=\"width: 599px\" class=\"wp-caption aligncenter\"><img decoding=\"async\" loading=\"lazy\" src=\"https:\/\/3.bp.blogspot.com\/-I-YUi4nvtaM\/V2e6xeJbjoI\/AAAAAAADx8I\/obKTt7ML-4AUeEgh4-Uvs7nv7XUuuqBCgCLcB\/s1600\/hyazint%2B%25281%2529.jpg\" alt=\"\" width=\"599\" height=\"337\" \/><figcaption class=\"wp-caption-text\">Hyazint<\/figcaption><\/figure>\n<p>&nbsp;<\/p>\n<p style=\"text-align: justify;\"><span style=\"font-weight: 400;\">Voil\u00e0 qui vous incite \u00e0 faire preuve de justesse et de pr\u00e9cision dans chacune de vos prises de d\u00e9cision.<\/span><\/p>\n<p>&nbsp;<\/p>\n<h3><strong>Laxmi<\/strong><\/h3>\n<p style=\"text-align: justify;\"><span style=\"font-weight: 400;\">Des couvercles en bambou naturel, du verre transparent donnant l&rsquo;occasion au produit en lui-m\u00eame d&rsquo;ajouter ses propres couleurs. <a href=\"https:\/\/www.monpackaging.com\/impression-boite-rectangle-aretes-incurvees\">Un packaging incurv\u00e9<\/a> qui fait toute la diff\u00e9rence.<\/span><\/p>\n<p>&nbsp;<\/p>\n<figure style=\"width: 387px\" class=\"wp-caption aligncenter\"><img decoding=\"async\" loading=\"lazy\" class=\"\" src=\"https:\/\/i.pinimg.com\/originals\/7a\/34\/11\/7a3411c9287fda3b5e86c262ec816824.jpg\" alt=\"\" width=\"387\" height=\"303\" \/><figcaption class=\"wp-caption-text\">Laxmi<\/figcaption><\/figure>\n<p style=\"text-align: justify;\"><span style=\"font-weight: 400;\">Finalement, et si d\u00e9cupler sa cr\u00e9ativit\u00e9 consistait \u00e0 r\u00e9v\u00e9ler l&rsquo;\u00e9tonnant potentiel de la simplicit\u00e9 ?<\/span><\/p>\n<p>&nbsp;<\/p>\n<h3><span style=\"font-weight: 400;\"><strong>Shake my head<\/strong>\u00a0<\/span><\/h3>\n<p style=\"text-align: justify;\"><span style=\"font-weight: 400;\">Ceux-l\u00e0 ne font pas dans la sobri\u00e9t\u00e9, et \u00e7a marche tout autant !<\/span><\/p>\n<p>&nbsp;<\/p>\n<figure style=\"width: 370px\" class=\"wp-caption aligncenter\"><img decoding=\"async\" loading=\"lazy\" class=\"\" src=\"https:\/\/mir-s3-cdn-cf.behance.net\/project_modules\/1400\/0aa70838163617.57579c777f90a.jpg\" alt=\"\" width=\"370\" height=\"303\" \/><figcaption class=\"wp-caption-text\">Shake my head<\/figcaption><\/figure>\n<p style=\"text-align: justify;\"><span style=\"font-weight: 400;\">Pour donner une vraie identit\u00e9 \u00e0 votre packaging, voil\u00e0 qui jouera largement en la faveur de votre storytelling. Concevez vos personnages, montez pi\u00e8ce par pi\u00e8ce le fil de votre histoire. Et donner \u00e0 vos consommateur envie d&rsquo;y prendre part.<\/span><\/p>\n<p>&nbsp;<\/p>\n<h3><strong>Finday<\/strong><\/h3>\n<p style=\"text-align: justify;\"><span style=\"font-weight: 400;\">\u00c0 la fois minimalistes et originales, ces petites serviettes aux allures de sushis ont tout bon. Dans le secteur tr\u00e8s concurrentiel du marketing, le trompe l&rsquo;\u0153il et le packaging amusant sont des valeurs s\u00fbres dont la popularit\u00e9 ne faiblit pas.<\/span><\/p>\n<p>&nbsp;<\/p>\n<figure style=\"width: 383px\" class=\"wp-caption aligncenter\"><img decoding=\"async\" loading=\"lazy\" class=\"\" src=\"https:\/\/retaildesignblog.net\/wp-content\/uploads\/2016\/07\/Sushi-Loofah-Towel-by-Goodeed-Design-720x480.jpg\" alt=\"\" width=\"383\" height=\"255\" \/><figcaption class=\"wp-caption-text\">Finday<\/figcaption><\/figure>\n<p>&nbsp;<\/p>\n<p style=\"text-align: justify;\"><span style=\"font-weight: 400;\">Autorisez-vous \u00e0 \u00e9garez gentiment le consommateur, \u00e0 r\u00e9veillez sa curiosit\u00e9 voire \u00e0 faire se dessiner un l\u00e9ger sourire sur son visage. L&rsquo;attention est capt\u00e9e. Ce sont maintenant les mentions inscrites sur le packaging et la qualit\u00e9 de votre produit qui feront le reste !\u00a0<\/span><\/p>\n","protected":false},"excerpt":{"rendered":"<p>La cr\u00e9ativit\u00e9 insuffl\u00e9e \u00e0 un nouveau produit ou une nouvelle campagne participera \u00e0 l&rsquo;\u00e9chec ou au succ\u00e8s de votre projet. Le concept cr\u00e9atif est ainsi devenu essentiel dans le secteur de la communication, et notamment de la communication professionnelle. D&rsquo;innovation en storytelling, le concept cr\u00e9atif fait appel aux \u00e9motions et \u00e0 l&rsquo;imagination. Cela afin de [&hellip;]<\/p>\n","protected":false},"author":6,"featured_media":1884,"comment_status":"open","ping_status":"open","sticky":false,"template":"","format":"standard","meta":{"_editorskit_title_hidden":false,"_editorskit_reading_time":0,"_editorskit_is_block_options_detached":false,"_editorskit_block_options_position":"{}","footnotes":""},"categories":[2],"tags":[174,230,232,231],"yoast_head":"<!-- This site is optimized with the Yoast SEO plugin v22.6 - https:\/\/yoast.com\/wordpress\/plugins\/seo\/ -->\r\n<title>Comment d\u00e9cupler sa cr\u00e9ativit\u00e9 dans la conception d&#039;emballage ?<\/title>\r\n<meta name=\"description\" content=\"Il existe bien des fa\u00e7ons de d\u00e9cupler sa cr\u00e9ativit\u00e9 mais par o\u00f9 commencer ? On vous dit tout de ces astuces qui boosteront votre inspiration !\" \/>\r\n<meta name=\"robots\" content=\"index, follow, max-snippet:-1, max-image-preview:large, max-video-preview:-1\" \/>\r\n<link rel=\"canonical\" href=\"https:\/\/www.monpackaging.com\/blog\/comment-decupler-creativite-conception-emballage\/\" \/>\r\n<meta property=\"og:locale\" content=\"fr_FR\" \/>\r\n<meta property=\"og:type\" content=\"article\" \/>\r\n<meta property=\"og:title\" content=\"Comment d\u00e9cupler sa cr\u00e9ativit\u00e9 dans la conception d&#039;emballage ?\" \/>\r\n<meta property=\"og:description\" content=\"Il existe bien des fa\u00e7ons de d\u00e9cupler sa cr\u00e9ativit\u00e9 mais par o\u00f9 commencer ? On vous dit tout de ces astuces qui boosteront votre inspiration !\" \/>\r\n<meta property=\"og:url\" content=\"https:\/\/www.monpackaging.com\/blog\/comment-decupler-creativite-conception-emballage\/\" \/>\r\n<meta property=\"og:site_name\" content=\"Le Blog des experts de l&#039;emballage\" \/>\r\n<meta property=\"article:publisher\" content=\"https:\/\/www.facebook.com\/monpackaging\/\" \/>\r\n<meta property=\"article:published_time\" content=\"2021-02-10T07:30:02+00:00\" \/>\r\n<meta property=\"article:modified_time\" content=\"2021-02-09T19:54:04+00:00\" \/>\r\n<meta property=\"og:image\" content=\"https:\/\/www.monpackaging.com\/blog\/wp-content\/uploads\/2021\/02\/Comment-decupler-sa-creativite-dans-la-conception-demballage.jpg\" \/>\r\n\t<meta property=\"og:image:width\" content=\"1400\" \/>\r\n\t<meta property=\"og:image:height\" content=\"500\" \/>\r\n\t<meta property=\"og:image:type\" content=\"image\/jpeg\" \/>\r\n<meta name=\"author\" content=\"Fournisseur emballage\" \/>\r\n<meta name=\"twitter:card\" content=\"summary_large_image\" \/>\r\n<meta name=\"twitter:creator\" content=\"@MonPackaging\" \/>\r\n<meta name=\"twitter:site\" content=\"@MonPackaging\" \/>\r\n<meta name=\"twitter:label1\" content=\"\u00c9crit par\" \/>\n\t<meta name=\"twitter:data1\" content=\"Fournisseur emballage\" \/>\n\t<meta name=\"twitter:label2\" content=\"Dur\u00e9e de lecture estim\u00e9e\" \/>\n\t<meta name=\"twitter:data2\" content=\"10 minutes\" \/>\r\n<script type=\"application\/ld+json\" class=\"yoast-schema-graph\">{\"@context\":\"https:\/\/schema.org\",\"@graph\":[{\"@type\":\"WebPage\",\"@id\":\"https:\/\/www.monpackaging.com\/blog\/comment-decupler-creativite-conception-emballage\/\",\"url\":\"https:\/\/www.monpackaging.com\/blog\/comment-decupler-creativite-conception-emballage\/\",\"name\":\"Comment d\u00e9cupler sa cr\u00e9ativit\u00e9 dans la conception d'emballage ?\",\"isPartOf\":{\"@id\":\"https:\/\/www.monpackaging.com\/blog\/#website\"},\"primaryImageOfPage\":{\"@id\":\"https:\/\/www.monpackaging.com\/blog\/comment-decupler-creativite-conception-emballage\/#primaryimage\"},\"image\":{\"@id\":\"https:\/\/www.monpackaging.com\/blog\/comment-decupler-creativite-conception-emballage\/#primaryimage\"},\"thumbnailUrl\":\"https:\/\/www.monpackaging.com\/blog\/wp-content\/uploads\/2021\/02\/Comment-decupler-sa-creativite-dans-la-conception-demballage.jpg\",\"datePublished\":\"2021-02-10T07:30:02+00:00\",\"dateModified\":\"2021-02-09T19:54:04+00:00\",\"author\":{\"@id\":\"https:\/\/www.monpackaging.com\/blog\/#\/schema\/person\/cd0f442d680b7c367570ea00bd3bdeb9\"},\"description\":\"Il existe bien des fa\u00e7ons de d\u00e9cupler sa cr\u00e9ativit\u00e9 mais par o\u00f9 commencer ? On vous dit tout de ces astuces qui boosteront votre inspiration !\",\"breadcrumb\":{\"@id\":\"https:\/\/www.monpackaging.com\/blog\/comment-decupler-creativite-conception-emballage\/#breadcrumb\"},\"inLanguage\":\"fr-FR\",\"potentialAction\":[{\"@type\":\"ReadAction\",\"target\":[\"https:\/\/www.monpackaging.com\/blog\/comment-decupler-creativite-conception-emballage\/\"]}]},{\"@type\":\"ImageObject\",\"inLanguage\":\"fr-FR\",\"@id\":\"https:\/\/www.monpackaging.com\/blog\/comment-decupler-creativite-conception-emballage\/#primaryimage\",\"url\":\"https:\/\/www.monpackaging.com\/blog\/wp-content\/uploads\/2021\/02\/Comment-decupler-sa-creativite-dans-la-conception-demballage.jpg\",\"contentUrl\":\"https:\/\/www.monpackaging.com\/blog\/wp-content\/uploads\/2021\/02\/Comment-decupler-sa-creativite-dans-la-conception-demballage.jpg\",\"width\":1400,\"height\":500,\"caption\":\"Comment d\u00e9cupler sa cr\u00e9ativit\u00e9 dans la conception d\u2019emballage\"},{\"@type\":\"BreadcrumbList\",\"@id\":\"https:\/\/www.monpackaging.com\/blog\/comment-decupler-creativite-conception-emballage\/#breadcrumb\",\"itemListElement\":[{\"@type\":\"ListItem\",\"position\":1,\"name\":\"Accueil\",\"item\":\"https:\/\/www.monpackaging.com\/blog\/\"},{\"@type\":\"ListItem\",\"position\":2,\"name\":\"Comment d\u00e9cupler sa cr\u00e9ativit\u00e9 dans la conception d\u2019emballage ?\"}]},{\"@type\":\"WebSite\",\"@id\":\"https:\/\/www.monpackaging.com\/blog\/#website\",\"url\":\"https:\/\/www.monpackaging.com\/blog\/\",\"name\":\"Le Blog des experts de l&#039;emballage\",\"description\":\"\",\"potentialAction\":[{\"@type\":\"SearchAction\",\"target\":{\"@type\":\"EntryPoint\",\"urlTemplate\":\"https:\/\/www.monpackaging.com\/blog\/?s={search_term_string}\"},\"query-input\":\"required name=search_term_string\"}],\"inLanguage\":\"fr-FR\"},{\"@type\":\"Person\",\"@id\":\"https:\/\/www.monpackaging.com\/blog\/#\/schema\/person\/cd0f442d680b7c367570ea00bd3bdeb9\",\"name\":\"Fournisseur emballage\",\"image\":{\"@type\":\"ImageObject\",\"inLanguage\":\"fr-FR\",\"@id\":\"https:\/\/www.monpackaging.com\/blog\/#\/schema\/person\/image\/\",\"url\":\"https:\/\/secure.gravatar.com\/avatar\/78e73ee7008e12ace746474ea8339624?s=96&d=mm&r=g\",\"contentUrl\":\"https:\/\/secure.gravatar.com\/avatar\/78e73ee7008e12ace746474ea8339624?s=96&d=mm&r=g\",\"caption\":\"Fournisseur emballage\"}}]}<\/script>\r\n<!-- \/ Yoast SEO plugin. -->","yoast_head_json":{"title":"Comment d\u00e9cupler sa cr\u00e9ativit\u00e9 dans la conception d'emballage ?","description":"Il existe bien des fa\u00e7ons de d\u00e9cupler sa cr\u00e9ativit\u00e9 mais par o\u00f9 commencer ? On vous dit tout de ces astuces qui boosteront votre inspiration !","robots":{"index":"index","follow":"follow","max-snippet":"max-snippet:-1","max-image-preview":"max-image-preview:large","max-video-preview":"max-video-preview:-1"},"canonical":"https:\/\/www.monpackaging.com\/blog\/comment-decupler-creativite-conception-emballage\/","og_locale":"fr_FR","og_type":"article","og_title":"Comment d\u00e9cupler sa cr\u00e9ativit\u00e9 dans la conception d'emballage ?","og_description":"Il existe bien des fa\u00e7ons de d\u00e9cupler sa cr\u00e9ativit\u00e9 mais par o\u00f9 commencer ? On vous dit tout de ces astuces qui boosteront votre inspiration !","og_url":"https:\/\/www.monpackaging.com\/blog\/comment-decupler-creativite-conception-emballage\/","og_site_name":"Le Blog des experts de l&#039;emballage","article_publisher":"https:\/\/www.facebook.com\/monpackaging\/","article_published_time":"2021-02-10T07:30:02+00:00","article_modified_time":"2021-02-09T19:54:04+00:00","og_image":[{"width":1400,"height":500,"url":"https:\/\/www.monpackaging.com\/blog\/wp-content\/uploads\/2021\/02\/Comment-decupler-sa-creativite-dans-la-conception-demballage.jpg","type":"image\/jpeg"}],"author":"Fournisseur emballage","twitter_card":"summary_large_image","twitter_creator":"@MonPackaging","twitter_site":"@MonPackaging","twitter_misc":{"\u00c9crit par":"Fournisseur emballage","Dur\u00e9e de lecture estim\u00e9e":"10 minutes"},"schema":{"@context":"https:\/\/schema.org","@graph":[{"@type":"WebPage","@id":"https:\/\/www.monpackaging.com\/blog\/comment-decupler-creativite-conception-emballage\/","url":"https:\/\/www.monpackaging.com\/blog\/comment-decupler-creativite-conception-emballage\/","name":"Comment d\u00e9cupler sa cr\u00e9ativit\u00e9 dans la conception d'emballage ?","isPartOf":{"@id":"https:\/\/www.monpackaging.com\/blog\/#website"},"primaryImageOfPage":{"@id":"https:\/\/www.monpackaging.com\/blog\/comment-decupler-creativite-conception-emballage\/#primaryimage"},"image":{"@id":"https:\/\/www.monpackaging.com\/blog\/comment-decupler-creativite-conception-emballage\/#primaryimage"},"thumbnailUrl":"https:\/\/www.monpackaging.com\/blog\/wp-content\/uploads\/2021\/02\/Comment-decupler-sa-creativite-dans-la-conception-demballage.jpg","datePublished":"2021-02-10T07:30:02+00:00","dateModified":"2021-02-09T19:54:04+00:00","author":{"@id":"https:\/\/www.monpackaging.com\/blog\/#\/schema\/person\/cd0f442d680b7c367570ea00bd3bdeb9"},"description":"Il existe bien des fa\u00e7ons de d\u00e9cupler sa cr\u00e9ativit\u00e9 mais par o\u00f9 commencer ? On vous dit tout de ces astuces qui boosteront votre inspiration !","breadcrumb":{"@id":"https:\/\/www.monpackaging.com\/blog\/comment-decupler-creativite-conception-emballage\/#breadcrumb"},"inLanguage":"fr-FR","potentialAction":[{"@type":"ReadAction","target":["https:\/\/www.monpackaging.com\/blog\/comment-decupler-creativite-conception-emballage\/"]}]},{"@type":"ImageObject","inLanguage":"fr-FR","@id":"https:\/\/www.monpackaging.com\/blog\/comment-decupler-creativite-conception-emballage\/#primaryimage","url":"https:\/\/www.monpackaging.com\/blog\/wp-content\/uploads\/2021\/02\/Comment-decupler-sa-creativite-dans-la-conception-demballage.jpg","contentUrl":"https:\/\/www.monpackaging.com\/blog\/wp-content\/uploads\/2021\/02\/Comment-decupler-sa-creativite-dans-la-conception-demballage.jpg","width":1400,"height":500,"caption":"Comment d\u00e9cupler sa cr\u00e9ativit\u00e9 dans la conception d\u2019emballage"},{"@type":"BreadcrumbList","@id":"https:\/\/www.monpackaging.com\/blog\/comment-decupler-creativite-conception-emballage\/#breadcrumb","itemListElement":[{"@type":"ListItem","position":1,"name":"Accueil","item":"https:\/\/www.monpackaging.com\/blog\/"},{"@type":"ListItem","position":2,"name":"Comment d\u00e9cupler sa cr\u00e9ativit\u00e9 dans la conception d\u2019emballage ?"}]},{"@type":"WebSite","@id":"https:\/\/www.monpackaging.com\/blog\/#website","url":"https:\/\/www.monpackaging.com\/blog\/","name":"Le Blog des experts de l&#039;emballage","description":"","potentialAction":[{"@type":"SearchAction","target":{"@type":"EntryPoint","urlTemplate":"https:\/\/www.monpackaging.com\/blog\/?s={search_term_string}"},"query-input":"required name=search_term_string"}],"inLanguage":"fr-FR"},{"@type":"Person","@id":"https:\/\/www.monpackaging.com\/blog\/#\/schema\/person\/cd0f442d680b7c367570ea00bd3bdeb9","name":"Fournisseur emballage","image":{"@type":"ImageObject","inLanguage":"fr-FR","@id":"https:\/\/www.monpackaging.com\/blog\/#\/schema\/person\/image\/","url":"https:\/\/secure.gravatar.com\/avatar\/78e73ee7008e12ace746474ea8339624?s=96&d=mm&r=g","contentUrl":"https:\/\/secure.gravatar.com\/avatar\/78e73ee7008e12ace746474ea8339624?s=96&d=mm&r=g","caption":"Fournisseur emballage"}}]}},"_links":{"self":[{"href":"https:\/\/www.monpackaging.com\/blog\/wp-json\/wp\/v2\/posts\/1872"}],"collection":[{"href":"https:\/\/www.monpackaging.com\/blog\/wp-json\/wp\/v2\/posts"}],"about":[{"href":"https:\/\/www.monpackaging.com\/blog\/wp-json\/wp\/v2\/types\/post"}],"author":[{"embeddable":true,"href":"https:\/\/www.monpackaging.com\/blog\/wp-json\/wp\/v2\/users\/6"}],"replies":[{"embeddable":true,"href":"https:\/\/www.monpackaging.com\/blog\/wp-json\/wp\/v2\/comments?post=1872"}],"version-history":[{"count":6,"href":"https:\/\/www.monpackaging.com\/blog\/wp-json\/wp\/v2\/posts\/1872\/revisions"}],"predecessor-version":[{"id":1887,"href":"https:\/\/www.monpackaging.com\/blog\/wp-json\/wp\/v2\/posts\/1872\/revisions\/1887"}],"wp:featuredmedia":[{"embeddable":true,"href":"https:\/\/www.monpackaging.com\/blog\/wp-json\/wp\/v2\/media\/1884"}],"wp:attachment":[{"href":"https:\/\/www.monpackaging.com\/blog\/wp-json\/wp\/v2\/media?parent=1872"}],"wp:term":[{"taxonomy":"category","embeddable":true,"href":"https:\/\/www.monpackaging.com\/blog\/wp-json\/wp\/v2\/categories?post=1872"},{"taxonomy":"post_tag","embeddable":true,"href":"https:\/\/www.monpackaging.com\/blog\/wp-json\/wp\/v2\/tags?post=1872"}],"curies":[{"name":"wp","href":"https:\/\/api.w.org\/{rel}","templated":true}]}}