{"id":1683,"date":"2020-12-16T08:30:25","date_gmt":"2020-12-16T07:30:25","guid":{"rendered":"https:\/\/www.monpackaging.com\/blog\/?p=1683"},"modified":"2020-12-15T19:38:27","modified_gmt":"2020-12-15T18:38:27","slug":"packaging-cosmetiques-parfait-inspirations-cles","status":"publish","type":"post","link":"https:\/\/www.monpackaging.com\/blog\/packaging-cosmetiques-parfait-inspirations-cles\/","title":{"rendered":"Un packaging pour cosm\u00e9tiques parfait en 12 inspirations cl\u00e9s !"},"content":{"rendered":"<p style=\"text-align: justify;\"><span style=\"font-weight: 400;\">Le secteur des cosm\u00e9tiques peut se vanter de b\u00e9n\u00e9ficier de l&rsquo;une des client\u00e8les les plus fid\u00e8les qui soit, et ce n&rsquo;est pas peu dire ! Dans un march\u00e9 qui p\u00e8se pr\u00e8s de 13 milliards d&rsquo;euros en France seulement, la comp\u00e9tition est rude et la n\u00e9cessit\u00e9 de se d\u00e9marquer toujours plus pressante. Impossible ici de ne pas mettre au point le packaging pour cosm\u00e9tiques r\u00e9volutionnaire qui garantira le succ\u00e8s de vos collections.<\/span><\/p>\n<p style=\"text-align: justify;\"><span style=\"font-weight: 400;\">D&rsquo;une visibilit\u00e9 optimale en magasin \u00e0 une exp\u00e9rience unboxing extraordinaire pour vos ventes en ligne\u2026 MonPackaging vous donne toutes les cartes pour vous ins\u00e9rer dans un secteur qui n&rsquo;a pas fini de nous faire r\u00eaver !<\/span><\/p>\n<p>&nbsp;<\/p>\n<h2>Quels crit\u00e8res pour un packaging pour cosm\u00e9tiques id\u00e9al ?<\/h2>\n<p style=\"text-align: justify;\"><span style=\"font-weight: 400;\">Vous avez mis au point une formule spectaculaire ? Peu importe, le packaging restera le premier \u00e9l\u00e9ment sur lequel se poseront les yeux des consommateurs !<\/span><\/p>\n<p>&nbsp;<\/p>\n<figure id=\"attachment_1705\" aria-describedby=\"caption-attachment-1705\" style=\"width: 330px\" class=\"wp-caption aligncenter\"><img decoding=\"async\" loading=\"lazy\" class=\" wp-image-1705\" src=\"https:\/\/www.monpackaging.com\/blog\/wp-content\/uploads\/2020\/12\/Quels-criteres-pour-un-packaging-pour-cosmetiques-ideal-300x247.jpg\" alt=\"Quels crit\u00e8res pour un packaging pour cosm\u00e9tiques id\u00e9al\" width=\"330\" height=\"272\" srcset=\"https:\/\/www.monpackaging.com\/blog\/wp-content\/uploads\/2020\/12\/Quels-criteres-pour-un-packaging-pour-cosmetiques-ideal-300x247.jpg 300w, https:\/\/www.monpackaging.com\/blog\/wp-content\/uploads\/2020\/12\/Quels-criteres-pour-un-packaging-pour-cosmetiques-ideal-768x631.jpg 768w, https:\/\/www.monpackaging.com\/blog\/wp-content\/uploads\/2020\/12\/Quels-criteres-pour-un-packaging-pour-cosmetiques-ideal.jpg 1000w\" sizes=\"(max-width: 330px) 100vw, 330px\" \/><figcaption id=\"caption-attachment-1705\" class=\"wp-caption-text\">Quels crit\u00e8res pour un packaging pour cosm\u00e9tiques id\u00e9al<\/figcaption><\/figure>\n<p>&nbsp;<\/p>\n<p style=\"text-align: justify;\"><span style=\"font-weight: 400;\">Il faut donc parvenir \u00e0 <strong>vous faire remarquer par votre sobri\u00e9t\u00e9 ou votre exub\u00e9rance<\/strong>, et <a href=\"https:\/\/tel.archives-ouvertes.fr\/tel-01126964\/\">le respect optimal du produit<\/a>. De quoi susciter la curiosit\u00e9, esp\u00e9rer \u00eatre pris en main et pouvoir passer \u00e0 la phase suivante. Sans quoi votre client potentiel passera simplement son chemin.<\/span><\/p>\n<p style=\"text-align: justify;\"><span style=\"font-weight: 400;\">Mais ce packaging pour cosm\u00e9tiques finalement, qu&rsquo;a-t-il vraiment de si sp\u00e9cial ?<\/span><\/p>\n<p>&nbsp;<\/p>\n<h3>Avant toute chose&#8230;<\/h3>\n<h4>Je fa\u00e7onne mon identit\u00e9 de marque<\/h4>\n<p style=\"text-align: justify;\"><span style=\"font-weight: 400;\">Les marques aussi ont des personnalit\u00e9s, il s&rsquo;agit d&rsquo;ailleurs l\u00e0 d&rsquo;<a href=\"https:\/\/www.monpackaging.com\/blog\/quel-lien-entre-packaging-et-comportement-du-consommateur\/\">un facteur d&rsquo;achat consid\u00e9rable<\/a>. Chic ou d\u00e9cal\u00e9e, sensuelle ou romantique, nature ou <a href=\"https:\/\/www.monpackaging.com\/blog\/packaging-luxe-tradition-modernite\/\">packaging de luxe<\/a>\u2026 Ce sont vos valeurs et vos d\u00e9cisions qui d\u00e9finissent votre image, et ce seront ensuite vos couleurs, vos \u00e9l\u00e9ments graphiques et le ton employ\u00e9 sur votre packaging pour cosm\u00e9tiques qui aideront \u00e0 la transposer visuellement.<\/span><\/p>\n<p>&nbsp;<\/p>\n<figure id=\"attachment_1707\" aria-describedby=\"caption-attachment-1707\" style=\"width: 246px\" class=\"wp-caption aligncenter\"><img decoding=\"async\" loading=\"lazy\" class=\" wp-image-1707\" src=\"https:\/\/www.monpackaging.com\/blog\/wp-content\/uploads\/2020\/12\/Audrey-Hepburn-185x300.jpg\" alt=\"Audrey Hepburn.\" width=\"246\" height=\"399\" srcset=\"https:\/\/www.monpackaging.com\/blog\/wp-content\/uploads\/2020\/12\/Audrey-Hepburn-185x300.jpg 185w, https:\/\/www.monpackaging.com\/blog\/wp-content\/uploads\/2020\/12\/Audrey-Hepburn-631x1024.jpg 631w, https:\/\/www.monpackaging.com\/blog\/wp-content\/uploads\/2020\/12\/Audrey-Hepburn-768x1246.jpg 768w, https:\/\/www.monpackaging.com\/blog\/wp-content\/uploads\/2020\/12\/Audrey-Hepburn-946x1536.jpg 946w, https:\/\/www.monpackaging.com\/blog\/wp-content\/uploads\/2020\/12\/Audrey-Hepburn.jpg 1000w\" sizes=\"(max-width: 246px) 100vw, 246px\" \/><figcaption id=\"caption-attachment-1707\" class=\"wp-caption-text\">Audrey Hepburn.<\/figcaption><\/figure>\n<p>&nbsp;<\/p>\n<p style=\"text-align: justify;\"><span style=\"font-weight: 400;\">En d&rsquo;autres termes, \u00e0 vous de <strong>d\u00e9finir qui vous \u00eates<\/strong> et ce qui fait la particularit\u00e9 de votre travail. Ce n&rsquo;est qu&rsquo;en vous connaissant en profondeur que vous parviendrez \u00e0<strong> valoriser vos produits<\/strong> de la plus belle fa\u00e7on qui soit.<\/span><\/p>\n<blockquote>\n<p><em>L&rsquo;\u00e9l\u00e9gance est la seule beaut\u00e9 qui ne se fane jamais.<\/em><\/p>\n<\/blockquote>\n<p><strong>Audrey Hepburn.<\/strong><\/p>\n<p>&nbsp;<\/p>\n<h4>J&rsquo;\u00e9tudie ma client\u00e8le cible<\/h4>\n<p style=\"text-align: justify;\"><span style=\"font-weight: 400;\">Plut\u00f4t adolescentes en qu\u00eate de couleurs paillet\u00e9es ? Femmes m\u00fbres \u00e0 la recherche du teint parfait ? Hommes d\u00e9sireux de prendre davantage soin de leur peau ?<\/span><\/p>\n<p style=\"text-align: justify;\"><span style=\"font-weight: 400;\">Prenez aussi le temps de r\u00e9fl\u00e9chir \u00e0 qui s&rsquo;adressent vos produits. Une phase indispensable pour <strong>opter pour le positionnement ad\u00e9quat<\/strong> et apporter \u00e0 votre client\u00e8le les solutions donc elle a r\u00e9ellement besoin.<\/span><\/p>\n<p>&nbsp;<\/p>\n<h4>Je con\u00e7ois un mood board pour me d\u00e9marquer<\/h4>\n<p><span style=\"font-weight: 400;\">Tr\u00e8s pratique le mood board pour rassembler vos id\u00e9es. Regroupez-y les images, les sources d&rsquo;inspiration et tous ces \u00e9clairs de g\u00e9nie qui bouillonnent dans votre t\u00eate ! <\/span><\/p>\n<ul>\n<li>\n<h5><strong>Par les \u00e9motions<\/strong><\/h5>\n<\/li>\n<\/ul>\n<p style=\"text-align: justify;\"><span style=\"font-weight: 400;\">Quelle id\u00e9e cherchez-vous \u00e0 transmettre \u00e0 votre client\u00e8le ? De quoi est faite l\u2019histoire de votre marque ?<\/span><\/p>\n<p style=\"text-align: justify;\"><span style=\"font-weight: 400;\">L\u2019heure est \u00e0 la cr\u00e9ation d\u2019une belle histoire que chacun des \u00e9l\u00e9ments de votre packaging pour cosm\u00e9tiques racontera \u00e0 l\u2019unisson.\u00a0<\/span><\/p>\n<p>&nbsp;<\/p>\n<figure id=\"attachment_1690\" aria-describedby=\"caption-attachment-1690\" style=\"width: 640px\" class=\"wp-caption aligncenter\"><img decoding=\"async\" loading=\"lazy\" class=\"wp-image-1690 size-large\" src=\"https:\/\/www.monpackaging.com\/blog\/wp-content\/uploads\/2020\/12\/shutterstock_417932401-1024x683.jpg\" alt=\"\" width=\"640\" height=\"427\" srcset=\"https:\/\/www.monpackaging.com\/blog\/wp-content\/uploads\/2020\/12\/shutterstock_417932401-1024x683.jpg 1024w, https:\/\/www.monpackaging.com\/blog\/wp-content\/uploads\/2020\/12\/shutterstock_417932401-300x200.jpg 300w, https:\/\/www.monpackaging.com\/blog\/wp-content\/uploads\/2020\/12\/shutterstock_417932401-768x512.jpg 768w, https:\/\/www.monpackaging.com\/blog\/wp-content\/uploads\/2020\/12\/shutterstock_417932401-1536x1024.jpg 1536w, https:\/\/www.monpackaging.com\/blog\/wp-content\/uploads\/2020\/12\/shutterstock_417932401-2048x1366.jpg 2048w\" sizes=\"(max-width: 640px) 100vw, 640px\" \/><figcaption id=\"caption-attachment-1690\" class=\"wp-caption-text\">Les bases du storytelling<\/figcaption><\/figure>\n<p>&nbsp;<\/p>\n<p style=\"text-align: justify;\"><span style=\"font-weight: 400;\">Difficile de <strong>rester authentique tout en jouant avec l\u2019imaginaire<\/strong>. Il vous faudra pourtant trouver l\u2019\u00e9quilibre entre vos valeurs et la mise en place d\u2019un r\u00e9cit sublim\u00e9 qui <a href=\"https:\/\/www.monpackaging.com\/blog\/packaging-valeur-ajoutee-levier-experience-client\/\">attirera tous les regards<\/a> sur votre marque.\u00a0<\/span><\/p>\n<p style=\"text-align: justify;\"><span style=\"font-weight: 400;\">Un petit coup d\u2019\u0153il \u00e0 la concurrence histoire de vous orienter mais pas plus ! Personne ne peut raconter votre histoire comme vous.<\/span><\/p>\n<p>&nbsp;<\/p>\n<ul>\n<li>\n<h5><strong>Par les couleurs<\/strong><\/h5>\n<\/li>\n<\/ul>\n<p style=\"text-align: justify;\"><span style=\"font-weight: 400;\">C\u2019est ici qu\u2019entre en jeu <\/span><a href=\"https:\/\/significationdescouleurs.com\/\"><span style=\"font-weight: 400;\">la psychologie des couleurs<\/span><\/a><span style=\"font-weight: 400;\"> !\u00a0<\/span><\/p>\n<p style=\"text-align: justify;\"><span style=\"font-weight: 400;\">Un bleu pastel ne v\u00e9hiculera pas les m\u00eames id\u00e9es qu&rsquo;un rouge sombre. Un choix des couleurs adapt\u00e9s vous permettra de <strong>renforcer votre message global de mani\u00e8re silencieuse<\/strong>, s&rsquo;en occuper davantage d&rsquo;espace sur votre packaging pour cosm\u00e9tiques.\u00a0<\/span><\/p>\n<p style=\"text-align: justify;\"><span style=\"font-weight: 400;\">Optez pour un positionnement clair en mettant soigneusement en place une harmonie globale.<\/span><\/p>\n<p>&nbsp;<\/p>\n<ul>\n<li>\n<h5><strong>Par la typographie<\/strong><\/h5>\n<\/li>\n<\/ul>\n<p style=\"text-align: justify;\"><span style=\"font-weight: 400;\">Envie d&rsquo;un c\u00f4t\u00e9 branch\u00e9 ? Osez les polices modernes et audacieuses comme Urban Decay. Votre marque est plut\u00f4t girly avec un caract\u00e8re bien affirm\u00e9 ? Une police d\u00e9corative telle que celle choisie par Too Faced saura d\u00e9finitivement pour convenir.<\/span><\/p>\n<p>&nbsp;<\/p>\n<figure id=\"attachment_1691\" aria-describedby=\"caption-attachment-1691\" style=\"width: 640px\" class=\"wp-caption aligncenter\"><img decoding=\"async\" loading=\"lazy\" class=\"wp-image-1691 size-large\" src=\"https:\/\/www.monpackaging.com\/blog\/wp-content\/uploads\/2020\/12\/Sweetpeachtoofaced1-1024x683.jpg\" alt=\"\" width=\"640\" height=\"427\" srcset=\"https:\/\/www.monpackaging.com\/blog\/wp-content\/uploads\/2020\/12\/Sweetpeachtoofaced1-1024x683.jpg 1024w, https:\/\/www.monpackaging.com\/blog\/wp-content\/uploads\/2020\/12\/Sweetpeachtoofaced1-300x200.jpg 300w, https:\/\/www.monpackaging.com\/blog\/wp-content\/uploads\/2020\/12\/Sweetpeachtoofaced1-768x512.jpg 768w, https:\/\/www.monpackaging.com\/blog\/wp-content\/uploads\/2020\/12\/Sweetpeachtoofaced1-1536x1024.jpg 1536w, https:\/\/www.monpackaging.com\/blog\/wp-content\/uploads\/2020\/12\/Sweetpeachtoofaced1.jpg 1600w\" sizes=\"(max-width: 640px) 100vw, 640px\" \/><figcaption id=\"caption-attachment-1691\" class=\"wp-caption-text\">On craque pour la police et le joli d\u00e9grad\u00e9 de couleurs de la collection Sweet Peach par Too Faced !<\/figcaption><\/figure>\n<p>&nbsp;<\/p>\n<p style=\"text-align: justify;\"><span style=\"font-weight: 400;\">Quelques polices sans-serif par ici pour obtenir un style haut de gamme \u00e0 la Chanel, ou peut-\u00eatre une \u00e9criture plus classique mais r\u00e9solument \u00e9l\u00e9gante si c&rsquo;est l\u00e0 ce qui conviendrait le mieux \u00e0 votre marque.<\/span><\/p>\n<p style=\"text-align: justify;\"><span style=\"font-weight: 400;\">De la m\u00eame mani\u00e8re que les couleurs <a href=\"https:\/\/www.monpackaging.com\/blog\/reussir-creation-design-packaging\/\">ou le design<\/a>, la typographie a toute son importance dans un packaging pour cosm\u00e9tiques. \u00c9vitez les polices gratuites afin de ne pas la rencontrer au quotidien sur une multitude d&rsquo;autres packagings. Et veillez \u00e0 la choisir <strong>claire et lisible<\/strong>, m\u00eame sur un bo\u00eetage de petite taille.<\/span><\/p>\n<p style=\"text-align: justify;\"><span style=\"font-weight: 400;\">Choisissez-l\u00e0 enfin <strong>originale<\/strong> afin qu&rsquo;elle devienne pour vos clients un vrai rep\u00e8re de votre marque. Pas si facile !<\/span><\/p>\n<p>&nbsp;<\/p>\n<h2>Quelles innovations dans les packagings pour cosm\u00e9tiques ?<\/h2>\n<p style=\"text-align: justify;\"><span style=\"font-weight: 400;\">Un petit coup d&rsquo;\u0153il du c\u00f4t\u00e9 <a href=\"https:\/\/www.monpackaging.com\/blog\/tendances-2020-packaging\/\">des derni\u00e8res tendances<\/a> ? Misez en effet sur<strong> un look contemporain mais aussi intemporel<\/strong> qui ne se d\u00e9modera pas trop vite et qui saura parler correctement pour vous <a href=\"https:\/\/www.monpackaging.com\/blog\/commerce-internationalisation-packaging-conquete-monde\/\">tout autour du monde<\/a>.<\/span><\/p>\n<p style=\"text-align: justify;\"><span style=\"font-weight: 400;\">Le tout sans n\u00e9gliger l&rsquo;aspect s\u00e9curit\u00e9 bien s\u00fbr, et la conformit\u00e9 <a href=\"http:\/\/www.utc.fr\/master-qualite\/public\/publications\/qualite_et_management\/MQ_M2\/2015-2016\/MIM_stages\/GAMOUDI_Mehdi\/ST02_2016_GAMOUDI_mim_v3.pdf\">aux diverses proc\u00e9dures qualit\u00e9<\/a> !\u00a0<\/span><\/p>\n<p>&nbsp;<\/p>\n<h3>Quelques motifs d\u00e9licats<\/h3>\n<p><span style=\"font-weight: 400;\">On craque pour les jolis dessins r\u00e9alis\u00e9s \u00e0 la main\u00a0 !<\/span><\/p>\n<p>&nbsp;<\/p>\n<figure id=\"attachment_1693\" aria-describedby=\"caption-attachment-1693\" style=\"width: 508px\" class=\"wp-caption aligncenter\"><img decoding=\"async\" loading=\"lazy\" class=\"wp-image-1693 \" src=\"https:\/\/www.monpackaging.com\/blog\/wp-content\/uploads\/2020\/12\/1intricate-4-e15707125422101.jpeg\" alt=\"\" width=\"508\" height=\"502\" srcset=\"https:\/\/www.monpackaging.com\/blog\/wp-content\/uploads\/2020\/12\/1intricate-4-e15707125422101.jpeg 930w, https:\/\/www.monpackaging.com\/blog\/wp-content\/uploads\/2020\/12\/1intricate-4-e15707125422101-300x296.jpeg 300w, https:\/\/www.monpackaging.com\/blog\/wp-content\/uploads\/2020\/12\/1intricate-4-e15707125422101-768x759.jpeg 768w\" sizes=\"(max-width: 508px) 100vw, 508px\" \/><figcaption id=\"caption-attachment-1693\" class=\"wp-caption-text\">Un c\u00f4t\u00e9 artisanal avec quelques dessins simples.<\/figcaption><\/figure>\n<p>&nbsp;<\/p>\n<p style=\"text-align: justify;\"><span style=\"font-weight: 400;\">Ici quelques fleurs, l\u00e0 des motifs g\u00e9om\u00e9triques ou des fruits peut-\u00eatre, pour faire \u00e9cho aux ingr\u00e9dients et aux senteurs que vous aurez peut-\u00eatre utilis\u00e9s. S&rsquo;il y a <a href=\"https:\/\/www.monpackaging.com\/blog\/art-et-packaging\/\">une dimension artistique<\/a> dans la conception de packaging, une jolie illustration de ce type ne pourra que trouver son public !<\/span><\/p>\n<p><strong>\u00c0 tester sur :<\/strong> Un <a href=\"https:\/\/www.monpackaging.com\/impression-emballage-creme-rectangulaire\">emballage pour cr\u00e8me rectangulaire<\/a>.<\/p>\n<p>&nbsp;<\/p>\n<h3>Une police originale<\/h3>\n<p style=\"text-align: justify;\"><span style=\"font-weight: 400;\">La tendance comme nous l&rsquo;avons vu est aux polices de caract\u00e8res audacieuses capables de devenir r\u00e9guli\u00e8rement l&rsquo;\u00e9l\u00e9ment cl\u00e9 de vos designs.<\/span><\/p>\n<p>&nbsp;<\/p>\n<figure id=\"attachment_1694\" aria-describedby=\"caption-attachment-1694\" style=\"width: 640px\" class=\"wp-caption aligncenter\"><img decoding=\"async\" loading=\"lazy\" class=\"wp-image-1694 size-large\" src=\"https:\/\/www.monpackaging.com\/blog\/wp-content\/uploads\/2020\/12\/JANIS-EN-SUCRE-Urban-Decay-Heavy-Metals-palette-011-1024x683.jpg\" alt=\"\" width=\"640\" height=\"427\" srcset=\"https:\/\/www.monpackaging.com\/blog\/wp-content\/uploads\/2020\/12\/JANIS-EN-SUCRE-Urban-Decay-Heavy-Metals-palette-011-1024x683.jpg 1024w, https:\/\/www.monpackaging.com\/blog\/wp-content\/uploads\/2020\/12\/JANIS-EN-SUCRE-Urban-Decay-Heavy-Metals-palette-011-300x200.jpg 300w, https:\/\/www.monpackaging.com\/blog\/wp-content\/uploads\/2020\/12\/JANIS-EN-SUCRE-Urban-Decay-Heavy-Metals-palette-011-768x512.jpg 768w, https:\/\/www.monpackaging.com\/blog\/wp-content\/uploads\/2020\/12\/JANIS-EN-SUCRE-Urban-Decay-Heavy-Metals-palette-011-1536x1024.jpg 1536w, https:\/\/www.monpackaging.com\/blog\/wp-content\/uploads\/2020\/12\/JANIS-EN-SUCRE-Urban-Decay-Heavy-Metals-palette-011.jpg 1600w\" sizes=\"(max-width: 640px) 100vw, 640px\" \/><figcaption id=\"caption-attachment-1694\" class=\"wp-caption-text\">Incontournable Urban Decay et ses typographies sans cesse renouvel\u00e9es !<\/figcaption><\/figure>\n<p>&nbsp;<\/p>\n<p style=\"text-align: justify;\"><span style=\"font-weight: 400;\">Travaillez l\u00e9g\u00e8rement le fond puis misez sur une typographie innovante, toute en relief et en contrastes de couleurs avec un joli effet de lumi\u00e8re.<\/span><\/p>\n<p style=\"text-align: justify;\"><span style=\"font-weight: 400;\">Succ\u00e8s garanti !\u00a0<\/span><\/p>\n<p><strong>\u00c0 tester sur :<\/strong> <a href=\"https:\/\/www.monpackaging.com\/impression-etui-a-soufflet-carton\">Un packaging soufflet<\/a>\u00a0original.<\/p>\n<p>&nbsp;<\/p>\n<h3>Un packaging r\u00e9utilisable<\/h3>\n<p style=\"text-align: justify;\"><span style=\"font-weight: 400;\">Les emballages \u00e0 usage unique, \u00e7a suffit !<\/span><\/p>\n<p style=\"text-align: justify;\"><span style=\"font-weight: 400;\">Tandis que <a href=\"https:\/\/www.monpackaging.com\/blog\/packagings-sans-plastique-grand-defi-demain\/\">le plastique dispara\u00eet<\/a> progressivement des m\u00e9thodes de fabrication, les packagings pour cosm\u00e9tiques sont de formidables moyens d&rsquo;exp\u00e9rimenter de nouvelles alternatives.<\/span><\/p>\n<p>&nbsp;<\/p>\n<figure id=\"attachment_1695\" aria-describedby=\"caption-attachment-1695\" style=\"width: 640px\" class=\"wp-caption aligncenter\"><img decoding=\"async\" loading=\"lazy\" class=\"wp-image-1695 size-large\" src=\"https:\/\/www.monpackaging.com\/blog\/wp-content\/uploads\/2020\/12\/SEED-EDITION-SPECIALE-BY-LUXE-PACK1-1024x768.jpg\" alt=\"\" width=\"640\" height=\"480\" srcset=\"https:\/\/www.monpackaging.com\/blog\/wp-content\/uploads\/2020\/12\/SEED-EDITION-SPECIALE-BY-LUXE-PACK1-1024x768.jpg 1024w, https:\/\/www.monpackaging.com\/blog\/wp-content\/uploads\/2020\/12\/SEED-EDITION-SPECIALE-BY-LUXE-PACK1-300x225.jpg 300w, https:\/\/www.monpackaging.com\/blog\/wp-content\/uploads\/2020\/12\/SEED-EDITION-SPECIALE-BY-LUXE-PACK1-768x576.jpg 768w, https:\/\/www.monpackaging.com\/blog\/wp-content\/uploads\/2020\/12\/SEED-EDITION-SPECIALE-BY-LUXE-PACK1.jpg 1034w\" sizes=\"(max-width: 640px) 100vw, 640px\" \/><figcaption id=\"caption-attachment-1695\" class=\"wp-caption-text\">Gamme Seed Phytonutrients par L&rsquo;Or\u00e9al.<\/figcaption><\/figure>\n<p>&nbsp;<\/p>\n<p style=\"text-align: justify;\"><span style=\"font-weight: 400;\">Avec sa gamme <em>Seed Phytonutrients<\/em>, L&rsquo;Or\u00e9al mise d\u00e9sormais sur des flacons en papier recycl\u00e9, recyclables et compostables. On appr\u00e9ciera tout autant un packaging pouvant \u00eatre conserv\u00e9 apr\u00e8s utilisation.<\/span><\/p>\n<p><strong>\u00c0 tester sur :<\/strong> Une jolie <a href=\"https:\/\/www.monpackaging.com\/impression-packaging-parfum-boite-hexagonale\">bo\u00eete hexagonale<\/a> que l&rsquo;on r\u00e9utilisera avec plaisir.<\/p>\n<h3>\u00a0<\/h3>\n<h3>Une vague de minimalisme<\/h3>\n<p style=\"text-align: justify;\"><span style=\"font-weight: 400;\">Impossible aujourd&rsquo;hui de passer \u00e0 c\u00f4t\u00e9 de <a href=\"https:\/\/www.monpackaging.com\/blog\/zoom-packaging-minimaliste\/\">la tendance minimaliste<\/a>, et l&rsquo;on constate que celle-ci s&rsquo;adapte \u00e0 merveille au packaging pour cosm\u00e9tiques.<\/span><\/p>\n<p style=\"text-align: justify;\"><span style=\"font-weight: 400;\">En r\u00e9duisant la quantit\u00e9 de mat\u00e9riaux d&#8217;emballage utilis\u00e9e, au profit d&rsquo;une poign\u00e9e d&rsquo;\u00e9l\u00e9ments de qualit\u00e9. En all\u00e9geant le design pour ne conserver que l&rsquo;essentiel.<\/span><\/p>\n<p>&nbsp;<\/p>\n<figure id=\"attachment_1709\" aria-describedby=\"caption-attachment-1709\" style=\"width: 467px\" class=\"wp-caption aligncenter\"><img decoding=\"async\" loading=\"lazy\" class=\" wp-image-1709\" src=\"https:\/\/www.monpackaging.com\/blog\/wp-content\/uploads\/2020\/12\/Une-vague-de-minimalisme-300x200.jpg\" alt=\"Une vague de minimalisme\" width=\"467\" height=\"311\" srcset=\"https:\/\/www.monpackaging.com\/blog\/wp-content\/uploads\/2020\/12\/Une-vague-de-minimalisme-300x200.jpg 300w, https:\/\/www.monpackaging.com\/blog\/wp-content\/uploads\/2020\/12\/Une-vague-de-minimalisme-768x512.jpg 768w, https:\/\/www.monpackaging.com\/blog\/wp-content\/uploads\/2020\/12\/Une-vague-de-minimalisme.jpg 1000w\" sizes=\"(max-width: 467px) 100vw, 467px\" \/><figcaption id=\"caption-attachment-1709\" class=\"wp-caption-text\">Une vague de minimalisme<\/figcaption><\/figure>\n<p>&nbsp;<\/p>\n<p style=\"text-align: justify;\"><span style=\"font-weight: 400;\">Minimalisme et originalit\u00e9 sont d&rsquo;ailleurs tout \u00e0 fait compatibles et n&#8217;emp\u00eacheront en rien votre packaging de se faire une vraie place sur les rayons. Combinez votre style \u00e9pur\u00e9 \u00e0 quelques teintes pastel qui apporteront une jolie dose de douceur.<\/span><\/p>\n<p><strong>\u00c0 tester sur :<\/strong> <a href=\"https:\/\/www.monpackaging.com\/impression-packaging-boite-flacons-rectangulaire\">Une petite bo\u00eete tube<\/a> sobre et efficace.<\/p>\n<p>&nbsp;<\/p>\n<h3>Un packaging pour cosm\u00e9tiques en bois<\/h3>\n<p style=\"text-align: justify;\"><span style=\"font-weight: 400;\">Pour rester fid\u00e8le \u00e0 son engagement, la marque naturelle Zao Make-Up propose d\u00e9sormais ses produits cosm\u00e9tiques dans des contenants en bambou. Une id\u00e9e innovante qui s&rsquo;accompagne forc\u00e9ment d&rsquo;un packaging recyclable et respectueux de l&rsquo;environnement.<\/span><\/p>\n<p>&nbsp;<\/p>\n<figure id=\"attachment_1697\" aria-describedby=\"caption-attachment-1697\" style=\"width: 654px\" class=\"wp-caption aligncenter\"><img decoding=\"async\" loading=\"lazy\" class=\"wp-image-1697 \" src=\"https:\/\/www.monpackaging.com\/blog\/wp-content\/uploads\/2020\/12\/8-single-default1.jpg\" alt=\"\" width=\"654\" height=\"327\" srcset=\"https:\/\/www.monpackaging.com\/blog\/wp-content\/uploads\/2020\/12\/8-single-default1.jpg 840w, https:\/\/www.monpackaging.com\/blog\/wp-content\/uploads\/2020\/12\/8-single-default1-300x150.jpg 300w, https:\/\/www.monpackaging.com\/blog\/wp-content\/uploads\/2020\/12\/8-single-default1-768x384.jpg 768w\" sizes=\"(max-width: 654px) 100vw, 654px\" \/><figcaption id=\"caption-attachment-1697\" class=\"wp-caption-text\">Du bambou pour vos cosm\u00e9tiques ?<\/figcaption><\/figure>\n<p>&nbsp;<\/p>\n<p style=\"text-align: justify;\"><span style=\"font-weight: 400;\">Pourquoi ne pas s&rsquo;inspirer de cette id\u00e9e pour insuffler un peu de nature \u00e0 votre packaging ? Certaines grandes maisons de champagne notamment ont d\u00e9j\u00e0 os\u00e9 le bois, \u00e0 votre tour !<\/span><\/p>\n<p><strong>\u00c0 tester sur :<\/strong> <a href=\"https:\/\/www.monpackaging.com\/impression-emballage-creme-cube\">Une bo\u00eete cube<\/a> pour vos produits visage.<\/p>\n<p>&nbsp;<\/p>\n<h3>Un packaging pour cosm\u00e9tiques en s\u00e9rie limit\u00e9e<\/h3>\n<p style=\"text-align: justify;\"><span style=\"font-weight: 400;\">Proposer une s\u00e9rie limit\u00e9e ou une \u00e9dition en petite quantit\u00e9 offre \u00e0 coup sur une vraie valeur ajout\u00e9e aux produits concern\u00e9s.<\/span><\/p>\n<p style=\"text-align: justify;\"><span style=\"font-weight: 400;\">\u00c0 vous les \u00e9ditions anniversaires ou ancr\u00e9es dans l&rsquo;air du temps que tout le monde voudra se procurer ! Soyez innovant tout en restant fid\u00e8le \u00e0 vos valeurs, et surprenez votre client\u00e8le par un packaging pour cosm\u00e9tiques attractif dont <strong>la diff\u00e9rence sera justifi\u00e9e par le c\u00f4t\u00e9 \u00e9ph\u00e9m\u00e8re<\/strong>.<\/span><\/p>\n<p style=\"text-align: justify;\"><span style=\"font-weight: 400;\">L&rsquo;occasion d&rsquo;exp\u00e9rimenter une jolie dorure ou une technique d&rsquo;impression diff\u00e9rente que vous pourrez r\u00e9utiliser par la suite en fonction de son accueil.<\/span><\/p>\n<p><strong>\u00c0 tester sur :<\/strong> Des bo\u00eetages <a href=\"https:\/\/www.monpackaging.com\/formes-packaging\">aux formes originales<\/a>.<\/p>\n<p>&nbsp;<\/p>\n<h3>Un packaging pour cosm\u00e9tiques \u00e9cologique<\/h3>\n<p style=\"text-align: justify;\"><span style=\"font-weight: 400;\">Les cosm\u00e9tiques naturels appellent forc\u00e9ment \u00e0 un emballage respectueux de l&rsquo;environnement. M\u00eame s&rsquo;il vous reste quelques efforts \u00e0 faire au niveau de vos formules d&rsquo;ailleurs, un packaging pour cosm\u00e9tiques \u00e9cologique toucheras forc\u00e9ment la sensibilit\u00e9 d&rsquo;un grand nombre de consommateurs.<\/span><\/p>\n<p>&nbsp;<\/p>\n<figure id=\"attachment_1684\" aria-describedby=\"caption-attachment-1684\" style=\"width: 736px\" class=\"wp-caption aligncenter\"><img decoding=\"async\" loading=\"lazy\" class=\"wp-image-1684 \" src=\"https:\/\/www.monpackaging.com\/blog\/wp-content\/uploads\/2020\/12\/2020-12-12_19h10_53.png\" alt=\"\" width=\"736\" height=\"279\" srcset=\"https:\/\/www.monpackaging.com\/blog\/wp-content\/uploads\/2020\/12\/2020-12-12_19h10_53.png 836w, https:\/\/www.monpackaging.com\/blog\/wp-content\/uploads\/2020\/12\/2020-12-12_19h10_53-300x114.png 300w, https:\/\/www.monpackaging.com\/blog\/wp-content\/uploads\/2020\/12\/2020-12-12_19h10_53-768x291.png 768w\" sizes=\"(max-width: 736px) 100vw, 736px\" \/><figcaption id=\"caption-attachment-1684\" class=\"wp-caption-text\">La gamme \u00e9cologique MonPackaging.<\/figcaption><\/figure>\n<p>&nbsp;<\/p>\n<p><span style=\"font-weight: 400;\">On mise sur le verre mais aussi sur le papier ou le carton recycl\u00e9, plus facile \u00e0 travailler et \u00e0 personnaliser. Des couleurs claires, du vert ou du kraft par exemple qui donneront tout de suite un aspect tr\u00e8s naturel \u00e0 l&rsquo;ensemble.<\/span><\/p>\n<p><strong>\u00c0 tester sur :<\/strong> <a href=\"https:\/\/www.monpackaging.com\/formes-packaging-ecologique\">La gamme \u00e9cologique<\/a> MonPackaging.<\/p>\n<p>&nbsp;<\/p>\n<h3>Un packaging pour cosm\u00e9tiques bio<\/h3>\n<p style=\"text-align: justify;\"><span style=\"font-weight: 400;\">Environ 21 % des achats de produits cosm\u00e9tiques sont d\u00e9termin\u00e9s par <strong>les labels et des certifications<\/strong>.<\/span><\/p>\n<p style=\"text-align: justify;\"><span style=\"font-weight: 400;\">Vous avez d\u00e9j\u00e0 opt\u00e9 pour une fabrication \u00e9cologique et une r\u00e9duction de vos d\u00e9chets d&#8217;emballage. N&rsquo;h\u00e9sitez pas \u00e0 aller plus loin en affichant lisiblement les certifications dont vous disposez et les particularit\u00e9s de vos formules.<\/span><\/p>\n<p style=\"text-align: justify;\"><span style=\"font-weight: 400;\">Produits bio, vegan, sans produits chimiques\u2026\u00a0 Tout doit appara\u00eetre !<\/span><\/p>\n<p><strong>\u00c0 tester sur :\u00a0<\/strong><a href=\"https:\/\/www.monpackaging.com\/impression-emballage-produit-bain-pochette\">Une pochette<\/a> pour vos petits produits en vrac.<\/p>\n<blockquote>\n<p><em>La beaut\u00e9 de la Nature \u00e9veille et emplit les sens.<\/em><\/p>\n<\/blockquote>\n<p><strong>John O&rsquo;Donohue.<\/strong><\/p>\n<p>&nbsp;<\/p>\n<h3>Une pointe de personnalisation<\/h3>\n<p style=\"text-align: justify;\"><span style=\"font-weight: 400;\">La personnalisation fait son chemin dans tous les secteurs.<\/span><\/p>\n<p style=\"text-align: justify;\"><span style=\"font-weight: 400;\">Pourquoi ne pas permettre \u00e0 la client\u00e8le de votre site Internet de concevoir un packaging sur mesure pour une id\u00e9e cadeau unique ? En boutique physique, cela passe aussi par de jolis inscriptions, comme un compliment ou un petit dialogue que vous nouerez avec votre consommateur.<\/span><\/p>\n<p>&nbsp;<\/p>\n<figure id=\"attachment_1699\" aria-describedby=\"caption-attachment-1699\" style=\"width: 640px\" class=\"wp-caption aligncenter\"><img decoding=\"async\" loading=\"lazy\" class=\"wp-image-1699 size-full\" src=\"https:\/\/www.monpackaging.com\/blog\/wp-content\/uploads\/2020\/12\/c91f2f027c36ed2c922dd6fe3e1a3ff91.jpg\" alt=\"\" width=\"640\" height=\"427\" srcset=\"https:\/\/www.monpackaging.com\/blog\/wp-content\/uploads\/2020\/12\/c91f2f027c36ed2c922dd6fe3e1a3ff91.jpg 640w, https:\/\/www.monpackaging.com\/blog\/wp-content\/uploads\/2020\/12\/c91f2f027c36ed2c922dd6fe3e1a3ff91-300x200.jpg 300w\" sizes=\"(max-width: 640px) 100vw, 640px\" \/><figcaption id=\"caption-attachment-1699\" class=\"wp-caption-text\">Les packagings personnalis\u00e9s Olivia Plum.<\/figcaption><\/figure>\n<p><span style=\"font-weight: 400;\">\u00a0<\/span><\/p>\n<p><span style=\"font-weight: 400;\">Un exercice que la marque de cosm\u00e9tiques naturels Olivia Plum ma\u00eetrise haut la main.<\/span><\/p>\n<p><strong>\u00c0 tester sur :\u00a0<\/strong><a href=\"https:\/\/www.monpackaging.com\/packaging-boite-cadeau-carton\">Une jolie bo\u00eete cadeau<\/a> pour produits artisanaux.<\/p>\n<p>&nbsp;<\/p>\n<h3>Un packaging interactif\u00a0<\/h3>\n<p style=\"text-align: justify;\"><span style=\"font-weight: 400;\">Un packaging pens\u00e9 comme un flipper avec une bille argent\u00e9e \u00e0 faire rouler \u00e0 travers les obstacles ? Il fallait y penser, et l&rsquo;une des r\u00e9centes lotions La Mer l&rsquo;a fait !<\/span><\/p>\n<p>&nbsp;<\/p>\n<figure id=\"attachment_1701\" aria-describedby=\"caption-attachment-1701\" style=\"width: 333px\" class=\"wp-caption aligncenter\"><img decoding=\"async\" loading=\"lazy\" class=\"wp-image-1701 \" src=\"https:\/\/www.monpackaging.com\/blog\/wp-content\/uploads\/2020\/12\/0b5c64a8dcd3b38656ff80cf11de594d1-1024x1024.jpg\" alt=\"\" width=\"333\" height=\"333\" srcset=\"https:\/\/www.monpackaging.com\/blog\/wp-content\/uploads\/2020\/12\/0b5c64a8dcd3b38656ff80cf11de594d1-1024x1024.jpg 1024w, https:\/\/www.monpackaging.com\/blog\/wp-content\/uploads\/2020\/12\/0b5c64a8dcd3b38656ff80cf11de594d1-300x300.jpg 300w, https:\/\/www.monpackaging.com\/blog\/wp-content\/uploads\/2020\/12\/0b5c64a8dcd3b38656ff80cf11de594d1-150x150.jpg 150w, https:\/\/www.monpackaging.com\/blog\/wp-content\/uploads\/2020\/12\/0b5c64a8dcd3b38656ff80cf11de594d1-768x768.jpg 768w, https:\/\/www.monpackaging.com\/blog\/wp-content\/uploads\/2020\/12\/0b5c64a8dcd3b38656ff80cf11de594d1-400x400.jpg 400w, https:\/\/www.monpackaging.com\/blog\/wp-content\/uploads\/2020\/12\/0b5c64a8dcd3b38656ff80cf11de594d1.jpg 1500w\" sizes=\"(max-width: 333px) 100vw, 333px\" \/><figcaption id=\"caption-attachment-1701\" class=\"wp-caption-text\">Un flipper dans un emballage ?<\/figcaption><\/figure>\n<p>&nbsp;<\/p>\n<p style=\"text-align: justify;\"><span style=\"font-weight: 400;\">Avec ses courbes douces et ses teintes marines, la marque reste en accord avec ses valeurs et son positionnement. Le r\u00e9sultat, c&rsquo;est un packaging pour cosm\u00e9tiques innovant qui ne finira pas \u00e0 la poubelle d\u00e8s le d\u00e9ballage !<\/span><\/p>\n<p><strong>\u00c0 tester sur :<\/strong> Un packaging sp\u00e9cial pour <a href=\"https:\/\/www.monpackaging.com\/packaging-communication-evenement\">votre communication \u00e9v\u00e9nementielle<\/a>.<\/p>\n<p>&nbsp;<\/p>\n<h3>Des m\u00e9thodes d&rsquo;impression incontournables<\/h3>\n<p style=\"text-align: justify;\"><span style=\"font-weight: 400;\">Une multitude de possibilit\u00e9s se tiennent \u00e0 votre disposition pour votre packaging pour cosm\u00e9tiques. Les techniques les plus innovantes sont d\u00e9sormais \u00e0 la port\u00e9e de cette <a href=\"https:\/\/www.photoniques.com\/articles\/photon\/pdf\/2017\/05\/photon201788p25.pdf\">industrie en plein essor<\/a>.<\/span><\/p>\n<p style=\"text-align: justify;\"><span style=\"font-weight: 400;\">En gardant en t\u00eate qu&rsquo;un emballage \u00e9labor\u00e9 sera forc\u00e9ment plus co\u00fbteux, n&rsquo;h\u00e9sitez pas \u00e0 r\u00e9fl\u00e9chir au choix d&rsquo;une impression adapt\u00e9e et innovante.\u00a0<\/span><\/p>\n<p style=\"text-align: justify;\"><span style=\"font-weight: 400;\">Gaufrage, encre \u00e0 effet 3D, gravure ou dorure, de quoi vous permettre de donner \u00e0 votre packaging un vrai aspect haut de gamme qui justifiera un prix de vente plus \u00e9lev\u00e9.<\/span><\/p>\n<p>&nbsp;<\/p>\n<h3>Des d\u00e9tails cach\u00e9s !\u00a0<\/h3>\n<p style=\"text-align: justify;\"><span style=\"font-weight: 400;\">Et l&rsquo;int\u00e9rieur de votre packaging dans tout \u00e7a ?<\/span><\/p>\n<p style=\"text-align: justify;\"><span style=\"font-weight: 400;\">On aime aussi les bo\u00eetes discr\u00e8tement percutantes qui r\u00e9v\u00e9leront \u00e0 l&rsquo;ouverture un formidable ballet de couleurs et de jolis motifs. Une petite touche qui ajoutera un charme ind\u00e9niable \u00e0 l&rsquo;instant de la d\u00e9couverte.<\/span><\/p>\n<p style=\"text-align: justify;\"><span style=\"font-weight: 400;\">On pense aussi \u00e0 une petite carte de remerciements ou un code promo qui encouragera \u00e0 effectuer une nouvelle commande.<\/span><\/p>\n<p>&nbsp;<\/p>\n<h2>Des mentions sp\u00e9ciales sur mon packaging pour cosm\u00e9tiques ?<\/h2>\n<p style=\"text-align: justify;\"><span style=\"font-weight: 400;\">Si <a href=\"https:\/\/www.monpackaging.com\/blog\/specificites-packaging-alimentaire\/\">le packaging alimentaire<\/a> est soumis \u00e0 un cadre l\u00e9gislatif strict, le packaging pour cosm\u00e9tiques fait lui aussi face \u00e0 son lot de r\u00e9glementations. Pour \u00eatre dans les normes et rester parfaitement transparent vis-\u00e0-vis du consommateur, vous n&rsquo;oublierez pas de r\u00e9server quelques espaces afin d&rsquo;indiquer :\u00a0<\/span><\/p>\n<ul>\n<li style=\"font-weight: 400; text-align: justify;\"><span style=\"font-weight: 400;\">Le nom et l\u2019adresse de la personne responsable (fabricant, importateur ou distributeur).<\/span><\/li>\n<li style=\"font-weight: 400; text-align: justify;\"><span style=\"font-weight: 400;\">La fonction du produit pour \u00e9viter des erreurs d\u2019utilisation.<\/span><\/li>\n<li style=\"font-weight: 400; text-align: justify;\"><span style=\"font-weight: 400;\">La liste d\u2019ingr\u00e9dients dans l\u2019ordre d\u00e9croissant de poids .<\/span><\/li>\n<li style=\"font-weight: 400; text-align: justify;\"><span style=\"font-weight: 400;\">Le num\u00e9ro de lot.<\/span><\/li>\n<li style=\"font-weight: 400; text-align: justify;\"><span style=\"font-weight: 400;\">Le contenu nominal en grammes ou en millilitres.<\/span><\/li>\n<li style=\"font-weight: 400; text-align: justify;\"><span style=\"font-weight: 400;\">La mention des pr\u00e9cautions particuli\u00e8res d\u2019emploi.<\/span><\/li>\n<li style=\"font-weight: 400; text-align: justify;\"><span style=\"font-weight: 400;\">La p\u00e9riode de conservation apr\u00e8s ouverture.<\/span><\/li>\n<li style=\"font-weight: 400; text-align: justify;\"><span style=\"font-weight: 400;\">Le pays d\u2019origine si vos produits sont fabriqu\u00e9s hors Europe.<\/span><\/li>\n<\/ul>\n<p>&nbsp;<\/p>\n<figure id=\"attachment_1711\" aria-describedby=\"caption-attachment-1711\" style=\"width: 333px\" class=\"wp-caption aligncenter\"><img decoding=\"async\" loading=\"lazy\" class=\" wp-image-1711\" src=\"https:\/\/www.monpackaging.com\/blog\/wp-content\/uploads\/2020\/12\/cruelty-free-300x300.jpg\" alt=\"cruelty-free\" width=\"333\" height=\"333\" srcset=\"https:\/\/www.monpackaging.com\/blog\/wp-content\/uploads\/2020\/12\/cruelty-free-300x300.jpg 300w, https:\/\/www.monpackaging.com\/blog\/wp-content\/uploads\/2020\/12\/cruelty-free-150x150.jpg 150w, https:\/\/www.monpackaging.com\/blog\/wp-content\/uploads\/2020\/12\/cruelty-free-768x768.jpg 768w, https:\/\/www.monpackaging.com\/blog\/wp-content\/uploads\/2020\/12\/cruelty-free-400x400.jpg 400w, https:\/\/www.monpackaging.com\/blog\/wp-content\/uploads\/2020\/12\/cruelty-free.jpg 1000w\" sizes=\"(max-width: 333px) 100vw, 333px\" \/><figcaption id=\"caption-attachment-1711\" class=\"wp-caption-text\">cruelty-free<\/figcaption><\/figure>\n<p>&nbsp;<\/p>\n<p style=\"text-align: justify;\"><span style=\"font-weight: 400;\">Le tout sera bien entendu r\u00e9dig\u00e9 dans la langue du pays dans lequel le produit est export\u00e9.<\/span><\/p>\n<p style=\"text-align: justify;\"><span style=\"font-weight: 400;\">Pensez aussi \u00e0 mentionner clairement certaines de vos techniques de conception particuli\u00e8res. Le consommateur souhaitera par exemple volontiers savoir d\u00e8s le premier coup d&rsquo;\u0153il que le produit qu&rsquo;il tient dans les mains n&rsquo;a pas \u00e9t\u00e9 test\u00e9 sur les animaux.\u00a0<\/span><\/p>\n<p>&nbsp;<\/p>\n<h2>Votre fournisseur d&#8217;emballages pour cosm\u00e9tiques<\/h2>\n<p style=\"text-align: justify;\"><span style=\"font-weight: 400;\">Ne reste plus qu&rsquo;\u00e0 cr\u00e9er le packaging pour cosm\u00e9tiques parfait, par vos propres moyens ou en faisant appel un professionnel. Exp\u00e9rimentez de nouvelles id\u00e9es avec MonPackaging et lancez-vous \u00e0 la conqu\u00eate d&rsquo;un secteur rempli d&rsquo;opportunit\u00e9s !<\/span><\/p>\n","protected":false},"excerpt":{"rendered":"<p>Le secteur des cosm\u00e9tiques peut se vanter de b\u00e9n\u00e9ficier de l&rsquo;une des client\u00e8les les plus fid\u00e8les qui soit, et ce n&rsquo;est pas peu dire ! Dans un march\u00e9 qui p\u00e8se pr\u00e8s de 13 milliards d&rsquo;euros en France seulement, la comp\u00e9tition est rude et la n\u00e9cessit\u00e9 de se d\u00e9marquer toujours plus pressante. Impossible ici de ne [&hellip;]<\/p>\n","protected":false},"author":6,"featured_media":1713,"comment_status":"open","ping_status":"open","sticky":false,"template":"","format":"standard","meta":{"_editorskit_title_hidden":false,"_editorskit_reading_time":0,"_editorskit_is_block_options_detached":false,"_editorskit_block_options_position":"{}","footnotes":""},"categories":[2],"tags":[215,174,217,216,214],"yoast_head":"<!-- This site is optimized with the Yoast SEO plugin v22.6 - https:\/\/yoast.com\/wordpress\/plugins\/seo\/ -->\r\n<title>Un packaging pour cosm\u00e9tiques parfait en 12 inspirations cl\u00e9s !<\/title>\r\n<meta name=\"description\" content=\"Zoom sur le packaging pour cosm\u00e9tiques et ses nombreuses id\u00e9es ! Plut\u00f4t minimalisme ou packaging connect\u00e9 ?\" \/>\r\n<meta name=\"robots\" content=\"index, follow, max-snippet:-1, max-image-preview:large, max-video-preview:-1\" \/>\r\n<link rel=\"canonical\" href=\"https:\/\/www.monpackaging.com\/blog\/packaging-cosmetiques-parfait-inspirations-cles\/\" \/>\r\n<meta property=\"og:locale\" content=\"fr_FR\" \/>\r\n<meta property=\"og:type\" content=\"article\" \/>\r\n<meta property=\"og:title\" content=\"Un packaging pour cosm\u00e9tiques parfait en 12 inspirations cl\u00e9s !\" \/>\r\n<meta property=\"og:description\" content=\"Zoom sur le packaging pour cosm\u00e9tiques et ses nombreuses id\u00e9es ! Plut\u00f4t minimalisme ou packaging connect\u00e9 ?\" \/>\r\n<meta property=\"og:url\" content=\"https:\/\/www.monpackaging.com\/blog\/packaging-cosmetiques-parfait-inspirations-cles\/\" \/>\r\n<meta property=\"og:site_name\" content=\"Le Blog des experts de l&#039;emballage\" \/>\r\n<meta property=\"article:publisher\" content=\"https:\/\/www.facebook.com\/monpackaging\/\" \/>\r\n<meta property=\"article:published_time\" content=\"2020-12-16T07:30:25+00:00\" \/>\r\n<meta property=\"article:modified_time\" content=\"2020-12-15T18:38:27+00:00\" \/>\r\n<meta property=\"og:image\" content=\"https:\/\/www.monpackaging.com\/blog\/wp-content\/uploads\/2020\/12\/Un-packaging-pour-cosmetiques-parfait-en-12-inspirations-cles.jpg\" \/>\r\n\t<meta property=\"og:image:width\" content=\"1400\" \/>\r\n\t<meta property=\"og:image:height\" content=\"500\" \/>\r\n\t<meta property=\"og:image:type\" content=\"image\/jpeg\" \/>\r\n<meta name=\"author\" content=\"Fournisseur emballage\" \/>\r\n<meta name=\"twitter:card\" content=\"summary_large_image\" \/>\r\n<meta name=\"twitter:creator\" content=\"@MonPackaging\" \/>\r\n<meta name=\"twitter:site\" content=\"@MonPackaging\" \/>\r\n<meta name=\"twitter:label1\" content=\"\u00c9crit par\" \/>\n\t<meta name=\"twitter:data1\" content=\"Fournisseur emballage\" \/>\n\t<meta name=\"twitter:label2\" content=\"Dur\u00e9e de lecture estim\u00e9e\" \/>\n\t<meta name=\"twitter:data2\" content=\"12 minutes\" \/>\r\n<script type=\"application\/ld+json\" class=\"yoast-schema-graph\">{\"@context\":\"https:\/\/schema.org\",\"@graph\":[{\"@type\":\"WebPage\",\"@id\":\"https:\/\/www.monpackaging.com\/blog\/packaging-cosmetiques-parfait-inspirations-cles\/\",\"url\":\"https:\/\/www.monpackaging.com\/blog\/packaging-cosmetiques-parfait-inspirations-cles\/\",\"name\":\"Un packaging pour cosm\u00e9tiques parfait en 12 inspirations cl\u00e9s !\",\"isPartOf\":{\"@id\":\"https:\/\/www.monpackaging.com\/blog\/#website\"},\"primaryImageOfPage\":{\"@id\":\"https:\/\/www.monpackaging.com\/blog\/packaging-cosmetiques-parfait-inspirations-cles\/#primaryimage\"},\"image\":{\"@id\":\"https:\/\/www.monpackaging.com\/blog\/packaging-cosmetiques-parfait-inspirations-cles\/#primaryimage\"},\"thumbnailUrl\":\"https:\/\/www.monpackaging.com\/blog\/wp-content\/uploads\/2020\/12\/Un-packaging-pour-cosmetiques-parfait-en-12-inspirations-cles.jpg\",\"datePublished\":\"2020-12-16T07:30:25+00:00\",\"dateModified\":\"2020-12-15T18:38:27+00:00\",\"author\":{\"@id\":\"https:\/\/www.monpackaging.com\/blog\/#\/schema\/person\/cd0f442d680b7c367570ea00bd3bdeb9\"},\"description\":\"Zoom sur le packaging pour cosm\u00e9tiques et ses nombreuses id\u00e9es ! Plut\u00f4t minimalisme ou packaging connect\u00e9 ?\",\"breadcrumb\":{\"@id\":\"https:\/\/www.monpackaging.com\/blog\/packaging-cosmetiques-parfait-inspirations-cles\/#breadcrumb\"},\"inLanguage\":\"fr-FR\",\"potentialAction\":[{\"@type\":\"ReadAction\",\"target\":[\"https:\/\/www.monpackaging.com\/blog\/packaging-cosmetiques-parfait-inspirations-cles\/\"]}]},{\"@type\":\"ImageObject\",\"inLanguage\":\"fr-FR\",\"@id\":\"https:\/\/www.monpackaging.com\/blog\/packaging-cosmetiques-parfait-inspirations-cles\/#primaryimage\",\"url\":\"https:\/\/www.monpackaging.com\/blog\/wp-content\/uploads\/2020\/12\/Un-packaging-pour-cosmetiques-parfait-en-12-inspirations-cles.jpg\",\"contentUrl\":\"https:\/\/www.monpackaging.com\/blog\/wp-content\/uploads\/2020\/12\/Un-packaging-pour-cosmetiques-parfait-en-12-inspirations-cles.jpg\",\"width\":1400,\"height\":500,\"caption\":\"Un packaging pour cosm\u00e9tiques parfait en 12 inspirations cl\u00e9s !\"},{\"@type\":\"BreadcrumbList\",\"@id\":\"https:\/\/www.monpackaging.com\/blog\/packaging-cosmetiques-parfait-inspirations-cles\/#breadcrumb\",\"itemListElement\":[{\"@type\":\"ListItem\",\"position\":1,\"name\":\"Accueil\",\"item\":\"https:\/\/www.monpackaging.com\/blog\/\"},{\"@type\":\"ListItem\",\"position\":2,\"name\":\"Un packaging pour cosm\u00e9tiques parfait en 12 inspirations cl\u00e9s !\"}]},{\"@type\":\"WebSite\",\"@id\":\"https:\/\/www.monpackaging.com\/blog\/#website\",\"url\":\"https:\/\/www.monpackaging.com\/blog\/\",\"name\":\"Le Blog des experts de l&#039;emballage\",\"description\":\"\",\"potentialAction\":[{\"@type\":\"SearchAction\",\"target\":{\"@type\":\"EntryPoint\",\"urlTemplate\":\"https:\/\/www.monpackaging.com\/blog\/?s={search_term_string}\"},\"query-input\":\"required name=search_term_string\"}],\"inLanguage\":\"fr-FR\"},{\"@type\":\"Person\",\"@id\":\"https:\/\/www.monpackaging.com\/blog\/#\/schema\/person\/cd0f442d680b7c367570ea00bd3bdeb9\",\"name\":\"Fournisseur emballage\",\"image\":{\"@type\":\"ImageObject\",\"inLanguage\":\"fr-FR\",\"@id\":\"https:\/\/www.monpackaging.com\/blog\/#\/schema\/person\/image\/\",\"url\":\"https:\/\/secure.gravatar.com\/avatar\/78e73ee7008e12ace746474ea8339624?s=96&d=mm&r=g\",\"contentUrl\":\"https:\/\/secure.gravatar.com\/avatar\/78e73ee7008e12ace746474ea8339624?s=96&d=mm&r=g\",\"caption\":\"Fournisseur emballage\"}}]}<\/script>\r\n<!-- \/ Yoast SEO plugin. -->","yoast_head_json":{"title":"Un packaging pour cosm\u00e9tiques parfait en 12 inspirations cl\u00e9s !","description":"Zoom sur le packaging pour cosm\u00e9tiques et ses nombreuses id\u00e9es ! Plut\u00f4t minimalisme ou packaging connect\u00e9 ?","robots":{"index":"index","follow":"follow","max-snippet":"max-snippet:-1","max-image-preview":"max-image-preview:large","max-video-preview":"max-video-preview:-1"},"canonical":"https:\/\/www.monpackaging.com\/blog\/packaging-cosmetiques-parfait-inspirations-cles\/","og_locale":"fr_FR","og_type":"article","og_title":"Un packaging pour cosm\u00e9tiques parfait en 12 inspirations cl\u00e9s !","og_description":"Zoom sur le packaging pour cosm\u00e9tiques et ses nombreuses id\u00e9es ! Plut\u00f4t minimalisme ou packaging connect\u00e9 ?","og_url":"https:\/\/www.monpackaging.com\/blog\/packaging-cosmetiques-parfait-inspirations-cles\/","og_site_name":"Le Blog des experts de l&#039;emballage","article_publisher":"https:\/\/www.facebook.com\/monpackaging\/","article_published_time":"2020-12-16T07:30:25+00:00","article_modified_time":"2020-12-15T18:38:27+00:00","og_image":[{"width":1400,"height":500,"url":"https:\/\/www.monpackaging.com\/blog\/wp-content\/uploads\/2020\/12\/Un-packaging-pour-cosmetiques-parfait-en-12-inspirations-cles.jpg","type":"image\/jpeg"}],"author":"Fournisseur emballage","twitter_card":"summary_large_image","twitter_creator":"@MonPackaging","twitter_site":"@MonPackaging","twitter_misc":{"\u00c9crit par":"Fournisseur emballage","Dur\u00e9e de lecture estim\u00e9e":"12 minutes"},"schema":{"@context":"https:\/\/schema.org","@graph":[{"@type":"WebPage","@id":"https:\/\/www.monpackaging.com\/blog\/packaging-cosmetiques-parfait-inspirations-cles\/","url":"https:\/\/www.monpackaging.com\/blog\/packaging-cosmetiques-parfait-inspirations-cles\/","name":"Un packaging pour cosm\u00e9tiques parfait en 12 inspirations cl\u00e9s !","isPartOf":{"@id":"https:\/\/www.monpackaging.com\/blog\/#website"},"primaryImageOfPage":{"@id":"https:\/\/www.monpackaging.com\/blog\/packaging-cosmetiques-parfait-inspirations-cles\/#primaryimage"},"image":{"@id":"https:\/\/www.monpackaging.com\/blog\/packaging-cosmetiques-parfait-inspirations-cles\/#primaryimage"},"thumbnailUrl":"https:\/\/www.monpackaging.com\/blog\/wp-content\/uploads\/2020\/12\/Un-packaging-pour-cosmetiques-parfait-en-12-inspirations-cles.jpg","datePublished":"2020-12-16T07:30:25+00:00","dateModified":"2020-12-15T18:38:27+00:00","author":{"@id":"https:\/\/www.monpackaging.com\/blog\/#\/schema\/person\/cd0f442d680b7c367570ea00bd3bdeb9"},"description":"Zoom sur le packaging pour cosm\u00e9tiques et ses nombreuses id\u00e9es ! Plut\u00f4t minimalisme ou packaging connect\u00e9 ?","breadcrumb":{"@id":"https:\/\/www.monpackaging.com\/blog\/packaging-cosmetiques-parfait-inspirations-cles\/#breadcrumb"},"inLanguage":"fr-FR","potentialAction":[{"@type":"ReadAction","target":["https:\/\/www.monpackaging.com\/blog\/packaging-cosmetiques-parfait-inspirations-cles\/"]}]},{"@type":"ImageObject","inLanguage":"fr-FR","@id":"https:\/\/www.monpackaging.com\/blog\/packaging-cosmetiques-parfait-inspirations-cles\/#primaryimage","url":"https:\/\/www.monpackaging.com\/blog\/wp-content\/uploads\/2020\/12\/Un-packaging-pour-cosmetiques-parfait-en-12-inspirations-cles.jpg","contentUrl":"https:\/\/www.monpackaging.com\/blog\/wp-content\/uploads\/2020\/12\/Un-packaging-pour-cosmetiques-parfait-en-12-inspirations-cles.jpg","width":1400,"height":500,"caption":"Un packaging pour cosm\u00e9tiques parfait en 12 inspirations cl\u00e9s !"},{"@type":"BreadcrumbList","@id":"https:\/\/www.monpackaging.com\/blog\/packaging-cosmetiques-parfait-inspirations-cles\/#breadcrumb","itemListElement":[{"@type":"ListItem","position":1,"name":"Accueil","item":"https:\/\/www.monpackaging.com\/blog\/"},{"@type":"ListItem","position":2,"name":"Un packaging pour cosm\u00e9tiques parfait en 12 inspirations cl\u00e9s !"}]},{"@type":"WebSite","@id":"https:\/\/www.monpackaging.com\/blog\/#website","url":"https:\/\/www.monpackaging.com\/blog\/","name":"Le Blog des experts de l&#039;emballage","description":"","potentialAction":[{"@type":"SearchAction","target":{"@type":"EntryPoint","urlTemplate":"https:\/\/www.monpackaging.com\/blog\/?s={search_term_string}"},"query-input":"required name=search_term_string"}],"inLanguage":"fr-FR"},{"@type":"Person","@id":"https:\/\/www.monpackaging.com\/blog\/#\/schema\/person\/cd0f442d680b7c367570ea00bd3bdeb9","name":"Fournisseur emballage","image":{"@type":"ImageObject","inLanguage":"fr-FR","@id":"https:\/\/www.monpackaging.com\/blog\/#\/schema\/person\/image\/","url":"https:\/\/secure.gravatar.com\/avatar\/78e73ee7008e12ace746474ea8339624?s=96&d=mm&r=g","contentUrl":"https:\/\/secure.gravatar.com\/avatar\/78e73ee7008e12ace746474ea8339624?s=96&d=mm&r=g","caption":"Fournisseur emballage"}}]}},"_links":{"self":[{"href":"https:\/\/www.monpackaging.com\/blog\/wp-json\/wp\/v2\/posts\/1683"}],"collection":[{"href":"https:\/\/www.monpackaging.com\/blog\/wp-json\/wp\/v2\/posts"}],"about":[{"href":"https:\/\/www.monpackaging.com\/blog\/wp-json\/wp\/v2\/types\/post"}],"author":[{"embeddable":true,"href":"https:\/\/www.monpackaging.com\/blog\/wp-json\/wp\/v2\/users\/6"}],"replies":[{"embeddable":true,"href":"https:\/\/www.monpackaging.com\/blog\/wp-json\/wp\/v2\/comments?post=1683"}],"version-history":[{"count":16,"href":"https:\/\/www.monpackaging.com\/blog\/wp-json\/wp\/v2\/posts\/1683\/revisions"}],"predecessor-version":[{"id":1715,"href":"https:\/\/www.monpackaging.com\/blog\/wp-json\/wp\/v2\/posts\/1683\/revisions\/1715"}],"wp:featuredmedia":[{"embeddable":true,"href":"https:\/\/www.monpackaging.com\/blog\/wp-json\/wp\/v2\/media\/1713"}],"wp:attachment":[{"href":"https:\/\/www.monpackaging.com\/blog\/wp-json\/wp\/v2\/media?parent=1683"}],"wp:term":[{"taxonomy":"category","embeddable":true,"href":"https:\/\/www.monpackaging.com\/blog\/wp-json\/wp\/v2\/categories?post=1683"},{"taxonomy":"post_tag","embeddable":true,"href":"https:\/\/www.monpackaging.com\/blog\/wp-json\/wp\/v2\/tags?post=1683"}],"curies":[{"name":"wp","href":"https:\/\/api.w.org\/{rel}","templated":true}]}}