{"id":1371,"date":"2020-09-23T08:30:30","date_gmt":"2020-09-23T06:30:30","guid":{"rendered":"https:\/\/www.monpackaging.com\/blog\/?p=1371"},"modified":"2020-10-21T19:06:33","modified_gmt":"2020-10-21T17:06:33","slug":"emballages-sante-consommateur","status":"publish","type":"post","link":"https:\/\/www.monpackaging.com\/blog\/emballages-sante-consommateur\/","title":{"rendered":"Emballages et sant\u00e9 du consommateur"},"content":{"rendered":"<p style=\"text-align: justify;\"><span style=\"font-weight: 400;\">Les consommateurs se montrent de plus en plus m\u00e9fiants envers les produits qu&rsquo;ils ach\u00e8tent, on le sait. Vous-m\u00eame d\u00e9cortiquez-vous sans doute les \u00e9tiquettes avant d&rsquo;acheter et vous sentez-vous plus en confiance face \u00e0 la repr\u00e9sentation de certaines valeurs. <\/span><\/p>\n<p style=\"text-align: justify;\"><span style=\"font-weight: 400;\">On estime qu\u2019environ 84 % des consommateurs europ\u00e9ens craignent les produits chimiques potentiellement contenus dans les emballages. C\u2019est la raison pour laquelle certaines mati\u00e8res sont aujourd\u2019hui en sursis. Tandis que pour d&rsquo;autres, l\u2019avenir semble radieux sur la route du marketing. <\/span><\/p>\n<p style=\"text-align: justify;\"><span style=\"font-weight: 400;\">Quels sont justement ces emballages qui peuvent nuire \u00e0 la sant\u00e9 du consommateur ? Essayons d\u2019y voir un peu plus clair.<\/span><\/p>\n<p>&nbsp;<\/p>\n<h2><strong>Des failles dans les packaging ?<\/strong><\/h2>\n<p style=\"text-align: justify;\"><a href=\"https:\/\/www.monpackaging.com\/blog\/packaging-que-dit-la-legislation\/\"><span style=\"font-weight: 400;\">Une l\u00e9gislation stricte<\/span><\/a><span style=\"font-weight: 400;\"> entoure les packaging d&rsquo;aujourd&rsquo;hui. Il s&rsquo;agit notamment de limiter le risque de contamination tout en facilitant le transport mais sans alt\u00e9rer les caract\u00e9ristiques du produit. Le tout en limitant le suremballage, maintenant que la prise de conscience \u00e9cologique a mis en lumi\u00e8re <\/span><a href=\"https:\/\/www.monpackaging.com\/blog\/ecoconception-emballages-guide-pratique\/\"><span style=\"font-weight: 400;\">l&rsquo;\u00e9coconception<\/span><\/a><span style=\"font-weight: 400;\">.<\/span><\/p>\n<p style=\"text-align: justify;\"><span style=\"font-weight: 400;\">\u00a0Malgr\u00e9 tout, le recours \u00e0 des emballages n&rsquo;est pas sans risque pour la sant\u00e9. Dans <\/span><a href=\"https:\/\/www.monpackaging.com\/blog\/specificites-packaging-alimentaire\/\"><span style=\"font-weight: 400;\">le secteur alimentaire<\/span><\/a><span style=\"font-weight: 400;\"> notamment, bon nombre d&#8217;emballages sont en contact direct avec les aliments. Et pour aller encore un peu plus loin, il faudrait m\u00eame s&rsquo;int\u00e9resser \u00e0 la cha\u00eene de fabrication du produit dans son int\u00e9gralit\u00e9 puis \u00e0 l&rsquo;utilisation qui en sera faite.<\/span><\/p>\n<p style=\"text-align: justify;\"><span style=\"font-weight: 400;\">Cela comprends le mat\u00e9riel utilis\u00e9 dans les usines o\u00f9 ces aliments sont produits, mais aussi les ustensiles que nous utiliserons avant de les consommer.<\/span><\/p>\n<p>&nbsp;<\/p>\n<p style=\"text-align: justify;\"><span style=\"font-weight: 400;\">Nous nous limiterons ici aux seuls emballages. Il faut savoir que tous ne se valent pas en termes de risques. Si le verre reste le plus sain de tous, les autres mat\u00e9riaux soul\u00e8vent tout de m\u00eame quelques questions.<\/span><\/p>\n<p style=\"text-align: justify;\"><span style=\"font-weight: 400;\">Au c\u0153ur du d\u00e9bat, trois risques principaux :<\/span><\/p>\n<ul>\n<li style=\"font-weight: 400; text-align: justify;\"><b>La sorption<\/b><span style=\"font-weight: 400;\">, c\u2019est-\u00e0-dire l\u2019absorption de compos\u00e9s de l\u2019aliment par l\u2019emballage. Ce qui ne sera pas sans cons\u00e9quences sur les qualit\u00e9s nutritionnelles de l&rsquo;aliment.<\/span><\/li>\n<\/ul>\n<p>&nbsp;<\/p>\n<ul>\n<li style=\"font-weight: 400; text-align: justify;\"><b>La perm\u00e9ation<\/b><span style=\"font-weight: 400;\">, autrement dit la p\u00e9n\u00e9tration de certaines substances volatiles au c\u0153ur de l&rsquo;aliment.<\/span><\/li>\n<\/ul>\n<p>&nbsp;<\/p>\n<ul>\n<li style=\"font-weight: 400; text-align: justify;\"><span style=\"font-weight: 400;\">\u00a0Et enfin <\/span><b>la migration<\/b><span style=\"font-weight: 400;\">. Il s&rsquo;agit alors du transfert des diff\u00e9rents composants chimiques du mat\u00e9riau d&#8217;emballage. Certains pourront d\u2019ailleurs se r\u00e9v\u00e9ler extr\u00eamement toxiques.<\/span><\/li>\n<\/ul>\n<p>&nbsp;<\/p>\n<p><i><span style=\"font-weight: 400;\">La sant\u00e9 est, de tous les tr\u00e9sors, le plus pr\u00e9cieux et le plus mal gard\u00e9.<\/span><\/i><\/p>\n<p><b>Joseph Sanial-Dubay.<\/b><\/p>\n<p>&nbsp;<\/p>\n<h3><strong>Emballages en aluminium<\/strong><span style=\"font-weight: 400;\">\u00a0<\/span><\/h3>\n<p style=\"text-align: justify;\"><span style=\"font-weight: 400;\">Par le biais des produits du quotidien, notre exposition \u00e0 l&rsquo;aluminium a \u00e9t\u00e9 multipli\u00e9e par 30 depuis 1950, et devrait encore \u00eatre multipli\u00e9e par trois d&rsquo;ici \u00e0 2050.\u00a0<\/span><\/p>\n<p>&nbsp;<\/p>\n<figure id=\"attachment_1407\" aria-describedby=\"caption-attachment-1407\" style=\"width: 398px\" class=\"wp-caption aligncenter\"><img decoding=\"async\" loading=\"lazy\" class=\" wp-image-1407\" src=\"https:\/\/www.monpackaging.com\/blog\/wp-content\/uploads\/2020\/09\/Emballages-en-aluminium--300x193.jpg\" alt=\"Emballages en aluminium\u00a0\" width=\"398\" height=\"256\" srcset=\"https:\/\/www.monpackaging.com\/blog\/wp-content\/uploads\/2020\/09\/Emballages-en-aluminium--300x193.jpg 300w, https:\/\/www.monpackaging.com\/blog\/wp-content\/uploads\/2020\/09\/Emballages-en-aluminium--1024x657.jpg 1024w, https:\/\/www.monpackaging.com\/blog\/wp-content\/uploads\/2020\/09\/Emballages-en-aluminium--768x493.jpg 768w, https:\/\/www.monpackaging.com\/blog\/wp-content\/uploads\/2020\/09\/Emballages-en-aluminium-.jpg 1246w\" sizes=\"(max-width: 398px) 100vw, 398px\" \/><figcaption id=\"caption-attachment-1407\" class=\"wp-caption-text\">Emballages en aluminium<\/figcaption><\/figure>\n<p>&nbsp;<\/p>\n<p style=\"text-align: justify;\"><span style=\"font-weight: 400;\">Le probl\u00e8me, c&rsquo;est que les barquettes et emballages alimentaires en aluminium n&#8217;emp\u00eachent pas le transfert de fines particules dans les aliments. Notamment en cas d&rsquo;exposition \u00e0 la chaleur.\u00a0<\/span><\/p>\n<p style=\"text-align: justify;\"><span style=\"font-weight: 400;\">Arriv\u00e9es dans l&rsquo;organisme, une grande partie sera \u00e9limin\u00e9e via les selles. Mais une infime partie pourra trouver son chemin jusqu&rsquo;au sang, et \u00eatre ainsi transport\u00e9e vers les tissus.\u00a0<\/span><\/p>\n<p style=\"text-align: justify;\"><span style=\"font-weight: 400;\">On les retrouve alors \u00e0 l&rsquo;origine de l&rsquo;<strong>apparition ou de l&rsquo;amplification de nombreuses pathologies<\/strong>. Scl\u00e9rose en plaques, maladie d&rsquo;Alzheimer, \u00e9pilepsie mais aussi probl\u00e8mes de fertilit\u00e9.\u00a0<\/span><\/p>\n<p>&nbsp;<\/p>\n<h3><strong>Emballages en carton<\/strong><\/h3>\n<p style=\"text-align: justify;\"><span style=\"font-weight: 400;\">Consid\u00e9r\u00e9s comme plus s\u00e9curitaires que le plastique, le papier et le <\/span><a href=\"https:\/\/www.monpackaging.com\/blog\/ou-acheter-emballage-carton-cartonne\/\"><span style=\"font-weight: 400;\">carton<\/span><\/a><span style=\"font-weight: 400;\"> soul\u00e8vent \u00e9galement quelques questions. Bon nombre d&rsquo;entre eux contiennent en effet des huiles min\u00e9rales que l&rsquo;on retrouve dans les encres et les adh\u00e9sifs utilis\u00e9s.<\/span><\/p>\n<p>&nbsp;<\/p>\n<figure id=\"attachment_1397\" aria-describedby=\"caption-attachment-1397\" style=\"width: 488px\" class=\"wp-caption aligncenter\"><img decoding=\"async\" loading=\"lazy\" class=\" wp-image-1397\" src=\"https:\/\/www.monpackaging.com\/blog\/wp-content\/uploads\/2020\/09\/Emballages-en-carton-300x200.jpg\" alt=\"Emballages en carton\" width=\"488\" height=\"325\" srcset=\"https:\/\/www.monpackaging.com\/blog\/wp-content\/uploads\/2020\/09\/Emballages-en-carton-300x200.jpg 300w, https:\/\/www.monpackaging.com\/blog\/wp-content\/uploads\/2020\/09\/Emballages-en-carton-768x512.jpg 768w, https:\/\/www.monpackaging.com\/blog\/wp-content\/uploads\/2020\/09\/Emballages-en-carton.jpg 1000w\" sizes=\"(max-width: 488px) 100vw, 488px\" \/><figcaption id=\"caption-attachment-1397\" class=\"wp-caption-text\">Emballages en carton<\/figcaption><\/figure>\n<p>&nbsp;<\/p>\n<p style=\"text-align: justify;\"><span style=\"font-weight: 400;\"><strong>D\u00e9riv\u00e9s d&rsquo;hydrocarbures<\/strong>, celles-ci sont reconnues comme canc\u00e9rig\u00e8nes et peuvent \u00e9galement migrer vers les aliments.\u00a0<\/span><\/p>\n<p style=\"text-align: justify;\"><span style=\"font-weight: 400;\">Les <\/span><a href=\"https:\/\/www.monpackaging.com\/blog\/ecoconception-emballages-guide-pratique\/\"><span style=\"font-weight: 400;\">emballages recycl\u00e9s<\/span><\/a><span style=\"font-weight: 400;\"> pr\u00e9sentent d&rsquo;ailleurs un risque particuli\u00e8rement \u00e9lev\u00e9. La concentration d\u2019encres et d&rsquo;adh\u00e9sifs issus de pr\u00e9c\u00e9dents emballages peut \u00eatre beaucoup plus \u00e9lev\u00e9e.<\/span><\/p>\n<p>Pour \u00e9carter tout risque, <a href=\"https:\/\/www.monpackaging.com\/\">MonPackaging<\/a> a fait le choix d&rsquo;une vraie d\u00e9marche \u00e9cologique, bonne pour la sant\u00e9 et pour la plan\u00e8te.<\/p>\n<p>&nbsp;<\/p>\n<h3><strong>Emballages en verre<\/strong><\/h3>\n<p style=\"text-align: justify;\"><span style=\"font-weight: 400;\">Du sable, du calcaire, du carbonate de sodium. Le verre ne se compose que de trois mati\u00e8res premi\u00e8res\u00a0 naturelles.<\/span><\/p>\n<p>&nbsp;<\/p>\n<figure id=\"attachment_1400\" aria-describedby=\"caption-attachment-1400\" style=\"width: 390px\" class=\"wp-caption aligncenter\"><img decoding=\"async\" loading=\"lazy\" class=\" wp-image-1400\" src=\"https:\/\/www.monpackaging.com\/blog\/wp-content\/uploads\/2020\/09\/Emballages-en-verre-300x287.jpg\" alt=\"Emballages en verre\" width=\"390\" height=\"373\" srcset=\"https:\/\/www.monpackaging.com\/blog\/wp-content\/uploads\/2020\/09\/Emballages-en-verre-300x287.jpg 300w, https:\/\/www.monpackaging.com\/blog\/wp-content\/uploads\/2020\/09\/Emballages-en-verre-768x734.jpg 768w, https:\/\/www.monpackaging.com\/blog\/wp-content\/uploads\/2020\/09\/Emballages-en-verre.jpg 1000w\" sizes=\"(max-width: 390px) 100vw, 390px\" \/><figcaption id=\"caption-attachment-1400\" class=\"wp-caption-text\">Emballages en verre<\/figcaption><\/figure>\n<p>&nbsp;<\/p>\n<p style=\"text-align: justify;\"><span style=\"font-weight: 400;\">Reconnu pour \u00eatre l&rsquo;un des contenant les plus\u00a0 sains, il \u00e9vite \u00e0 la fois la migration de substances et la r\u00e9action en cas de chaleur ou d&rsquo;humidit\u00e9. Et puis le verre est aussi <strong>recyclable \u00e0 l&rsquo;infini<\/strong>, ce qui n&rsquo;est pas un argument n\u00e9gligeable.<\/span><\/p>\n<p>&nbsp;<\/p>\n<h3><strong>Emballages en plastique<\/strong><\/h3>\n<p style=\"text-align: justify;\"><span style=\"font-weight: 400;\">Sans surprise, les emballages en plastique posent de gros probl\u00e8mes sur la sant\u00e9. Compos\u00e9s de nombreuses substances nocives, ils n&#8217;emp\u00eachent en rien leur migration vers les aliments en particulier sous l&rsquo;effet de la chaleur et avec la dur\u00e9e.<\/span><\/p>\n<p style=\"text-align: justify;\"><span style=\"font-weight: 400;\">C&rsquo;est la raison pour laquelle on pr\u00e9f\u00e9rera conserver au frais les aliments emball\u00e9s dans du plastique. Et l&rsquo;on veillera \u00e0 les consommer rapidement.<\/span><\/p>\n<p>&nbsp;<\/p>\n<figure id=\"attachment_1402\" aria-describedby=\"caption-attachment-1402\" style=\"width: 452px\" class=\"wp-caption aligncenter\"><img decoding=\"async\" loading=\"lazy\" class=\" wp-image-1402\" src=\"https:\/\/www.monpackaging.com\/blog\/wp-content\/uploads\/2020\/09\/Emballages-en-plastique-300x200.jpg\" alt=\"Emballages en plastique\" width=\"452\" height=\"301\" srcset=\"https:\/\/www.monpackaging.com\/blog\/wp-content\/uploads\/2020\/09\/Emballages-en-plastique-300x200.jpg 300w, https:\/\/www.monpackaging.com\/blog\/wp-content\/uploads\/2020\/09\/Emballages-en-plastique-768x512.jpg 768w, https:\/\/www.monpackaging.com\/blog\/wp-content\/uploads\/2020\/09\/Emballages-en-plastique.jpg 1000w\" sizes=\"(max-width: 452px) 100vw, 452px\" \/><figcaption id=\"caption-attachment-1402\" class=\"wp-caption-text\">Emballages en plastique<\/figcaption><\/figure>\n<p>&nbsp;<\/p>\n<p style=\"text-align: justify;\"><span style=\"font-weight: 400;\">\u00c0 noter qu&rsquo;il existe de nombreuses sortes de plastique, toutes num\u00e9rot\u00e9es en fonction de leur dangerosit\u00e9.\u00a0<\/span><\/p>\n<p style=\"text-align: justify;\"><span style=\"font-weight: 400;\">Le <strong>poly\u00e9thyl\u00e8ne haute densit\u00e9<\/strong> que l&rsquo;on retrouve dans les bidons de lait par exemple fait partie des plus.sains. Sain mais pas inoffensif, puisque le nonylph\u00e9nol qu&rsquo;il contient est reconnu pour \u00eatre un perturbateur endocrinien.<\/span><\/p>\n<p style=\"text-align: justify;\"><span style=\"font-weight: 400;\">Le<strong> polychlorure de vinyle<\/strong> en revanche, utilis\u00e9 pour les fromages et les viandes, contient \u00e9galement des perturbateurs endocriniens capables de migrer en grande quantit\u00e9, l\u00e0 o\u00f9 les migrations ne sont qu&rsquo;infimes avec le poly\u00e9thyl\u00e8ne.<\/span> <span style=\"font-weight: 400;\"><\/p>\n<p><\/span><\/p>\n<h2><strong>Gare \u00e0 la migration de produits chimiques !<\/strong><\/h2>\n<p style=\"text-align: justify;\"><span style=\"font-weight: 400;\">Si les consommateurs se montrent de plus en plus inquiets face \u00e0 la possible migration de substances toxiques, c&rsquo;est que celles-ci se pr\u00e9sentent sous bon nombre de formes.\u00a0<\/span><\/p>\n<p style=\"text-align: justify;\"><span style=\"font-weight: 400;\"><strong>Phtalates<\/strong>, <strong>hydrocarbures<\/strong>, <strong>micro-plastiques<\/strong> ou <strong>bisph\u00e9nol A<\/strong>, on d\u00e9nombre en tout 175 composants chimiques impliqu\u00e9s dans la fabrication des emballages et pouvant \u00eatre potentiellement canc\u00e9rig\u00e8nes ou mutag\u00e8nes. Des substances utilis\u00e9es pour assouplir ou accro\u00eetre la r\u00e9sistance des emballages et qui p\u00e8sent lourd sur notre sant\u00e9.\u00a0<\/span><\/p>\n<p style=\"text-align: justify;\"><span style=\"font-weight: 400;\">21 d&rsquo;entre elles sont d&rsquo;ailleurs consid\u00e9r\u00e9es comme \u00e0 haut degr\u00e9 d&rsquo;inqui\u00e9tude.\u00a0<\/span><\/p>\n<p style=\"text-align: justify;\"><span style=\"font-weight: 400;\">Ce qui inqui\u00e8te particuli\u00e8rement, c&rsquo;est qu&rsquo;elles sont encore tr\u00e8s mal connues. On nous parle d&rsquo;ob\u00e9sit\u00e9, de cancer ou d&rsquo;infertilit\u00e9, mais les effets r\u00e9els, leur degr\u00e9 d&rsquo;importance et leur \u00e9volution sont encore entour\u00e9s de myst\u00e8re.<\/span><\/p>\n<p style=\"text-align: justify;\"><span style=\"font-weight: 400;\">Et les l\u00e9gislations ne font leur apparition qu\u2019au compte-goutte. Reconnues comme dangereuses \u00e0 la fois pour l&rsquo;organisme et l&rsquo;environnement, bon nombre de ces substances sont encore en circulation.<\/span><\/p>\n<p style=\"text-align: justify;\"><span style=\"font-weight: 400;\">Le <\/span><a href=\"https:\/\/www.ecologie.gouv.fr\/bisphenol#:~:text=Le%20BPA%20dans%20les%20contenants,de%20moins%20de%20trois%20ans.\"><span style=\"font-weight: 400;\">bisph\u00e9nol A<\/span><\/a><span style=\"font-weight: 400;\"> par exemple est un perturbateur endocrinien. Il d\u00e9r\u00e8gle les signaux hormonaux cl\u00e9s et impacte de nombreuses fonctions essentielles. \u00c0 l\u2019heure actuelle, la dose journali\u00e8re admissible a \u00e9t\u00e9 fix\u00e9e \u00e0 0,5 mg\/kg\/j\u00a0 pour le bisph\u00e9nol A. <\/span><\/p>\n<p style=\"text-align: justify;\"><span style=\"font-weight: 400;\">Un seuil r\u00e9guli\u00e8rement d\u00e9pass\u00e9 du fait de la migration des particules, d&rsquo;autant que le bisph\u00e9nol A est de plus en plus remplac\u00e9 par d&rsquo;autres substances jug\u00e9es moins toxiques tel que le bisph\u00e9nol B ou S, pouvant \u00eatre plus dangereuses encore.<\/span><\/p>\n<p>&nbsp;<\/p>\n<h2><strong>Qu\u2019est-ce que l\u2019effet cocktail des emballages ?<\/strong><\/h2>\n<p style=\"text-align: justify;\"><span style=\"font-weight: 400;\">L\u2019effet cocktail, ce sont ces<strong> r\u00e9actions chimiques<\/strong> entre les diff\u00e9rentes mol\u00e9cules d\u2019un emballage et d\u2019un aliment.\u00a0<\/span><\/p>\n<p style=\"text-align: justify;\"><span style=\"font-weight: 400;\">Pris de mani\u00e8re ind\u00e9pendante, chacun peut s\u2019av\u00e9rer non toxique. Mais les m\u00e9langes peuvent s\u2019av\u00e9rer particuli\u00e8rement dangereux, d\u2019autant qu\u2019ils sont tr\u00e8s difficiles \u00e0 analyser.\u00a0<\/span><\/p>\n<p style=\"text-align: justify;\"><span style=\"font-weight: 400;\">Pas \u00e9vident de reproduire chaque combinaison possible \u00e0 travers les \u00e9tudes !<\/span><\/p>\n<p>&nbsp;<\/p>\n<h2><strong>Emballages et sant\u00e9 : La question de l\u2019environnement\u00a0<\/strong><\/h2>\n<p style=\"text-align: justify;\"><span style=\"font-weight: 400;\">Et puis l\u2019on y pense pas toujours, mais l\u2019impact sant\u00e9 li\u00e9 \u00e0 la pollution de l\u2019environnement n\u2019est pas n\u00e9gligeable. Le plastique et les substances nocives pr\u00e9sentes dans les emballages trouveront globalement leur chemin jusque dans l\u2019air, les eaux et les sols.<\/span><\/p>\n<p style=\"text-align: justify;\"><span style=\"font-weight: 400;\"><strong>Absorb\u00e9s dans les milieux naturels<\/strong>, les polluants se retrouvent ainsi dans les fruits et les l\u00e9gumes mais aussi les animaux que nous consommons.\u00a0\u00a0<\/span><\/p>\n<p>&nbsp;<\/p>\n<figure id=\"attachment_1404\" aria-describedby=\"caption-attachment-1404\" style=\"width: 485px\" class=\"wp-caption aligncenter\"><img decoding=\"async\" loading=\"lazy\" class=\" wp-image-1404\" src=\"https:\/\/www.monpackaging.com\/blog\/wp-content\/uploads\/2020\/09\/La-question-de-lenvironnement--300x162.jpg\" alt=\"La question de l\u2019environnement\u00a0\" width=\"485\" height=\"262\" srcset=\"https:\/\/www.monpackaging.com\/blog\/wp-content\/uploads\/2020\/09\/La-question-de-lenvironnement--300x162.jpg 300w, https:\/\/www.monpackaging.com\/blog\/wp-content\/uploads\/2020\/09\/La-question-de-lenvironnement--768x415.jpg 768w, https:\/\/www.monpackaging.com\/blog\/wp-content\/uploads\/2020\/09\/La-question-de-lenvironnement-.jpg 1000w\" sizes=\"(max-width: 485px) 100vw, 485px\" \/><figcaption id=\"caption-attachment-1404\" class=\"wp-caption-text\">La question de l\u2019environnement<\/figcaption><\/figure>\n<p>&nbsp;<\/p>\n<p style=\"text-align: justify;\"><span style=\"font-weight: 400;\">Au point o\u00f9 en sont arriv\u00e9es les choses, nous ing\u00e9rons en moyenne l\u2019\u00e9quivalent du poids d\u2019une carte bleue de plastique chaque semaine !<\/span><\/p>\n<p>&nbsp;<\/p>\n<h2><strong>Des alternatives difficiles \u00e0 mettre en place<\/strong><\/h2>\n<p><span style=\"font-weight: 400;\">Puisque 90% des produits alimentaires vendus en supermarch\u00e9s sont aujourd\u2019hui conditionn\u00e9s, que peut-on faire ?<\/span><\/p>\n<p><span style=\"font-weight: 400;\">Pour proposer des emballages ne nuisant pas\u00a0 la sant\u00e9 du consommateur, la solution a \u00e9t\u00e9 rapidement trouv\u00e9e. <strong>Remplacer les substances nocives<\/strong> par d\u2019autres substances.<\/span><\/p>\n<p><span style=\"font-weight: 400;\">Le probl\u00e8me, c\u2019est que bon nombre de ces substances alternatives ne sont encore que tr\u00e8s peu connues.<\/span><\/p>\n<p><span style=\"font-weight: 400;\">Alors quoi, <strong>contr\u00f4ler la cha\u00eene de production<\/strong> du papier et du carton recycl\u00e9 ? Trop d\u00e9licat car il faudrait la passer en revue dans son int\u00e9gralit\u00e9.<\/span><\/p>\n<p><span style=\"font-weight: 400;\">Un travail de fourmis !<\/span><\/p>\n<p><span style=\"font-weight: 400;\">C\u2019est tout d\u2019abord au niveau des r\u00e9glementations qu\u2019il faudra mettre en place une vraie coh\u00e9rence. Un peu \u00e0 l\u2019image des directives <\/span><a href=\"https:\/\/substitution-phtalates.ineris.fr\/fr\/information-reglementaire\"><span style=\"font-weight: 400;\">li\u00e9es aux phtalates<\/span><\/a><span style=\"font-weight: 400;\">, eux aussi reconnus pour \u00eatre des perturbateurs endocriniens. Ou bien <a href=\"https:\/\/agriculture.gouv.fr\/egalim-ce-que-contient-la-loi-agriculture-et-alimentation\">la loi EGAlim<\/a> qui promet depuis 2018 une meilleure s\u00e9curit\u00e9 sanitaire.\u00a0<\/span><\/p>\n<p>Elle vise notamment \u00e0 interdire les contenants alimentaires de cuisson et \u00e0 bannir progressivement les ustensiles en plastique, parmi de nombreuses proposition. Entr\u00e9e en vigueur pr\u00e9vue entre 2020 et 2025.<\/p>\n<p>&nbsp;<\/p>\n<h2><strong>Quelles solutions sant\u00e9 pour le consommateur ?<\/strong><\/h2>\n<p style=\"text-align: justify;\"><span style=\"font-weight: 400;\">Beaucoup reste encore \u00e0 faire et le consommateur ne s\u2019en rend pas toujours compte pourtant, la s\u00e9curit\u00e9 sanitaire et nutritionnelle reste au c\u0153ur de toutes les innovations.\u00a0<\/span><\/p>\n<p>&nbsp;<\/p>\n<h3 style=\"text-align: justify;\"><span style=\"font-weight: 400;\"><strong>Plus d\u2019encadrement pour les fournisseurs ?<\/strong><\/span><\/h3>\n<p style=\"text-align: justify;\"><span style=\"font-weight: 400;\">Il y a une distinction entre la fabrication et la transformation.<\/span><\/p>\n<p style=\"text-align: justify;\"><span style=\"font-weight: 400;\">Pour plus de s\u00e9curit\u00e9, vous vous entourerez des fournisseurs capables de justifier une production respectueuse des r\u00e9glementations europ\u00e9ennes. Cela afin de r\u00e9pondre aux normes environnementales et aux exigences de sant\u00e9.<\/span><\/p>\n<p>&nbsp;<\/p>\n<h3 style=\"text-align: justify;\"><strong>Des process de production mieux contr\u00f4l\u00e9<\/strong><\/h3>\n<p style=\"text-align: justify;\"><span style=\"font-weight: 400;\">Cela pourra comprendre des b\u00e2timents construits selon la <\/span><a href=\"https:\/\/mediatheque.snbpe.org\/userfiles\/file\/mediatheque\/public\/CM-127_17-26.pdf\"><span style=\"font-weight: 400;\">d\u00e9marche HQE<\/span><\/a><span style=\"font-weight: 400;\">. Elle permet \u00e0 la fois de limiter la consommation \u00e9nerg\u00e9tique, d\u2019\u00e9viter les m\u00e9langes de mati\u00e8res et de ma\u00eetriser les impacts sur l\u2019environnement ext\u00e9rieur.<\/span><\/p>\n<p style=\"text-align: justify;\"><span style=\"font-weight: 400;\">Celui-ci sera \u00e9galement l\u2019objet de toutes les attentions. On contr\u00f4lera soigneusement les flux d\u2019entr\u00e9es et de sorties, cela afin de limiter la circulation des substances dangereuses et polluantes.<\/span><\/p>\n<blockquote>\n<p style=\"text-align: justify;\"><i><span style=\"font-weight: 400;\">R\u00e9solvez les probl\u00e8mes de gens qui parlent de vous, m\u00eame s\u2019ils ne s\u2019adressent pas \u00e0 vous.<\/span><\/i><\/p>\n<\/blockquote>\n<p style=\"text-align: justify;\"><b>Paul Brown.<\/b><\/p>\n<p>&nbsp;<\/p>\n<h3 style=\"text-align: justify;\"><strong>La progression du vrac<\/strong><\/h3>\n<p style=\"text-align: justify;\"><span style=\"font-weight: 400;\">Il se d\u00e9veloppe, et il n\u2019a pas fini de modifier les habitudes de consommation. De plus en plus pr\u00e9sent en grande surface et dans les enseignes sp\u00e9cialis\u00e9es, il permet \u00e0 la fois de limiter les emballages et de faire de belles <\/span><a href=\"https:\/\/www.monpackaging.com\/blog\/faire-economies-tangibles-packaging\/\"><span style=\"font-weight: 400;\">\u00e9conomies<\/span><\/a><span style=\"font-weight: 400;\">.<\/span><\/p>\n<p>&nbsp;<\/p>\n<figure id=\"attachment_1406\" aria-describedby=\"caption-attachment-1406\" style=\"width: 494px\" class=\"wp-caption aligncenter\"><img decoding=\"async\" loading=\"lazy\" class=\" wp-image-1406\" src=\"https:\/\/www.monpackaging.com\/blog\/wp-content\/uploads\/2020\/09\/rayon-vrac-300x201.jpg\" alt=\"rayon vrac\" width=\"494\" height=\"331\" srcset=\"https:\/\/www.monpackaging.com\/blog\/wp-content\/uploads\/2020\/09\/rayon-vrac-300x201.jpg 300w, https:\/\/www.monpackaging.com\/blog\/wp-content\/uploads\/2020\/09\/rayon-vrac-768x514.jpg 768w, https:\/\/www.monpackaging.com\/blog\/wp-content\/uploads\/2020\/09\/rayon-vrac.jpg 1000w\" sizes=\"(max-width: 494px) 100vw, 494px\" \/><figcaption id=\"caption-attachment-1406\" class=\"wp-caption-text\">rayon vrac<\/figcaption><\/figure>\n<p>&nbsp;<\/p>\n<p style=\"text-align: justify;\"><span style=\"font-weight: 400;\">Malgr\u00e9 tout, nous n\u2019y sommes pas encore tout \u00e0 fait.<\/span><\/p>\n<p style=\"text-align: justify;\"><span style=\"font-weight: 400;\">On compte \u00e0 l\u2019heure actuelle une quarantaine de r\u00e9glementations li\u00e9es aux produits emball\u00e9s. Six seulement ont vu le jour concernant le vrac.<\/span><\/p>\n<p style=\"text-align: justify;\"><span style=\"font-weight: 400;\">D\u2019autres directives devront se pencher sur certaines questions essentielles :<\/span><\/p>\n<ul style=\"text-align: justify;\">\n<li style=\"font-weight: 400;\"><span style=\"font-weight: 400;\">Comment rendre accessible la liste des ingr\u00e9dients ?<\/span><\/li>\n<li style=\"font-weight: 400;\"><span style=\"font-weight: 400;\">Comment proposer des conseils d\u2019utilisation ?<\/span><\/li>\n<li style=\"font-weight: 400;\"><span style=\"font-weight: 400;\">Quelles sont les contaminations potentielles en amont et en aval de la vente ?<\/span><\/li>\n<li style=\"font-weight: 400;\"><span style=\"font-weight: 400;\">Comment garantir la tra\u00e7abilit\u00e9 ?<\/span><\/li>\n<\/ul>\n<p style=\"text-align: justify;\">\u00a0<\/p>\n<p style=\"text-align: justify;\"><span style=\"font-weight: 400;\">Difficile en somme de se passer des emballages, mais toutes les r\u00e9flexions se concentrent aujourd\u2019hui sur la conception de nouvelles solutions plus responsables.<\/span><\/p>\n<p style=\"text-align: justify;\"><span style=\"font-weight: 400;\">M\u00eame le plastique fait de gros efforts pour lutter contre sa nature ! Le PET aide d\u00e9sormais au recyclage des bouteilles en plastique notamment.<\/span><\/p>\n<p style=\"text-align: justify;\"><span style=\"font-weight: 400;\">L\u2019am\u00e9lioration de l\u2019aspect sant\u00e9 des emballages est devenue un enjeu crucial qui ne pourra se faire que progressivement. Ne reste plus qu\u2019\u00e0 d\u00e9couvrir quelles seront <\/span><a href=\"https:\/\/www.monpackaging.com\/blog\/tendances-2020-packaging\/\"><span style=\"font-weight: 400;\">les grandes tendances<\/span><\/a><span style=\"font-weight: 400;\"> de demain !<\/span><\/p>\n","protected":false},"excerpt":{"rendered":"<p>Les consommateurs se montrent de plus en plus m\u00e9fiants envers les produits qu&rsquo;ils ach\u00e8tent, on le sait. Vous-m\u00eame d\u00e9cortiquez-vous sans doute les \u00e9tiquettes avant d&rsquo;acheter et vous sentez-vous plus en confiance face \u00e0 la repr\u00e9sentation de certaines valeurs. On estime qu\u2019environ 84 % des consommateurs europ\u00e9ens craignent les produits chimiques potentiellement contenus dans les emballages. [&hellip;]<\/p>\n","protected":false},"author":6,"featured_media":1409,"comment_status":"open","ping_status":"open","sticky":false,"template":"","format":"standard","meta":{"_editorskit_title_hidden":false,"_editorskit_reading_time":0,"_editorskit_is_block_options_detached":false,"_editorskit_block_options_position":"{}","footnotes":""},"categories":[2],"tags":[174,96,52,183],"yoast_head":"<!-- This site is optimized with the Yoast SEO plugin v22.6 - https:\/\/yoast.com\/wordpress\/plugins\/seo\/ -->\r\n<title>Emballages et sant\u00e9 du consommateur, comment les concilier ?<\/title>\r\n<meta name=\"description\" content=\"Les solutions innovantes se sont multipli\u00e9es pour proposer des emballages respectueux de la sant\u00e9. Malgr\u00e9 tout, beaucoup reste \u00e0 faire.\" \/>\r\n<meta name=\"robots\" content=\"index, follow, max-snippet:-1, max-image-preview:large, max-video-preview:-1\" \/>\r\n<link rel=\"canonical\" href=\"https:\/\/www.monpackaging.com\/blog\/emballages-sante-consommateur\/\" \/>\r\n<meta property=\"og:locale\" content=\"fr_FR\" \/>\r\n<meta property=\"og:type\" content=\"article\" \/>\r\n<meta property=\"og:title\" content=\"Emballages et sant\u00e9 du consommateur, comment les concilier ?\" \/>\r\n<meta property=\"og:description\" content=\"Les solutions innovantes se sont multipli\u00e9es pour proposer des emballages respectueux de la sant\u00e9. Malgr\u00e9 tout, beaucoup reste \u00e0 faire.\" \/>\r\n<meta property=\"og:url\" content=\"https:\/\/www.monpackaging.com\/blog\/emballages-sante-consommateur\/\" \/>\r\n<meta property=\"og:site_name\" content=\"Le Blog des experts de l&#039;emballage\" \/>\r\n<meta property=\"article:publisher\" content=\"https:\/\/www.facebook.com\/monpackaging\/\" \/>\r\n<meta property=\"article:published_time\" content=\"2020-09-23T06:30:30+00:00\" \/>\r\n<meta property=\"article:modified_time\" content=\"2020-10-21T17:06:33+00:00\" \/>\r\n<meta property=\"og:image\" content=\"https:\/\/www.monpackaging.com\/blog\/wp-content\/uploads\/2020\/09\/Emballages-et-sante-du-consommateur.jpg\" \/>\r\n\t<meta property=\"og:image:width\" content=\"1500\" \/>\r\n\t<meta property=\"og:image:height\" content=\"400\" \/>\r\n\t<meta property=\"og:image:type\" content=\"image\/jpeg\" \/>\r\n<meta name=\"author\" content=\"Fournisseur emballage\" \/>\r\n<meta name=\"twitter:card\" content=\"summary_large_image\" \/>\r\n<meta name=\"twitter:creator\" content=\"@MonPackaging\" \/>\r\n<meta name=\"twitter:site\" content=\"@MonPackaging\" \/>\r\n<meta name=\"twitter:label1\" content=\"\u00c9crit par\" \/>\n\t<meta name=\"twitter:data1\" content=\"Fournisseur emballage\" \/>\n\t<meta name=\"twitter:label2\" content=\"Dur\u00e9e de lecture estim\u00e9e\" \/>\n\t<meta name=\"twitter:data2\" content=\"10 minutes\" \/>\r\n<script type=\"application\/ld+json\" class=\"yoast-schema-graph\">{\"@context\":\"https:\/\/schema.org\",\"@graph\":[{\"@type\":\"WebPage\",\"@id\":\"https:\/\/www.monpackaging.com\/blog\/emballages-sante-consommateur\/\",\"url\":\"https:\/\/www.monpackaging.com\/blog\/emballages-sante-consommateur\/\",\"name\":\"Emballages et sant\u00e9 du consommateur, comment les concilier ?\",\"isPartOf\":{\"@id\":\"https:\/\/www.monpackaging.com\/blog\/#website\"},\"primaryImageOfPage\":{\"@id\":\"https:\/\/www.monpackaging.com\/blog\/emballages-sante-consommateur\/#primaryimage\"},\"image\":{\"@id\":\"https:\/\/www.monpackaging.com\/blog\/emballages-sante-consommateur\/#primaryimage\"},\"thumbnailUrl\":\"https:\/\/www.monpackaging.com\/blog\/wp-content\/uploads\/2020\/09\/Emballages-et-sante-du-consommateur.jpg\",\"datePublished\":\"2020-09-23T06:30:30+00:00\",\"dateModified\":\"2020-10-21T17:06:33+00:00\",\"author\":{\"@id\":\"https:\/\/www.monpackaging.com\/blog\/#\/schema\/person\/cd0f442d680b7c367570ea00bd3bdeb9\"},\"description\":\"Les solutions innovantes se sont multipli\u00e9es pour proposer des emballages respectueux de la sant\u00e9. Malgr\u00e9 tout, beaucoup reste \u00e0 faire.\",\"breadcrumb\":{\"@id\":\"https:\/\/www.monpackaging.com\/blog\/emballages-sante-consommateur\/#breadcrumb\"},\"inLanguage\":\"fr-FR\",\"potentialAction\":[{\"@type\":\"ReadAction\",\"target\":[\"https:\/\/www.monpackaging.com\/blog\/emballages-sante-consommateur\/\"]}]},{\"@type\":\"ImageObject\",\"inLanguage\":\"fr-FR\",\"@id\":\"https:\/\/www.monpackaging.com\/blog\/emballages-sante-consommateur\/#primaryimage\",\"url\":\"https:\/\/www.monpackaging.com\/blog\/wp-content\/uploads\/2020\/09\/Emballages-et-sante-du-consommateur.jpg\",\"contentUrl\":\"https:\/\/www.monpackaging.com\/blog\/wp-content\/uploads\/2020\/09\/Emballages-et-sante-du-consommateur.jpg\",\"width\":1500,\"height\":400,\"caption\":\"Emballages et sant\u00e9 du consommateur\"},{\"@type\":\"BreadcrumbList\",\"@id\":\"https:\/\/www.monpackaging.com\/blog\/emballages-sante-consommateur\/#breadcrumb\",\"itemListElement\":[{\"@type\":\"ListItem\",\"position\":1,\"name\":\"Accueil\",\"item\":\"https:\/\/www.monpackaging.com\/blog\/\"},{\"@type\":\"ListItem\",\"position\":2,\"name\":\"Emballages et sant\u00e9 du consommateur\"}]},{\"@type\":\"WebSite\",\"@id\":\"https:\/\/www.monpackaging.com\/blog\/#website\",\"url\":\"https:\/\/www.monpackaging.com\/blog\/\",\"name\":\"Le Blog des experts de l&#039;emballage\",\"description\":\"\",\"potentialAction\":[{\"@type\":\"SearchAction\",\"target\":{\"@type\":\"EntryPoint\",\"urlTemplate\":\"https:\/\/www.monpackaging.com\/blog\/?s={search_term_string}\"},\"query-input\":\"required name=search_term_string\"}],\"inLanguage\":\"fr-FR\"},{\"@type\":\"Person\",\"@id\":\"https:\/\/www.monpackaging.com\/blog\/#\/schema\/person\/cd0f442d680b7c367570ea00bd3bdeb9\",\"name\":\"Fournisseur emballage\",\"image\":{\"@type\":\"ImageObject\",\"inLanguage\":\"fr-FR\",\"@id\":\"https:\/\/www.monpackaging.com\/blog\/#\/schema\/person\/image\/\",\"url\":\"https:\/\/secure.gravatar.com\/avatar\/78e73ee7008e12ace746474ea8339624?s=96&d=mm&r=g\",\"contentUrl\":\"https:\/\/secure.gravatar.com\/avatar\/78e73ee7008e12ace746474ea8339624?s=96&d=mm&r=g\",\"caption\":\"Fournisseur emballage\"}}]}<\/script>\r\n<!-- \/ Yoast SEO plugin. -->","yoast_head_json":{"title":"Emballages et sant\u00e9 du consommateur, comment les concilier ?","description":"Les solutions innovantes se sont multipli\u00e9es pour proposer des emballages respectueux de la sant\u00e9. Malgr\u00e9 tout, beaucoup reste \u00e0 faire.","robots":{"index":"index","follow":"follow","max-snippet":"max-snippet:-1","max-image-preview":"max-image-preview:large","max-video-preview":"max-video-preview:-1"},"canonical":"https:\/\/www.monpackaging.com\/blog\/emballages-sante-consommateur\/","og_locale":"fr_FR","og_type":"article","og_title":"Emballages et sant\u00e9 du consommateur, comment les concilier ?","og_description":"Les solutions innovantes se sont multipli\u00e9es pour proposer des emballages respectueux de la sant\u00e9. Malgr\u00e9 tout, beaucoup reste \u00e0 faire.","og_url":"https:\/\/www.monpackaging.com\/blog\/emballages-sante-consommateur\/","og_site_name":"Le Blog des experts de l&#039;emballage","article_publisher":"https:\/\/www.facebook.com\/monpackaging\/","article_published_time":"2020-09-23T06:30:30+00:00","article_modified_time":"2020-10-21T17:06:33+00:00","og_image":[{"width":1500,"height":400,"url":"https:\/\/www.monpackaging.com\/blog\/wp-content\/uploads\/2020\/09\/Emballages-et-sante-du-consommateur.jpg","type":"image\/jpeg"}],"author":"Fournisseur emballage","twitter_card":"summary_large_image","twitter_creator":"@MonPackaging","twitter_site":"@MonPackaging","twitter_misc":{"\u00c9crit par":"Fournisseur emballage","Dur\u00e9e de lecture estim\u00e9e":"10 minutes"},"schema":{"@context":"https:\/\/schema.org","@graph":[{"@type":"WebPage","@id":"https:\/\/www.monpackaging.com\/blog\/emballages-sante-consommateur\/","url":"https:\/\/www.monpackaging.com\/blog\/emballages-sante-consommateur\/","name":"Emballages et sant\u00e9 du consommateur, comment les concilier ?","isPartOf":{"@id":"https:\/\/www.monpackaging.com\/blog\/#website"},"primaryImageOfPage":{"@id":"https:\/\/www.monpackaging.com\/blog\/emballages-sante-consommateur\/#primaryimage"},"image":{"@id":"https:\/\/www.monpackaging.com\/blog\/emballages-sante-consommateur\/#primaryimage"},"thumbnailUrl":"https:\/\/www.monpackaging.com\/blog\/wp-content\/uploads\/2020\/09\/Emballages-et-sante-du-consommateur.jpg","datePublished":"2020-09-23T06:30:30+00:00","dateModified":"2020-10-21T17:06:33+00:00","author":{"@id":"https:\/\/www.monpackaging.com\/blog\/#\/schema\/person\/cd0f442d680b7c367570ea00bd3bdeb9"},"description":"Les solutions innovantes se sont multipli\u00e9es pour proposer des emballages respectueux de la sant\u00e9. Malgr\u00e9 tout, beaucoup reste \u00e0 faire.","breadcrumb":{"@id":"https:\/\/www.monpackaging.com\/blog\/emballages-sante-consommateur\/#breadcrumb"},"inLanguage":"fr-FR","potentialAction":[{"@type":"ReadAction","target":["https:\/\/www.monpackaging.com\/blog\/emballages-sante-consommateur\/"]}]},{"@type":"ImageObject","inLanguage":"fr-FR","@id":"https:\/\/www.monpackaging.com\/blog\/emballages-sante-consommateur\/#primaryimage","url":"https:\/\/www.monpackaging.com\/blog\/wp-content\/uploads\/2020\/09\/Emballages-et-sante-du-consommateur.jpg","contentUrl":"https:\/\/www.monpackaging.com\/blog\/wp-content\/uploads\/2020\/09\/Emballages-et-sante-du-consommateur.jpg","width":1500,"height":400,"caption":"Emballages et sant\u00e9 du consommateur"},{"@type":"BreadcrumbList","@id":"https:\/\/www.monpackaging.com\/blog\/emballages-sante-consommateur\/#breadcrumb","itemListElement":[{"@type":"ListItem","position":1,"name":"Accueil","item":"https:\/\/www.monpackaging.com\/blog\/"},{"@type":"ListItem","position":2,"name":"Emballages et sant\u00e9 du consommateur"}]},{"@type":"WebSite","@id":"https:\/\/www.monpackaging.com\/blog\/#website","url":"https:\/\/www.monpackaging.com\/blog\/","name":"Le Blog des experts de l&#039;emballage","description":"","potentialAction":[{"@type":"SearchAction","target":{"@type":"EntryPoint","urlTemplate":"https:\/\/www.monpackaging.com\/blog\/?s={search_term_string}"},"query-input":"required name=search_term_string"}],"inLanguage":"fr-FR"},{"@type":"Person","@id":"https:\/\/www.monpackaging.com\/blog\/#\/schema\/person\/cd0f442d680b7c367570ea00bd3bdeb9","name":"Fournisseur emballage","image":{"@type":"ImageObject","inLanguage":"fr-FR","@id":"https:\/\/www.monpackaging.com\/blog\/#\/schema\/person\/image\/","url":"https:\/\/secure.gravatar.com\/avatar\/78e73ee7008e12ace746474ea8339624?s=96&d=mm&r=g","contentUrl":"https:\/\/secure.gravatar.com\/avatar\/78e73ee7008e12ace746474ea8339624?s=96&d=mm&r=g","caption":"Fournisseur emballage"}}]}},"_links":{"self":[{"href":"https:\/\/www.monpackaging.com\/blog\/wp-json\/wp\/v2\/posts\/1371"}],"collection":[{"href":"https:\/\/www.monpackaging.com\/blog\/wp-json\/wp\/v2\/posts"}],"about":[{"href":"https:\/\/www.monpackaging.com\/blog\/wp-json\/wp\/v2\/types\/post"}],"author":[{"embeddable":true,"href":"https:\/\/www.monpackaging.com\/blog\/wp-json\/wp\/v2\/users\/6"}],"replies":[{"embeddable":true,"href":"https:\/\/www.monpackaging.com\/blog\/wp-json\/wp\/v2\/comments?post=1371"}],"version-history":[{"count":13,"href":"https:\/\/www.monpackaging.com\/blog\/wp-json\/wp\/v2\/posts\/1371\/revisions"}],"predecessor-version":[{"id":1517,"href":"https:\/\/www.monpackaging.com\/blog\/wp-json\/wp\/v2\/posts\/1371\/revisions\/1517"}],"wp:featuredmedia":[{"embeddable":true,"href":"https:\/\/www.monpackaging.com\/blog\/wp-json\/wp\/v2\/media\/1409"}],"wp:attachment":[{"href":"https:\/\/www.monpackaging.com\/blog\/wp-json\/wp\/v2\/media?parent=1371"}],"wp:term":[{"taxonomy":"category","embeddable":true,"href":"https:\/\/www.monpackaging.com\/blog\/wp-json\/wp\/v2\/categories?post=1371"},{"taxonomy":"post_tag","embeddable":true,"href":"https:\/\/www.monpackaging.com\/blog\/wp-json\/wp\/v2\/tags?post=1371"}],"curies":[{"name":"wp","href":"https:\/\/api.w.org\/{rel}","templated":true}]}}