{"id":1001,"date":"2020-05-06T08:30:16","date_gmt":"2020-05-06T06:30:16","guid":{"rendered":"https:\/\/www.monpackaging.com\/blog\/?p=1001"},"modified":"2020-05-06T10:49:32","modified_gmt":"2020-05-06T08:49:32","slug":"conception-structurelle-emballage-comment-ca-marche","status":"publish","type":"post","link":"https:\/\/www.monpackaging.com\/blog\/conception-structurelle-emballage-comment-ca-marche\/","title":{"rendered":"Conception structurelle d&#8217;emballage, comment \u00e7a marche ?"},"content":{"rendered":"<p style=\"text-align: justify;\"><span style=\"font-weight: 400;\">L\u2019emballage en quelques mots, c\u2019est l\u2019enveloppe globale de votre produit et il lui faut d\u00e9sormais remplir une multitude de fonctions. Si l\u2019on constate que les clients \u00e9mettent des exigences de plus en plus pouss\u00e9es, ce sont aussi les contraintes tout au long de la cha\u00eene logistique qui se sont multipli\u00e9es ! Face \u00e0 l\u2019explosion des r\u00e9f\u00e9rences en magasin, la conception structurelle d\u2019emballage rev\u00eat de nombreux enjeux.<\/span><\/p>\n<p style=\"text-align: justify;\"><span style=\"font-weight: 400;\"> Entre co\u00fbt, contraintes et image de marque, comment s\u2019y retrouver ? Cr\u00e9ation de maquettes et production semblent aujourd\u2019hui \u00e9troitement li\u00e9es.<\/span><\/p>\n<p>&nbsp;<\/p>\n<h2>La conception structurelle d&#8217;emballage, qu&rsquo;est-ce que c&rsquo;est ?<\/h2>\n<p style=\"text-align: justify;\"><span style=\"font-weight: 400;\">Dans le secteur de l\u2019emballage, la conception structurelle s\u2019axe autour de plusieurs objectifs.<\/span><\/p>\n<p style=\"text-align: justify;\">\u00a0<\/p>\n<ul style=\"text-align: justify;\">\n<li><b>S\u00e9curit\u00e9 : <span style=\"font-weight: 400;\">elle doit \u00eatre pens\u00e9e de mani\u00e8re \u00e0 permettre aux diff\u00e9rents produits d\u2019arriver entiers et bien prot\u00e9g\u00e9s \u00e0 destination.<\/span><\/b><\/li>\n<\/ul>\n<ul>\n<li>Durabilit\u00e9 : <span style=\"font-weight: 400;\">qu\u2019il soit conserv\u00e9 ou non par le consommateur, l\u2019emballage doit offrir une durabilit\u00e9 minimum.<\/span><\/li>\n<\/ul>\n<ul>\n<li>R\u00e9sistance : <span style=\"font-weight: 400;\">face aux diff\u00e9rentes contraintes et pressions exerc\u00e9es.<\/span><\/li>\n<\/ul>\n<ul>\n<li>Stabilit\u00e9 : <span style=\"font-weight: 400;\">le produit doit \u00eatre parfaitement maintenu m\u00eame en cas de manipulation.<\/span><\/li>\n<\/ul>\n<p style=\"text-align: justify;\">\u00a0<\/p>\n<p style=\"text-align: justify;\"><span style=\"font-weight: 400;\">Plus concr\u00e8tement, la conception structurelle d\u2019emballage d\u00e9signera par exemple les formes tridimensionnelles int\u00e9gr\u00e9es aux bo\u00eetages. Les syst\u00e8mes d\u2019ouverture et de fermeture sp\u00e9ciaux, les modes de prises en main ou bien l\u2019int\u00e9gration de technologie dans les packaging intelligents.<\/span><\/p>\n<p>&nbsp;<\/p>\n<h3>Quelles missions pour le designer d&#8217;emballage structurel ?<\/h3>\n<p style=\"text-align: justify;\"><span style=\"font-weight: 400;\">En \u00e9troite collaboration avec les diff\u00e9rents d\u00e9partements de l\u2019entreprise, le designer d\u2019emballage structurel se voit confier la lourde t\u00e2che d\u2019\u00e9laborer des emballages respectant les crit\u00e8res de qualit\u00e9, de co\u00fbts et d\u2019originalit\u00e9 pr\u00e9alablement d\u00e9finis. Tour \u00e0 tour, cela inclura notamment :\u00a0<\/span><\/p>\n<ul>\n<li style=\"font-weight: 400; text-align: justify;\"><span style=\"font-weight: 400;\">\u00c9tudier la concurrence et tracer les premi\u00e8res \u00e9bauches.<\/span><\/li>\n<li style=\"font-weight: 400; text-align: justify;\"><span style=\"font-weight: 400;\">Int\u00e9grer la strat\u00e9gie marketing dans le <a href=\"https:\/\/www.monpackaging.com\/blog\/processus-fabrication-packaging\/\">processus de fabrication<\/a> du packaging.<\/span><\/li>\n<li style=\"font-weight: 400; text-align: justify;\"><span style=\"font-weight: 400;\">Se montrer cr\u00e9atif et innovant dans sa proposition.<\/span><\/li>\n<li style=\"font-weight: 400; text-align: justify;\"><span style=\"font-weight: 400;\">Soumettre des prototypes \u00e0 l\u2019approbation de l\u2019\u00e9quipe.<\/span><\/li>\n<li style=\"font-weight: 400; text-align: justify;\"><span style=\"font-weight: 400;\">Valider le projet et r\u00e9gler les probl\u00e8mes au fil de la production.<\/span><\/li>\n<\/ul>\n<p>&nbsp;<\/p>\n<h2>\u00c9laborer un concept<\/h2>\n<p style=\"text-align: justify;\"><span style=\"font-weight: 400;\">Pas facile de planifier la conception structurelle d\u2019emballage lorsqu\u2019il faut <strong>tenir compte des exigences de chacun<\/strong> !\u00a0<\/span><\/p>\n<p style=\"text-align: justify;\"><span style=\"font-weight: 400;\">Il y a les services Achats et Logistique qui cherchent \u00e0 optimiser au maximum les co\u00fbts. Le service Marketing qui souhaite plus que tout communiquer \u00e0 travers le packaging. Quant au service Production, il esp\u00e8re de la fluidit\u00e9 avant tout.\u00a0<\/span><\/p>\n<p>&nbsp;<\/p>\n<figure id=\"attachment_1006\" aria-describedby=\"caption-attachment-1006\" style=\"width: 563px\" class=\"wp-caption aligncenter\"><img decoding=\"async\" loading=\"lazy\" class=\" wp-image-1006\" src=\"https:\/\/www.monpackaging.com\/blog\/wp-content\/uploads\/2020\/05\/\u00c9laborer-un-concept-300x200.jpg\" alt=\"\u00c9laborer un concept\" width=\"563\" height=\"375\" srcset=\"https:\/\/www.monpackaging.com\/blog\/wp-content\/uploads\/2020\/05\/\u00c9laborer-un-concept-300x200.jpg 300w, https:\/\/www.monpackaging.com\/blog\/wp-content\/uploads\/2020\/05\/\u00c9laborer-un-concept-768x512.jpg 768w, https:\/\/www.monpackaging.com\/blog\/wp-content\/uploads\/2020\/05\/\u00c9laborer-un-concept.jpg 900w\" sizes=\"(max-width: 563px) 100vw, 563px\" \/><figcaption id=\"caption-attachment-1006\" class=\"wp-caption-text\">\u00c9laborer un concept<\/figcaption><\/figure>\n<p>&nbsp;<\/p>\n<p style=\"text-align: justify;\"><span style=\"font-weight: 400;\">S\u2019ajoutent aussi les envies des consommateurs, les innovations techniques ou la notion d&rsquo;<a href=\"https:\/\/www.monpackaging.com\/blog\/ecoconception-emballages-guide-pratique\/\">\u00e9coconception<\/a>. En prenant tout cela, qu\u2019est-ce qu\u2019on obtient ? Le meilleur emballage possible !<\/span><\/p>\n<p style=\"text-align: justify;\"><span style=\"font-weight: 400;\">\u00c0 noter que la conception structurelle se fera en lien tr\u00e8s \u00e9troit avec la cr\u00e9ation graphique.<\/span><\/p>\n<p>&nbsp;<\/p>\n<h3>D\u00e9terminer ses contraintes<\/h3>\n<p style=\"text-align: justify;\"><span style=\"font-weight: 400;\">Le produit, de par sa seule nature, ouvre une multitude de pistes de cr\u00e9ation et en ferme d\u2019autres. Avant m\u00eame de passer \u00e0 la conception structurelle de l\u2019emballage, il faudra alors <strong>tenir compte des caract\u00e9ristiques sp\u00e9cifiques<\/strong> de ce qui sera amen\u00e9 \u00e0 \u00eatre emball\u00e9.<\/span><\/p>\n<ul>\n<li style=\"text-align: justify;\"><span style=\"font-weight: 400;\">Le produit tient-il debout et peut-il supporter des charges ? <\/span><\/li>\n<li style=\"text-align: justify;\"><span style=\"font-weight: 400;\">Quel est son volume ? <\/span><\/li>\n<li style=\"text-align: justify;\"><span style=\"font-weight: 400;\">Quels seront les moyens de transport utilis\u00e9s ?\u00a0<\/span><\/li>\n<\/ul>\n<p style=\"text-align: justify;\"><span style=\"font-weight: 400;\">Les <a href=\"https:\/\/www.monpackaging.com\/blog\/creation-packaging-choix-strategiques\/\">choix strat\u00e9giques<\/a> commencent \u00e0 se dessiner.<\/span><\/p>\n<p>&nbsp;<\/p>\n<h3>Tenir compte du march\u00e9<\/h3>\n<p style=\"text-align: justify;\"><span style=\"font-weight: 400;\">Quel que soit le projet en cours, <strong>un<\/strong> <strong>rapide tour d\u2019horizon de ce que propose la concurrence<\/strong> s\u2019av\u00e9rera toujours utile. \u00c9tudiez ce qui se fait sur le moment, ce qui semble fonctionner ou au contraire, prenez exemple des erreurs de vos concurrents.<\/span><\/p>\n<p style=\"text-align: justify;\"><span style=\"font-weight: 400;\">Un excellent moyen de vous appuyer sur une base solide ! Partant de l\u00e0, c\u2019est \u00e0 vous de voir. S\u2019inscrire dans la continuit\u00e9 de ce qui se fait, ou proposer un emballage diam\u00e9tralement oppos\u00e9 ?<\/span><\/p>\n<p style=\"text-align: justify;\"><span style=\"font-weight: 400;\">Notez par exemple que le march\u00e9 de l\u2019emballage en carton repr\u00e9sente \u00e0 lui seul plus d\u2019un tiers de la fili\u00e8re mondiale de l\u2019emballage. Vaut-il alors mieux privil\u00e9gier le mat\u00e9riau phare ou miser sur la surprise du consommateur avec une <a href=\"https:\/\/www.monpackaging.com\/blog\/concevoir-proposition-packaging\/\">proposition packaging<\/a> diff\u00e9rente ?\u00a0<\/span><\/p>\n<p style=\"text-align: justify;\"><span style=\"font-weight: 400;\">Si possible, t\u00e2chez aussi de voir plus large. Un packaging de luxe en pr\u00e9vision ? Sortez de votre seul secteur pour \u00e9tudier plut\u00f4t le luxe dans son ensemble et grapiller \u00e7a et l\u00e0 les bonnes id\u00e9es \u00e0 int\u00e9grer \u00e0 votre future conception structurelle d\u2019emballage !\u00a0<\/span><\/p>\n<p>&nbsp;<\/p>\n<h3><strong>Choisir la taille de son emballage<\/strong><\/h3>\n<p style=\"text-align: justify;\"><span style=\"font-weight: 400;\">Un emballage trop grand, et le produit risque de se briser ou bien il vous faudra utiliser une impressionnante quantit\u00e9 de moyens de calage.\u00a0<\/span><\/p>\n<p style=\"text-align: justify;\"><span style=\"font-weight: 400;\">Un emballage trop petit, et le tout pourrait \u00e9clater durant le transport.<\/span><\/p>\n<p style=\"text-align: justify;\"><span style=\"font-weight: 400;\">S\u2019il est un aspect sur lequel il est difficile de laisser parler son imagination, c\u2019est bien celui-ci. L\u2019emballage, de ses premiers croquis \u00e0 sa r\u00e9alisation finale, doit <strong>rester au plus pr\u00e8s des dimensions de son contenu<\/strong>.<\/span><\/p>\n<p>&nbsp;<\/p>\n<h3><strong>Miser sur la bonne r\u00e9sistance<\/strong><\/h3>\n<p style=\"text-align: justify;\"><span style=\"font-weight: 400;\">Simple, double, triple cannelure pour votre carton, papier, plastique, tenez encore compte de la nature du produit et de son histoire pour vous arr\u00eater sur un mat\u00e9riau pr\u00e9cis.\u00a0<\/span><\/p>\n<p>&nbsp;<\/p>\n<figure id=\"attachment_1008\" aria-describedby=\"caption-attachment-1008\" style=\"width: 582px\" class=\"wp-caption aligncenter\"><img decoding=\"async\" loading=\"lazy\" class=\" wp-image-1008\" src=\"https:\/\/www.monpackaging.com\/blog\/wp-content\/uploads\/2020\/05\/citation_mp_Serge-Zeller-300x200.jpg\" alt=\"Quand la pens\u00e9e s'affirme en parole et se confirme par l'\u00e9crit, elle devient une id\u00e9e pour se r\u00e9aliser en projet.\" width=\"582\" height=\"388\" srcset=\"https:\/\/www.monpackaging.com\/blog\/wp-content\/uploads\/2020\/05\/citation_mp_Serge-Zeller-300x200.jpg 300w, https:\/\/www.monpackaging.com\/blog\/wp-content\/uploads\/2020\/05\/citation_mp_Serge-Zeller-768x512.jpg 768w, https:\/\/www.monpackaging.com\/blog\/wp-content\/uploads\/2020\/05\/citation_mp_Serge-Zeller.jpg 900w\" sizes=\"(max-width: 582px) 100vw, 582px\" \/><figcaption id=\"caption-attachment-1008\" class=\"wp-caption-text\">Quand la pens\u00e9e s&rsquo;affirme en parole et se confirme par l&rsquo;\u00e9crit, elle devient une id\u00e9e pour se r\u00e9aliser en projet.<\/figcaption><\/figure>\n<p>&nbsp;<\/p>\n<p style=\"text-align: justify;\"><span style=\"font-weight: 400;\">Globalement, vous souhaitez que votre emballage puisse \u00eatre :\u00a0<\/span><\/p>\n<p style=\"text-align: justify;\">\u00a0<\/p>\n<ul style=\"text-align: justify;\">\n<li><b>Empilable : <span style=\"font-weight: 400;\">pratique pour le stockage et pour la pr\u00e9sentation.<\/span><\/b><\/li>\n<\/ul>\n<ul>\n<li>Inclinable : <span style=\"font-weight: 400;\">indispensable pour la manipulation.<\/span><\/li>\n<\/ul>\n<ul>\n<li>R\u00e9sistant aux chocs et aux vibrations : <span style=\"font-weight: 400;\">pour des \u00e9tapes de transport en toute s\u00e9curit\u00e9.\u00a0<\/span><\/li>\n<\/ul>\n<p style=\"text-align: justify;\">\u00a0<\/p>\n<p style=\"text-align: justify;\"><span style=\"font-weight: 400;\">\u00c0 ce stade, les id\u00e9es sont plus ou moins organis\u00e9es et quelques premi\u00e8res esquisses d\u2019emballage ont fait leur apparition. Et si nous tentions de visualiser le r\u00e9sultat de mani\u00e8re plus concr\u00e8te ?<\/span><\/p>\n<blockquote>\n<p><em>Quand la pens\u00e9e s&rsquo;affirme en parole et se confirme par l&rsquo;\u00e9crit, elle devient une id\u00e9e pour se r\u00e9aliser en projet.<\/em><\/p>\n<\/blockquote>\n<p><strong>Serge Zeller.<\/strong><\/p>\n<p>&nbsp;<\/p>\n<h2>Passer de la 2D \u00e0 la 3D<\/h2>\n<p style=\"text-align: justify;\"><span style=\"font-weight: 400;\">Le passage de la 2D \u00e0 la 3D est une \u00e9tape fondamentale de toute conception structurelle d\u2019emballage. C\u2019est ici que se remarquent les petites incoh\u00e9rences qui vous avaient alors \u00e9chapp\u00e9.<\/span><\/p>\n<p style=\"text-align: justify;\"><span style=\"font-weight: 400;\">Il est tr\u00e8s fr\u00e9quent qu\u2019un <a href=\"https:\/\/www.monpackaging.com\/blog\/packaging-processus-design\/\">design<\/a> semble acceptable \u00e0 plat mais ne fonctionne plus en trois dimensions et vice versa. Ouvrez l\u2019\u0153il sur les possibles diff\u00e9rences !<\/span><\/p>\n<p>&nbsp;<\/p>\n<h3><strong>Choisir son logiciel CAO<\/strong><\/h3>\n<p style=\"text-align: justify;\"><span style=\"font-weight: 400;\">Impossible d\u2019envisager la conception structurelle d\u2019emballage sans un logiciel digne de ce nom !\u00a0<\/span><\/p>\n<p style=\"text-align: justify;\"><span style=\"font-weight: 400;\">Les <\/span><a href=\"https:\/\/www.monpackaging.com\/blog\/meilleurs-logiciels-conception-emballages\/\"><span style=\"font-weight: 400;\">meilleurs logiciels<\/span><\/a><span style=\"font-weight: 400;\"> payants s\u2019appellent ArtiosCAD ou Picador et vous permettront d\u2019int\u00e9grer une multitude de donn\u00e9es pour passer d\u2019une \u00e9bauche \u00e0 plat \u00e0 un projet en 3D. L\u2019occasion de repositionner les \u00e9l\u00e9ments graphiques, de repenser les proc\u00e9d\u00e9s d\u2019ouverture et d\u2019anticiper le mode de pr\u00e9sentation en magasin.\u00a0<\/span><\/p>\n<p style=\"text-align: justify;\"><span style=\"font-weight: 400;\">Si les dessins en deux dimensions sont essentiels \u00e0 la r\u00e9alisation d\u2019un prototype, la visualisation en trois dimensions permet la v\u00e9rification et la validation de la conception structurelle d\u2019emballage dans sa globalit\u00e9.<\/span><\/p>\n<p style=\"text-align: justify;\"><span style=\"font-weight: 400;\">\u00c0 noter qu\u2019il est aussi possible de s\u2019essayer gratuitement \u00e0 la <\/span><a href=\"https:\/\/www.monpackaging.com\/blog\/creation-packaging-en-ligne-gratuit-facile\/\"><span style=\"font-weight: 400;\">cr\u00e9ation de packaging<\/span><\/a><span style=\"font-weight: 400;\">. <\/span><a href=\"https:\/\/www.monpackaging.com\/\"><span style=\"font-weight: 400;\">MonPackaging<\/span><\/a><span style=\"font-weight: 400;\"> met justement \u00e0 votre disposition un logiciel de personnalisation simple et accessible, parfait pour <strong>\u00e9tudier en quelques clics la faisabilit\u00e9 de votre projet<\/strong> !<\/span><\/p>\n<p>&nbsp;<\/p>\n<h3><strong>Le double avantage de la 3D<\/strong><\/h3>\n<p style=\"text-align: justify;\"><span style=\"font-weight: 400;\">Pratique, innovante, incontournable, l\u2019utilisation de la 3D pr\u00e9sente deux avantages principaux.<\/span><\/p>\n<p style=\"text-align: justify;\"><span style=\"font-weight: 400;\">D\u2019une part, il y a l\u2019aspect cr\u00e9ation graphique. Les outils sont ici si nombreux que les id\u00e9es surgissent en les exp\u00e9rimentant !\u00a0<\/span><\/p>\n<p style=\"text-align: justify;\"><span style=\"font-weight: 400;\">Travaillez les textures, les couleurs, les reflets, et visualisez le tout sous des angles et des \u00e9clairages diff\u00e9rents comme si vous teniez le produit fini au creux de votre main alors qu\u2019il n\u2019existe pas encore !\u00a0<\/span><\/p>\n<p style=\"text-align: justify;\"><span style=\"font-weight: 400;\">Les secteurs de l\u2019a\u00e9ronautique ou de l\u2019automobile ont d\u2019ailleurs r\u00e9guli\u00e8rement recours \u00e0 cette technique, ce qui leur permet de pr\u00e9senter leurs futurs produits dans des publicit\u00e9s parfois plusieurs ann\u00e9es avant leur sortie effective.\u00a0<\/span><\/p>\n<p style=\"text-align: justify;\"><span style=\"font-weight: 400;\">D\u2019un autre c\u00f4t\u00e9, le recours \u00e0 la 3D constitue une source non n\u00e9gligeable d\u2019\u00e9conomies. Qu\u2019il s\u2019agisse de <\/span><a href=\"https:\/\/www.monpackaging.com\/blog\/comment-calculer-le-cout-dun-packaging-produit\/\"><span style=\"font-weight: 400;\">co\u00fbt<\/span><\/a><span style=\"font-weight: 400;\"> financier ou de gain de temps, <\/span><span style=\"font-weight: 400;\">cette \u00e9tape de votre conception structurelle d\u2019emballage sera d\u00e9finitivement celle qui vous <strong>aidera \u00e0 optimiser votre projet<\/strong> !<\/span><\/p>\n<p>&nbsp;<\/p>\n<h2>D\u00e9velopper un prototype<\/h2>\n<p style=\"text-align: justify;\"><span style=\"font-weight: 400;\">\u00c7a commence \u00e0 prendre forme mais la r\u00e9flexion n\u2019est pas encore tout \u00e0 fait termin\u00e9es ! De la 2D \u00e0 la 3D, votre conception structurelle d\u2019emballage prend d\u00e9sormais des allures de v\u00e9ritable prototype, id\u00e9al pour gommer les derni\u00e8res erreurs, exp\u00e9rimenter la prise en main et appr\u00e9cier les volumes.<\/span><\/p>\n<p style=\"text-align: justify;\"><span style=\"font-weight: 400;\">Le prototype laisse appara\u00eetre les rainures, les lignes de d\u00e9coupe, les fentes et les perforations \u00e9ventuelles pour <strong>permettre une exp\u00e9rience tr\u00e8s similaire \u00e0 ce que conna\u00eetra le consommateur<\/strong>.\u00a0<\/span><\/p>\n<p style=\"text-align: justify;\"><span style=\"font-weight: 400;\">Quelques plis et points de colle plus tard, le prototype ne demande plus qu\u2019\u00e0 \u00eatre valid\u00e9 !<\/span><\/p>\n<p>&nbsp;<\/p>\n<h3><strong>Innover avec l\u2019imprimante 3D<\/strong><\/h3>\n<p style=\"text-align: justify;\"><span style=\"font-weight: 400;\">Familiers avec l\u2019imprimante 3D ?<\/span><\/p>\n<p style=\"text-align: justify;\"><span style=\"font-weight: 400;\">Celle-ci s\u2019int\u00e8gre aujourd\u2019hui dans les processus cr\u00e9atifs de bien des entreprises o\u00f9 elle permet de r\u00e9duire jusqu\u2019\u00e0 85 % le cycle de production. Elle aide en effet \u00e0 r\u00e9aliser les prototypes bien plus rapidement et \u00e0 moindre co\u00fbt pour des d\u00e9lais de validation largement raccourcis !\u00a0<\/span><\/p>\n<p style=\"text-align: justify;\"><span style=\"font-weight: 400;\">Passer du design au prototype en quelques heures, c\u2019est d\u00e9sormais possible et certaines imprimantes autorisent m\u00eame l\u2019impression en diff\u00e9rents mat\u00e9riaux pour plus de flexibilit\u00e9. \u00c0 envisager sans h\u00e9siter !<\/span><\/p>\n<p>&nbsp;<\/p>\n<figure id=\"attachment_1010\" aria-describedby=\"caption-attachment-1010\" style=\"width: 596px\" class=\"wp-caption aligncenter\"><img decoding=\"async\" loading=\"lazy\" class=\" wp-image-1010\" src=\"https:\/\/www.monpackaging.com\/blog\/wp-content\/uploads\/2020\/05\/citation_mp_Roger-Fournier-300x169.jpg\" alt=\"L'imagination est la meilleure compagnie de transport au monde.\" width=\"596\" height=\"336\" srcset=\"https:\/\/www.monpackaging.com\/blog\/wp-content\/uploads\/2020\/05\/citation_mp_Roger-Fournier-300x169.jpg 300w, https:\/\/www.monpackaging.com\/blog\/wp-content\/uploads\/2020\/05\/citation_mp_Roger-Fournier-768x433.jpg 768w, https:\/\/www.monpackaging.com\/blog\/wp-content\/uploads\/2020\/05\/citation_mp_Roger-Fournier.jpg 900w\" sizes=\"(max-width: 596px) 100vw, 596px\" \/><figcaption id=\"caption-attachment-1010\" class=\"wp-caption-text\">L&rsquo;imagination est la meilleure compagnie de transport au monde.<\/figcaption><\/figure>\n<p>&nbsp;<\/p>\n<h3><strong>Contr\u00f4les et tests de transport<\/strong><\/h3>\n<p style=\"text-align: justify;\"><span style=\"font-weight: 400;\">Les normes internationales et de contr\u00f4le occupent une place fondamentale, tout particuli\u00e8rement dans le secteur de l\u2019emballage. Aucune erreur ne pourra subsister en cl\u00f4turant votre conception structurelle d\u2019emballage par une s\u00e9rie de tests soigneusement encadr\u00e9s !\u00a0<\/span><\/p>\n<p style=\"text-align: justify;\">\u00a0<\/p>\n<ul style=\"text-align: justify;\">\n<li><b>Contr\u00f4le du mat\u00e9riau : <span style=\"font-weight: 400;\">R\u00e9sistance au transport ou aux contraintes climatiques.<\/span><\/b><\/li>\n<\/ul>\n<ul>\n<li>Contr\u00f4le de l\u2019emballage : <span style=\"font-weight: 400;\">Tests de chute.<\/span><\/li>\n<\/ul>\n<ul>\n<li>Simulation de stockage.<\/li>\n<\/ul>\n<p style=\"text-align: justify;\">\u00a0<\/p>\n<p style=\"text-align: justify;\"><span style=\"font-weight: 400;\">Les contr\u00f4les sont \u00e0 d\u00e9finir de mani\u00e8re individuelle, en fonction de la nature de l\u2019emballage. De quoi obtenir des commentaires constructifs et mieux comprendre ce qu\u2019il reste \u00e9ventuellement \u00e0 am\u00e9liorer !<\/span><\/p>\n<blockquote>\n<p><em>L&rsquo;imagination est la meilleure compagnie de transport au monde.<\/em><\/p>\n<\/blockquote>\n<p><strong>Roger Fournier.<\/strong><\/p>\n<p>&nbsp;<\/p>\n<p style=\"text-align: justify;\"><span style=\"font-weight: 400;\">La conception structurelle d\u2019emballage n\u2019est pas un processus statique. Les nouveaux modes de commerce et de consommation la font \u00e9voluer sans cesse, pour toujours apposer \u00e0 votre proposition une vraie valeur ajout\u00e9e. Optimisation de la productivit\u00e9, am\u00e9lioration de l\u2019exp\u00e9rience client, prise de conscience environnementale, de quoi innover en permanence et faire r\u00e9guli\u00e8rement face \u00e0 de nouvelles probl\u00e9matiques ! <\/span><\/p>\n","protected":false},"excerpt":{"rendered":"<p>L\u2019emballage en quelques mots, c\u2019est l\u2019enveloppe globale de votre produit et il lui faut d\u00e9sormais remplir une multitude de fonctions. Si l\u2019on constate que les clients \u00e9mettent des exigences de plus en plus pouss\u00e9es, ce sont aussi les contraintes tout au long de la cha\u00eene logistique qui se sont multipli\u00e9es ! Face \u00e0 l\u2019explosion des [&hellip;]<\/p>\n","protected":false},"author":6,"featured_media":1004,"comment_status":"open","ping_status":"open","sticky":false,"template":"","format":"standard","meta":{"_editorskit_title_hidden":false,"_editorskit_reading_time":0,"_editorskit_is_block_options_detached":false,"_editorskit_block_options_position":"{}","footnotes":""},"categories":[2],"tags":[123,138,101,3,133,150,120,24],"yoast_head":"<!-- This site is optimized with the Yoast SEO plugin v22.6 - https:\/\/yoast.com\/wordpress\/plugins\/seo\/ -->\r\n<title>Conception structurelle d&#039;emballage, comment \u00e7a marche ?<\/title>\r\n<meta name=\"description\" content=\"La conception structurelle d&#039;emballage, une \u00e9tape incontournable de votre processus cr\u00e9atif ! En quoi cela consiste t-il et quelles en sont les \u00e9tapes ?\" \/>\r\n<meta name=\"robots\" content=\"index, follow, max-snippet:-1, max-image-preview:large, max-video-preview:-1\" \/>\r\n<link rel=\"canonical\" href=\"https:\/\/www.monpackaging.com\/blog\/conception-structurelle-emballage-comment-ca-marche\/\" \/>\r\n<meta property=\"og:locale\" content=\"fr_FR\" \/>\r\n<meta property=\"og:type\" content=\"article\" \/>\r\n<meta property=\"og:title\" content=\"Conception structurelle d&#039;emballage, comment \u00e7a marche ?\" \/>\r\n<meta property=\"og:description\" content=\"La conception structurelle d&#039;emballage, une \u00e9tape incontournable de votre processus cr\u00e9atif ! En quoi cela consiste t-il et quelles en sont les \u00e9tapes ?\" \/>\r\n<meta property=\"og:url\" content=\"https:\/\/www.monpackaging.com\/blog\/conception-structurelle-emballage-comment-ca-marche\/\" \/>\r\n<meta property=\"og:site_name\" content=\"Le Blog des experts de l&#039;emballage\" \/>\r\n<meta property=\"article:publisher\" content=\"https:\/\/www.facebook.com\/monpackaging\/\" \/>\r\n<meta property=\"article:published_time\" content=\"2020-05-06T06:30:16+00:00\" \/>\r\n<meta property=\"article:modified_time\" content=\"2020-05-06T08:49:32+00:00\" \/>\r\n<meta property=\"og:image\" content=\"https:\/\/www.monpackaging.com\/blog\/wp-content\/uploads\/2020\/05\/Conception-structurelle-demballage.jpg\" \/>\r\n\t<meta property=\"og:image:width\" content=\"1500\" \/>\r\n\t<meta property=\"og:image:height\" content=\"400\" \/>\r\n\t<meta property=\"og:image:type\" content=\"image\/jpeg\" \/>\r\n<meta name=\"author\" content=\"Fournisseur emballage\" \/>\r\n<meta name=\"twitter:card\" content=\"summary_large_image\" \/>\r\n<meta name=\"twitter:creator\" content=\"@MonPackaging\" \/>\r\n<meta name=\"twitter:site\" content=\"@MonPackaging\" \/>\r\n<meta name=\"twitter:label1\" content=\"\u00c9crit par\" \/>\n\t<meta name=\"twitter:data1\" content=\"Fournisseur emballage\" \/>\n\t<meta name=\"twitter:label2\" content=\"Dur\u00e9e de lecture estim\u00e9e\" \/>\n\t<meta name=\"twitter:data2\" content=\"9 minutes\" \/>\r\n<script type=\"application\/ld+json\" class=\"yoast-schema-graph\">{\"@context\":\"https:\/\/schema.org\",\"@graph\":[{\"@type\":\"WebPage\",\"@id\":\"https:\/\/www.monpackaging.com\/blog\/conception-structurelle-emballage-comment-ca-marche\/\",\"url\":\"https:\/\/www.monpackaging.com\/blog\/conception-structurelle-emballage-comment-ca-marche\/\",\"name\":\"Conception structurelle d'emballage, comment \u00e7a marche ?\",\"isPartOf\":{\"@id\":\"https:\/\/www.monpackaging.com\/blog\/#website\"},\"primaryImageOfPage\":{\"@id\":\"https:\/\/www.monpackaging.com\/blog\/conception-structurelle-emballage-comment-ca-marche\/#primaryimage\"},\"image\":{\"@id\":\"https:\/\/www.monpackaging.com\/blog\/conception-structurelle-emballage-comment-ca-marche\/#primaryimage\"},\"thumbnailUrl\":\"https:\/\/www.monpackaging.com\/blog\/wp-content\/uploads\/2020\/05\/Conception-structurelle-demballage.jpg\",\"datePublished\":\"2020-05-06T06:30:16+00:00\",\"dateModified\":\"2020-05-06T08:49:32+00:00\",\"author\":{\"@id\":\"https:\/\/www.monpackaging.com\/blog\/#\/schema\/person\/cd0f442d680b7c367570ea00bd3bdeb9\"},\"description\":\"La conception structurelle d'emballage, une \u00e9tape incontournable de votre processus cr\u00e9atif ! En quoi cela consiste t-il et quelles en sont les \u00e9tapes ?\",\"breadcrumb\":{\"@id\":\"https:\/\/www.monpackaging.com\/blog\/conception-structurelle-emballage-comment-ca-marche\/#breadcrumb\"},\"inLanguage\":\"fr-FR\",\"potentialAction\":[{\"@type\":\"ReadAction\",\"target\":[\"https:\/\/www.monpackaging.com\/blog\/conception-structurelle-emballage-comment-ca-marche\/\"]}]},{\"@type\":\"ImageObject\",\"inLanguage\":\"fr-FR\",\"@id\":\"https:\/\/www.monpackaging.com\/blog\/conception-structurelle-emballage-comment-ca-marche\/#primaryimage\",\"url\":\"https:\/\/www.monpackaging.com\/blog\/wp-content\/uploads\/2020\/05\/Conception-structurelle-demballage.jpg\",\"contentUrl\":\"https:\/\/www.monpackaging.com\/blog\/wp-content\/uploads\/2020\/05\/Conception-structurelle-demballage.jpg\",\"width\":1500,\"height\":400,\"caption\":\"Conception structurelle d'emballage\"},{\"@type\":\"BreadcrumbList\",\"@id\":\"https:\/\/www.monpackaging.com\/blog\/conception-structurelle-emballage-comment-ca-marche\/#breadcrumb\",\"itemListElement\":[{\"@type\":\"ListItem\",\"position\":1,\"name\":\"Accueil\",\"item\":\"https:\/\/www.monpackaging.com\/blog\/\"},{\"@type\":\"ListItem\",\"position\":2,\"name\":\"Conception structurelle d&#8217;emballage, comment \u00e7a marche ?\"}]},{\"@type\":\"WebSite\",\"@id\":\"https:\/\/www.monpackaging.com\/blog\/#website\",\"url\":\"https:\/\/www.monpackaging.com\/blog\/\",\"name\":\"Le Blog des experts de l&#039;emballage\",\"description\":\"\",\"potentialAction\":[{\"@type\":\"SearchAction\",\"target\":{\"@type\":\"EntryPoint\",\"urlTemplate\":\"https:\/\/www.monpackaging.com\/blog\/?s={search_term_string}\"},\"query-input\":\"required name=search_term_string\"}],\"inLanguage\":\"fr-FR\"},{\"@type\":\"Person\",\"@id\":\"https:\/\/www.monpackaging.com\/blog\/#\/schema\/person\/cd0f442d680b7c367570ea00bd3bdeb9\",\"name\":\"Fournisseur emballage\",\"image\":{\"@type\":\"ImageObject\",\"inLanguage\":\"fr-FR\",\"@id\":\"https:\/\/www.monpackaging.com\/blog\/#\/schema\/person\/image\/\",\"url\":\"https:\/\/secure.gravatar.com\/avatar\/78e73ee7008e12ace746474ea8339624?s=96&d=mm&r=g\",\"contentUrl\":\"https:\/\/secure.gravatar.com\/avatar\/78e73ee7008e12ace746474ea8339624?s=96&d=mm&r=g\",\"caption\":\"Fournisseur emballage\"}}]}<\/script>\r\n<!-- \/ Yoast SEO plugin. -->","yoast_head_json":{"title":"Conception structurelle d'emballage, comment \u00e7a marche ?","description":"La conception structurelle d'emballage, une \u00e9tape incontournable de votre processus cr\u00e9atif ! En quoi cela consiste t-il et quelles en sont les \u00e9tapes ?","robots":{"index":"index","follow":"follow","max-snippet":"max-snippet:-1","max-image-preview":"max-image-preview:large","max-video-preview":"max-video-preview:-1"},"canonical":"https:\/\/www.monpackaging.com\/blog\/conception-structurelle-emballage-comment-ca-marche\/","og_locale":"fr_FR","og_type":"article","og_title":"Conception structurelle d'emballage, comment \u00e7a marche ?","og_description":"La conception structurelle d'emballage, une \u00e9tape incontournable de votre processus cr\u00e9atif ! En quoi cela consiste t-il et quelles en sont les \u00e9tapes ?","og_url":"https:\/\/www.monpackaging.com\/blog\/conception-structurelle-emballage-comment-ca-marche\/","og_site_name":"Le Blog des experts de l&#039;emballage","article_publisher":"https:\/\/www.facebook.com\/monpackaging\/","article_published_time":"2020-05-06T06:30:16+00:00","article_modified_time":"2020-05-06T08:49:32+00:00","og_image":[{"width":1500,"height":400,"url":"https:\/\/www.monpackaging.com\/blog\/wp-content\/uploads\/2020\/05\/Conception-structurelle-demballage.jpg","type":"image\/jpeg"}],"author":"Fournisseur emballage","twitter_card":"summary_large_image","twitter_creator":"@MonPackaging","twitter_site":"@MonPackaging","twitter_misc":{"\u00c9crit par":"Fournisseur emballage","Dur\u00e9e de lecture estim\u00e9e":"9 minutes"},"schema":{"@context":"https:\/\/schema.org","@graph":[{"@type":"WebPage","@id":"https:\/\/www.monpackaging.com\/blog\/conception-structurelle-emballage-comment-ca-marche\/","url":"https:\/\/www.monpackaging.com\/blog\/conception-structurelle-emballage-comment-ca-marche\/","name":"Conception structurelle d'emballage, comment \u00e7a marche ?","isPartOf":{"@id":"https:\/\/www.monpackaging.com\/blog\/#website"},"primaryImageOfPage":{"@id":"https:\/\/www.monpackaging.com\/blog\/conception-structurelle-emballage-comment-ca-marche\/#primaryimage"},"image":{"@id":"https:\/\/www.monpackaging.com\/blog\/conception-structurelle-emballage-comment-ca-marche\/#primaryimage"},"thumbnailUrl":"https:\/\/www.monpackaging.com\/blog\/wp-content\/uploads\/2020\/05\/Conception-structurelle-demballage.jpg","datePublished":"2020-05-06T06:30:16+00:00","dateModified":"2020-05-06T08:49:32+00:00","author":{"@id":"https:\/\/www.monpackaging.com\/blog\/#\/schema\/person\/cd0f442d680b7c367570ea00bd3bdeb9"},"description":"La conception structurelle d'emballage, une \u00e9tape incontournable de votre processus cr\u00e9atif ! En quoi cela consiste t-il et quelles en sont les \u00e9tapes ?","breadcrumb":{"@id":"https:\/\/www.monpackaging.com\/blog\/conception-structurelle-emballage-comment-ca-marche\/#breadcrumb"},"inLanguage":"fr-FR","potentialAction":[{"@type":"ReadAction","target":["https:\/\/www.monpackaging.com\/blog\/conception-structurelle-emballage-comment-ca-marche\/"]}]},{"@type":"ImageObject","inLanguage":"fr-FR","@id":"https:\/\/www.monpackaging.com\/blog\/conception-structurelle-emballage-comment-ca-marche\/#primaryimage","url":"https:\/\/www.monpackaging.com\/blog\/wp-content\/uploads\/2020\/05\/Conception-structurelle-demballage.jpg","contentUrl":"https:\/\/www.monpackaging.com\/blog\/wp-content\/uploads\/2020\/05\/Conception-structurelle-demballage.jpg","width":1500,"height":400,"caption":"Conception structurelle d'emballage"},{"@type":"BreadcrumbList","@id":"https:\/\/www.monpackaging.com\/blog\/conception-structurelle-emballage-comment-ca-marche\/#breadcrumb","itemListElement":[{"@type":"ListItem","position":1,"name":"Accueil","item":"https:\/\/www.monpackaging.com\/blog\/"},{"@type":"ListItem","position":2,"name":"Conception structurelle d&#8217;emballage, comment \u00e7a marche ?"}]},{"@type":"WebSite","@id":"https:\/\/www.monpackaging.com\/blog\/#website","url":"https:\/\/www.monpackaging.com\/blog\/","name":"Le Blog des experts de l&#039;emballage","description":"","potentialAction":[{"@type":"SearchAction","target":{"@type":"EntryPoint","urlTemplate":"https:\/\/www.monpackaging.com\/blog\/?s={search_term_string}"},"query-input":"required name=search_term_string"}],"inLanguage":"fr-FR"},{"@type":"Person","@id":"https:\/\/www.monpackaging.com\/blog\/#\/schema\/person\/cd0f442d680b7c367570ea00bd3bdeb9","name":"Fournisseur emballage","image":{"@type":"ImageObject","inLanguage":"fr-FR","@id":"https:\/\/www.monpackaging.com\/blog\/#\/schema\/person\/image\/","url":"https:\/\/secure.gravatar.com\/avatar\/78e73ee7008e12ace746474ea8339624?s=96&d=mm&r=g","contentUrl":"https:\/\/secure.gravatar.com\/avatar\/78e73ee7008e12ace746474ea8339624?s=96&d=mm&r=g","caption":"Fournisseur emballage"}}]}},"_links":{"self":[{"href":"https:\/\/www.monpackaging.com\/blog\/wp-json\/wp\/v2\/posts\/1001"}],"collection":[{"href":"https:\/\/www.monpackaging.com\/blog\/wp-json\/wp\/v2\/posts"}],"about":[{"href":"https:\/\/www.monpackaging.com\/blog\/wp-json\/wp\/v2\/types\/post"}],"author":[{"embeddable":true,"href":"https:\/\/www.monpackaging.com\/blog\/wp-json\/wp\/v2\/users\/6"}],"replies":[{"embeddable":true,"href":"https:\/\/www.monpackaging.com\/blog\/wp-json\/wp\/v2\/comments?post=1001"}],"version-history":[{"count":7,"href":"https:\/\/www.monpackaging.com\/blog\/wp-json\/wp\/v2\/posts\/1001\/revisions"}],"predecessor-version":[{"id":1014,"href":"https:\/\/www.monpackaging.com\/blog\/wp-json\/wp\/v2\/posts\/1001\/revisions\/1014"}],"wp:featuredmedia":[{"embeddable":true,"href":"https:\/\/www.monpackaging.com\/blog\/wp-json\/wp\/v2\/media\/1004"}],"wp:attachment":[{"href":"https:\/\/www.monpackaging.com\/blog\/wp-json\/wp\/v2\/media?parent=1001"}],"wp:term":[{"taxonomy":"category","embeddable":true,"href":"https:\/\/www.monpackaging.com\/blog\/wp-json\/wp\/v2\/categories?post=1001"},{"taxonomy":"post_tag","embeddable":true,"href":"https:\/\/www.monpackaging.com\/blog\/wp-json\/wp\/v2\/tags?post=1001"}],"curies":[{"name":"wp","href":"https:\/\/api.w.org\/{rel}","templated":true}]}}